{"id":324510,"date":"2024-08-26T10:00:06","date_gmt":"2024-08-26T08:00:06","guid":{"rendered":"https:\/\/www.luxor.cz\/blog\/nezarazene\/64165-sest-centimetru-od-smrti\/"},"modified":"2024-08-26T10:00:06","modified_gmt":"2024-08-26T08:00:06","slug":"64165-sest-centimetru-od-smrti","status":"publish","type":"post","link":"https:\/\/www.luxor.cz\/blog\/recenze\/64165-sest-centimetru-od-smrti\/","title":{"rendered":"\u0160est centimetr\u016f od smrti"},"content":{"rendered":"<p style=\"font-weight: 400;\">Asa je drogov\u00fd dealer, kter\u00fd se s\u00a0ni\u010d\u00edm nemazl\u00ed a v\u017edy mus\u00ed b\u00fdt v\u0161e podle n\u011bj. To plat\u00ed i ve vztahu, a tak se jeho p\u0159\u00edtelkyn\u011b Sloan c\u00edt\u00ed v\u00edce jako jeho majetek ne\u017e partnerka. Kdy\u017e Sloan potk\u00e1 Cartera, zajisk\u0159\u00ed to mezi nimi. T\u00edm jsou v\u0161ak oba dva v\u00a0ohro\u017een\u00ed, proto\u017ee jestli se to dozv\u00ed Asa, tak je klidn\u011b i zabije\u2026<\/p>\n<p style=\"font-weight: 400;\">Hned v\u00a0\u00favodu t\u00e9to knihy se p\u0159\u00edmo od autorky dozv\u00edte, jak tento p\u0159\u00edb\u011bh vznikl a \u017ee tato kniha je jin\u00e1 ne\u017e jej\u00ed p\u0159edchoz\u00ed. Varuje, \u017ee je m\u00edsty a\u017e morbidn\u00ed a vulg\u00e1rn\u00ed, proto ne\u010dekejte \u017e\u00e1dn\u00fd lehk\u00fd romantick\u00fd p\u0159\u00edb\u011bh, ale p\u0159\u00edb\u011bh pln\u00fd akce a nap\u011bt\u00ed. Av\u0161ak sv\u016fj nezam\u011bniteln\u00fd otisk tu samoz\u0159ejm\u011b Colleen m\u00e1. Jej\u00ed knihy jsou v\u017edy propojen\u00edm romantiky a v\u00e1\u017en\u00fdch t\u00e9mat. To je i v\u00a0knize P\u0159\u00edli\u0161 pozd\u011b, jen v\u00a0pon\u011bkud drsn\u011bj\u0161\u00edm prost\u0159ed\u00ed.<\/p>\n<p style=\"font-weight: 400;\">Od prvn\u00edch str\u00e1nek se pono\u0159\u00edte do p\u0159\u00edb\u011bhu, kter\u00fd m\u00e1 vcelku ne\u010dekan\u00fd v\u00fdvoj. Ke konci jsem knihu nemohla odlo\u017eit, proto\u017ee jsem pot\u0159ebovala v\u011bd\u011bt, jak to cel\u00e9 dopadne. V\u00a0posledn\u00ed t\u0159etin\u011b jsem ani nedutala, ani nevn\u00edmala okol\u00ed a cht\u011bla u\u017e b\u00fdt na konci, abych si mohla vydechnout.<\/p>\n<p style=\"font-weight: 400;\">Mysl\u00edm, \u017ee a\u0165 Colleen Hoover nap\u00ed\u0161e jakoukoliv knihu, jak\u00fdkoliv \u017e\u00e1nr, jej\u00ed fanou\u0161ci, v\u010detn\u011b m\u011b, budou nad\u0161en\u00ed. M\u00e1 dar ps\u00e1t a jej\u00ed p\u0159\u00edb\u011bhy dok\u00e1\u017e\u00ed zas\u00e1hnout va\u0161e srdce i va\u0161i mysl.<\/p>\n<p style=\"font-weight: 400;\">\u00a0<\/p>\n<p style=\"font-weight: 400;\">\u00a0<\/p>\n<p style=\"font-weight: 400;\">Eva Francov\u00e1<\/p>\n<p>Autor:\u00a0Eva Francov\u00e1<\/p>\n","protected":false},"excerpt":{"rendered":"<p>Nov\u00e1 kniha od CoHo je jin\u00e1, ale p\u0159esto takov\u00e1, na jak\u00e9 jsme u n\u00ed zvykl\u00ed \u2013 neskute\u010dn\u011b \u010dtiv\u00e1, p\u0159\u00edb\u011bh v\u00e1s vt\u00e1hne a nepust\u00ed, dokud se nedostanete a\u017e na posledn\u00ed str\u00e1nku\u2026<\/p>\n","protected":false},"author":2,"featured_media":324511,"comment_status":"open","ping_status":"open","sticky":false,"template":"","format":"standard","meta":{"_acf_changed":false,"_monsterinsights_skip_tracking":false,"_monsterinsights_sitenote_active":false,"_monsterinsights_sitenote_note":"","_monsterinsights_sitenote_category":0,"_EventAllDay":false,"_EventTimezone":"","_EventStartDate":"","_EventEndDate":"","_EventStartDateUTC":"","_EventEndDateUTC":"","_EventShowMap":false,"_EventShowMapLink":false,"_EventURL":"","_EventCost":"","_EventCostDescription":"","_EventCurrencySymbol":"","_EventCurrencyCode":"","_EventCurrencyPosition":"","_EventDateTimeSeparator":"","_EventTimeRangeSeparator":"","_EventOrganizerID":[],"_EventVenueID":[],"_OrganizerEmail":"","_OrganizerPhone":"","_OrganizerWebsite":"","_VenueAddress":"","_VenueCity":"","_VenueCountry":"","_VenueProvince":"","_VenueState":"","_VenueZip":"","_VenuePhone":"","_VenueURL":"","_VenueStateProvince":"","_VenueLat":"","_VenueLng":"","_VenueShowMap":false,"_VenueShowMapLink":false,"twitterCardType":"","cardImageID":0,"cardImage":"","cardTitle":"","cardDesc":"","cardImageAlt":"","cardPlayer":"","cardPlayerWidth":0,"cardPlayerHeight":0,"cardPlayerStream":"","cardPlayerCodec":"","footnotes":""},"categories":[7],"tags":[21832],"class_list":["post-324510","post","type-post","status-publish","format-standard","has-post-thumbnail","hentry","category-recenze","tag-literarni-kavarna"],"acf":{"related_products":null},"_links":{"self":[{"href":"https:\/\/www.luxor.cz\/blog\/wp-json\/wp\/v2\/posts\/324510","targetHints":{"allow":["GET"]}}],"collection":[{"href":"https:\/\/www.luxor.cz\/blog\/wp-json\/wp\/v2\/posts"}],"about":[{"href":"https:\/\/www.luxor.cz\/blog\/wp-json\/wp\/v2\/types\/post"}],"author":[{"embeddable":true,"href":"https:\/\/www.luxor.cz\/blog\/wp-json\/wp\/v2\/users\/2"}],"replies":[{"embeddable":true,"href":"https:\/\/www.luxor.cz\/blog\/wp-json\/wp\/v2\/comments?post=324510"}],"version-history":[{"count":0,"href":"https:\/\/www.luxor.cz\/blog\/wp-json\/wp\/v2\/posts\/324510\/revisions"}],"wp:featuredmedia":[{"embeddable":true,"href":"https:\/\/www.luxor.cz\/blog\/wp-json\/wp\/v2\/media\/324511"}],"wp:attachment":[{"href":"https:\/\/www.luxor.cz\/blog\/wp-json\/wp\/v2\/media?parent=324510"}],"wp:term":[{"taxonomy":"category","embeddable":true,"href":"https:\/\/www.luxor.cz\/blog\/wp-json\/wp\/v2\/categories?post=324510"},{"taxonomy":"post_tag","embeddable":true,"href":"https:\/\/www.luxor.cz\/blog\/wp-json\/wp\/v2\/tags?post=324510"}],"curies":[{"name":"wp","href":"https:\/\/api.w.org\/{rel}","templated":true}]}}