{"id":324504,"date":"2024-08-30T10:00:15","date_gmt":"2024-08-30T08:00:15","guid":{"rendered":"https:\/\/www.luxor.cz\/blog\/nezarazene\/64167-zlo-ktere-neumira\/"},"modified":"2024-08-30T10:00:15","modified_gmt":"2024-08-30T08:00:15","slug":"64167-zlo-ktere-neumira","status":"publish","type":"post","link":"https:\/\/www.luxor.cz\/blog\/recenze\/64167-zlo-ktere-neumira\/","title":{"rendered":"Zlo, kter\u00e9 neum\u00edr\u00e1"},"content":{"rendered":"<p style=\"font-weight: 400;\">Michal je zn\u00e1m\u00fd influencer a r\u00e1d se pohybuje na m\u00edstech, kde se odehr\u00e1vaj\u00ed paranorm\u00e1ln\u00ed jevy. H\u0159bitovy \u010di tajemn\u00e9 domy jsou jeho obl\u00edben\u00fdmi m\u00edsty a st\u00e1le prahne po nov\u00e9 senzaci. Jednoho dne se dozv\u00edd\u00e1 \u0161okuj\u00edc\u00ed zpr\u00e1vu, \u017ee kn\u011bz z\u00a0jeho rodn\u00e9ho m\u011bsta skon\u010dil za m\u0159\u00ed\u017eemi za vra\u017edu, kter\u00e1 m\u00e1 kolem sebe mnoho nevyjasn\u011bn\u00fdch v\u011bc\u00ed. Michal to bere jako znamen\u00ed a rozhodne se o cel\u00fd p\u0159\u00edpad v\u00edce zaj\u00edmat a s\u00a0kn\u011bzem se sej\u00edt. Zji\u0161\u0165uje, \u017ee s\u00a0kn\u011bzem ho spojuje daleko v\u00edc, ne\u017e si myslel a n\u011bkter\u00e9 okolnosti vra\u017edy nejdou racion\u00e1ln\u011b vysv\u011btlit. Michal probouz\u00ed svoje d\u00e9mony z\u00a0minulosti a dost mo\u017en\u00e1 i zlo, kter\u00e9 zvl\u00e1dlo p\u0159e\u017e\u00edt n\u011bkolik desetilet\u00ed.<\/p>\n<p style=\"font-weight: 400;\">Jestli T\u0159i sekery dok\u00e1\u017eou n\u011b\u010d\u00edm zaujmout, je to rozhodn\u011b popis atmosf\u00e9ry a krajiny. Tohle jsou autor\u010diny siln\u00e9 str\u00e1nky. Jej\u00ed jazyk je poetick\u00fd, kv\u011btnat\u00fd a \u010dten\u00e1\u0159i dok\u00e1\u017ee p\u0159ibl\u00ed\u017eit i ty nejmen\u0161\u00ed detaily. \u010cten\u00e1\u0159 postupn\u011b odhaluje d\u011bj po kousc\u00edch, kter\u00e9 spolu zd\u00e1nliv\u011b nesouvis\u00ed, ale ke konci do sebe v\u0161e zapadne a utvo\u0159\u00ed bravurn\u00ed celek. Postavy nemaj\u00ed \u017e\u00e1dn\u00e9 super schopnosti a jsou popisov\u00e1ny bez p\u0159\u00edkras a se v\u0161emi chybami, a pr\u00e1v\u011b i proto v\u0161e p\u016fsob\u00ed naprosto uv\u011b\u0159iteln\u00e9.<\/p>\n<p style=\"font-weight: 400;\">T\u0159i sekery jsou kniha, kter\u00e1 bude pot\u0159ebovat va\u0161i pozornost a \u010das. Nen\u00ed to rychl\u00e9 \u010dten\u00ed na jeden ve\u010der. Ale v\u011b\u0159te, \u017ee nebude litovat ani jedin\u00e9 minuty v\u011bnovan\u00e9 t\u00e9to knize. \u00a0Krom\u011b hororu se zde \u0159e\u0161\u00ed i rodinn\u00e9 vztahy a napraven\u00ed star\u00fdch k\u0159ivd. Od autorky jsem \u010detla p\u0159edchoz\u00ed dv\u011b kn\u00ed\u017eky a mus\u00edm uznat, \u017ee T\u0159i sekery se mi l\u00edbily nejv\u00edc a p\u0159ijdou mi nejv\u00edce propracovan\u00e9.<\/p>\n<p style=\"font-weight: 400;\">\u00a0<\/p>\n<p style=\"font-weight: 400;\">\u00a0<\/p>\n<p style=\"font-weight: 400;\">Petra Pil\u00e1tov\u00e1 (@knihomolskydenik)<\/p>\n<p>Autor:\u00a0Petra Pil\u00e1tov\u00e1<\/p>\n","protected":false},"excerpt":{"rendered":"<p>Kate\u0159ina Surmanov\u00e1 se proslavila knihami \u0160epot z\u00a0lesa a Zved\u00e1 se v\u00edtr, horory odehr\u00e1vaj\u00edc\u00edmi se na \u00fazem\u00ed \u010cesk\u00e9 republiky. Jej\u00ed t\u0159et\u00ed kniha m\u00e1 b\u00fdt \u00fadajn\u011b nejv\u00edce d\u011bsiv\u00e1, je tomu skute\u010dn\u011b tak?<\/p>\n","protected":false},"author":2,"featured_media":324505,"comment_status":"open","ping_status":"open","sticky":false,"template":"","format":"standard","meta":{"_acf_changed":false,"_monsterinsights_skip_tracking":false,"_monsterinsights_sitenote_active":false,"_monsterinsights_sitenote_note":"","_monsterinsights_sitenote_category":0,"_EventAllDay":false,"_EventTimezone":"","_EventStartDate":"","_EventEndDate":"","_EventStartDateUTC":"","_EventEndDateUTC":"","_EventShowMap":false,"_EventShowMapLink":false,"_EventURL":"","_EventCost":"","_EventCostDescription":"","_EventCurrencySymbol":"","_EventCurrencyCode":"","_EventCurrencyPosition":"","_EventDateTimeSeparator":"","_EventTimeRangeSeparator":"","_EventOrganizerID":[],"_EventVenueID":[],"_OrganizerEmail":"","_OrganizerPhone":"","_OrganizerWebsite":"","_VenueAddress":"","_VenueCity":"","_VenueCountry":"","_VenueProvince":"","_VenueState":"","_VenueZip":"","_VenuePhone":"","_VenueURL":"","_VenueStateProvince":"","_VenueLat":"","_VenueLng":"","_VenueShowMap":false,"_VenueShowMapLink":false,"twitterCardType":"","cardImageID":0,"cardImage":"","cardTitle":"","cardDesc":"","cardImageAlt":"","cardPlayer":"","cardPlayerWidth":0,"cardPlayerHeight":0,"cardPlayerStream":"","cardPlayerCodec":"","footnotes":""},"categories":[7],"tags":[21832],"class_list":["post-324504","post","type-post","status-publish","format-standard","has-post-thumbnail","hentry","category-recenze","tag-literarni-kavarna"],"acf":{"related_products":null},"_links":{"self":[{"href":"https:\/\/www.luxor.cz\/blog\/wp-json\/wp\/v2\/posts\/324504","targetHints":{"allow":["GET"]}}],"collection":[{"href":"https:\/\/www.luxor.cz\/blog\/wp-json\/wp\/v2\/posts"}],"about":[{"href":"https:\/\/www.luxor.cz\/blog\/wp-json\/wp\/v2\/types\/post"}],"author":[{"embeddable":true,"href":"https:\/\/www.luxor.cz\/blog\/wp-json\/wp\/v2\/users\/2"}],"replies":[{"embeddable":true,"href":"https:\/\/www.luxor.cz\/blog\/wp-json\/wp\/v2\/comments?post=324504"}],"version-history":[{"count":0,"href":"https:\/\/www.luxor.cz\/blog\/wp-json\/wp\/v2\/posts\/324504\/revisions"}],"wp:featuredmedia":[{"embeddable":true,"href":"https:\/\/www.luxor.cz\/blog\/wp-json\/wp\/v2\/media\/324505"}],"wp:attachment":[{"href":"https:\/\/www.luxor.cz\/blog\/wp-json\/wp\/v2\/media?parent=324504"}],"wp:term":[{"taxonomy":"category","embeddable":true,"href":"https:\/\/www.luxor.cz\/blog\/wp-json\/wp\/v2\/categories?post=324504"},{"taxonomy":"post_tag","embeddable":true,"href":"https:\/\/www.luxor.cz\/blog\/wp-json\/wp\/v2\/tags?post=324504"}],"curies":[{"name":"wp","href":"https:\/\/api.w.org\/{rel}","templated":true}]}}