{"id":324500,"date":"2024-09-03T10:00:02","date_gmt":"2024-09-03T08:00:02","guid":{"rendered":"https:\/\/www.luxor.cz\/blog\/nezarazene\/64173-pred-kavou-byly-knihy\/"},"modified":"2024-09-03T10:00:02","modified_gmt":"2024-09-03T08:00:02","slug":"64173-pred-kavou-byly-knihy","status":"publish","type":"post","link":"https:\/\/www.luxor.cz\/blog\/recenze\/64173-pred-kavou-byly-knihy\/","title":{"rendered":"P\u0159ed k\u00e1vou byly knihy"},"content":{"rendered":"<p style=\"font-weight: 400;\">Viv je zde je\u0161t\u011b mladou orkyn\u00ed, je\u017e se nach\u00e1z\u00ed teprve na za\u010d\u00e1tku sv\u00e9 \u017eold\u00e1ck\u00e9 kari\u00e9ry. Je to jen p\u00e1r t\u00fddn\u016f, co se p\u0159idala k\u00a0Havran\u016fm, \u017eold\u00e1ck\u00e9 skupin\u011b veden\u00e9 zn\u00e1m\u00fdm trpasl\u00edkem Rakemem. Spole\u010dn\u011b se sna\u017e\u00ed porazit nebezpe\u010dnou nekromantku Varinu a jej\u00ed arm\u00e1du nemrtv\u00fdch. Nezdrav\u011b sebev\u011bdom\u00e1 Viv se nedr\u017e\u00ed skupiny, m\u00e1 pocit, \u017ee v\u0161e zvl\u00e1dne sama, co\u017e se j\u00ed vymst\u00ed. Utrp\u00ed v\u00e1\u017en\u00e9 zran\u011bn\u00ed prav\u00e9 nohy, kter\u00e9 skoro ukon\u010d\u00ed jej\u00ed \u017eivot.<\/p>\n<p style=\"font-weight: 400;\">Po n\u011bkolika dnech se probud\u00ed v\u00a0mal\u00e9m p\u0159\u00edstavn\u00edm m\u011bst\u011b \u0160er\u00e1ku, kam ji jej\u00ed druzi odvezli, zaplatili za jej\u00ed l\u00e9\u010den\u00ed a ubytov\u00e1n\u00ed s\u00a0t\u00edm, \u017ee se pro ni pozd\u011bji vr\u00e1t\u00ed, a\u017e se s\u00a0Varinou vypo\u0159\u00e1daj\u00ed. Viv, kter\u00e1 m\u016f\u017ee za pomoci berle sotva chodit, se m\u016f\u017ee v\u00a0\u0160er\u00e1ku ukousat nudou. Zpest\u0159en\u00ed se j\u00ed dostane ne\u010dekan\u00fdm sezn\u00e1men\u00edm s\u00a0m\u00edstn\u00ed knihkupkyn\u00ed krysa\u010dkou Fernou a jej\u00edm mazl\u00ed\u010dkem gryf\u00edkem. Ferna ji p\u0159esv\u011bd\u010d\u00ed, aby si v\u00a0jej\u00edm zatuchl\u00e9m, p\u00e1chnouc\u00edm a zapr\u00e1\u0161en\u00e9m obchod\u011b koupila knihu. Viv nen\u00ed \u017e\u00e1dn\u00e1 velk\u00e1 \u010dten\u00e1\u0159ka, ale proto\u017ee se opravdu nud\u00ed, nakonec n\u00e1tlaku podlehne. A stane se n\u011bco neuv\u011b\u0159iteln\u00e9ho. Ta kniha ji naprosto uchv\u00e1t\u00ed!<\/p>\n<p style=\"font-weight: 400;\">Viv postupn\u011b za\u010dne v\u00a0knihkupectv\u00ed tr\u00e1vit v\u011bt\u0161inu sv\u00e9ho \u010dasu a pom\u00e1hat Fern\u011b obch\u016fdek vylep\u0161it a p\u0159il\u00e1kat z\u00e1kazn\u00edky, aby jej nemusela zav\u0159\u00edt.<\/p>\n<p style=\"font-weight: 400;\">V\u00a0\u0160er\u00e1ku se tak\u00e9 ne\u010dekan\u011b sezn\u00e1m\u00ed s\u00a0gnomidou Gallinou. Pokud jste \u010detli prvn\u00ed d\u00edl, v\u00edte, o kom je \u0159e\u010d. Ta j\u00ed sice zpo\u010d\u00e1tku nepadne do oka, ale \u010dasem ty dv\u011b najdou spole\u010dnou \u0159e\u010d. Konkr\u00e9tn\u011b pot\u00e9, co pro\u017eij\u00ed noc ve v\u011bzen\u00ed kv\u016fli pouli\u010dn\u00ed rva\u010dce s\u00a0jist\u00fdm tajemn\u00fdm mu\u017eem.<\/p>\n<p style=\"font-weight: 400;\">Viv poznala, \u017ee ten mu\u017e pat\u0159il k\u00a0Varin\u011b. Co ale pohled\u00e1val v\u00a0zapad\u00e1kov\u011b, jako je \u0160er\u00e1k? A jak se mu poda\u0159ilo zmizet z\u00a0cely? Kdy\u017e je pozd\u011bji nalezen mrtv\u00fd, Viv s\u00a0Gallinou se rozhodnou zatajit arogantn\u00ed str\u00e1\u017ekyni br\u00e1ny Iridii n\u00e1lez jeho bra\u0161ny, aspo\u0148 dokud ji samy neprozkoumaj\u00ed. Uvnit\u0159 \u010dek\u00e1 p\u0159ekvapen\u00ed, kosti s\u00a0vyryt\u00fdmi magick\u00fdmi znaky, z\u00a0nich\u017e, pokud je popr\u00e1\u0161\u00ed kostn\u00edm prachem, se slo\u017e\u00ed homunkulus Kuf\u00edrek. Ten se r\u00e1d zapoj\u00ed do prac\u00ed v\u00a0obchod\u011b, ale o sv\u00e9 stvo\u0159itelce Varin\u011b jim nic prozradit nesm\u00ed. Viv tu\u0161\u00ed, \u017ee na \u0160er\u00e1k se \u017eene nebezpe\u010d\u00ed, jak\u00e9 m\u00edstn\u00ed dosud neza\u017eili.<\/p>\n<p style=\"font-weight: 400;\">Stejn\u011b jako p\u0159edchoz\u00ed d\u00edl, i tato kniha se skv\u011ble \u010dte. Na rozd\u00edl od <em>Legend a lat\u00e9\u010dek<\/em> je zde ov\u0161em pon\u011bkud hutn\u011bj\u0161\u00ed atmosf\u00e9ra a v\u0161e nen\u00ed tak zalit\u00e9 sluncem. Krachuj\u00edc\u00ed knihkupectv\u00ed, Vivina zran\u011bn\u00e1 noha, mrtv\u00fd Varinin nohsled, a hlavn\u011b neust\u00e1l\u00e1 hrozba arm\u00e1dy nemrtv\u00fdch dod\u00e1v\u00e1 tomuto m\u011bste\u010dku, kde pom\u011brn\u011b \u010dasto hust\u011b pr\u0161\u00ed, jist\u00fd pochmurn\u00fd punc. Rozhodn\u011b to ale nen\u00ed \u017e\u00e1dn\u00e1 deprese, po\u0159\u00e1d je to sp\u00ed\u0161e mil\u00e9 pohlazen\u00ed po du\u0161i.<\/p>\n<p style=\"font-weight: 400;\">Postavy jsou r\u016fznorod\u00e9 a z\u00e1bavn\u00e9. Viv je i p\u0159es svou velikost a dobrodru\u017enou povahu p\u0159edev\u0161\u00edm hodn\u00e1 holka. Ferna p\u0159edstavuje prav\u00fd opak krys\u00e1ka Knofl\u00ed\u010dka, kter\u00fd skoro nemluvil a v\u017edy byl velmi zdvo\u0159il\u00fd, je upov\u00eddan\u00e1, sprost\u011b kleje, ale z\u00e1rove\u0148 je tak\u00e9 dost nepraktick\u00e1. Gallina je zt\u0159e\u0161t\u011bn\u00e1 mlad\u00e1 bojovnice tou\u017e\u00edc\u00ed po uzn\u00e1n\u00ed, no a pak se objev\u00ed Kuf\u00edrek, kter\u00fd m\u011b svou \u00faslu\u017enost\u00ed a \u010dinorodost\u00ed naprosto odzbrojil. Kolorit postav pak dokresluje nap\u0159\u00edklad m\u00e1lomluvn\u00fd orksk\u00fd tesa\u0159 Pitts, jen\u017e v\u00a0sob\u011b objev\u00ed z\u00e1libu v\u00a0poezii, nebo v\u011b\u010dn\u011b nabrou\u0161en\u00fd elfsk\u00fd doktor Highlark. A prostor tu dostane i romantick\u00e1 linka Viv s\u00a0trpasli\u010d\u00ed peka\u0159kou Maylee.<\/p>\n<p style=\"font-weight: 400;\">Tahle kn\u00ed\u017eka se prost\u011b \u010dte sama. Jej\u00ed sv\u011bt je bl\u00e1zniv\u00fd, jedine\u010dn\u00fd, ale p\u0159itom d\u016fv\u011brn\u011b zn\u00e1m\u00fd. \u010cten\u00e1\u0159 m\u00e1 pocit, \u017ee podobn\u00fd p\u0159\u00edb\u011bh by se mohl odehr\u00e1t kdekoli na sv\u011bt\u011b, jen v\u00a0trochu jin\u00fdch kulis\u00e1ch, bez v\u0161ech t\u011bch fantasy propriet. Proto\u017ee tohle nen\u00ed p\u0159\u00edb\u011bh o magii a velk\u00fdch bitv\u00e1ch, o zachra\u0148ov\u00e1n\u00ed sv\u011bta a r\u016fzn\u00fdch fantastick\u00fdch bytostech. Ne, je to p\u0159\u00edb\u011bh o p\u0159\u00e1telstv\u00ed. O z\u00e1chran\u011b jednoho mal\u00e9ho, upadaj\u00edc\u00edho podniku. A hlavn\u011b o knih\u00e1ch. A to mus\u00ed ocenit ka\u017ed\u00fd knihomol.<\/p>\n<p style=\"font-weight: 400;\">\u00a0<\/p>\n<p style=\"font-weight: 400;\">\u00a0<\/p>\n<p style=\"font-weight: 400;\">Petra Kamlachov\u00e1<\/p>\n<p>Autor:\u00a0Petra Kamlachov\u00e1<\/p>\n","protected":false},"excerpt":{"rendered":"<p>Loni se stala senzac\u00ed fantasy Legendy &#038; lat\u00e9\u010dka. Ta nyn\u00ed p\u0159ich\u00e1z\u00ed s\u00a0prequelem Knihkupectv\u00ed a kostn\u00ed prach, v\u00a0n\u011bm\u017e se dozv\u00edme v\u00edce o Vivin\u011b ml\u00e1d\u00ed a o tom, kde se vzala jej\u00ed l\u00e1ska ke knih\u00e1m.<\/p>\n","protected":false},"author":2,"featured_media":324501,"comment_status":"open","ping_status":"open","sticky":false,"template":"","format":"standard","meta":{"_acf_changed":false,"_monsterinsights_skip_tracking":false,"_monsterinsights_sitenote_active":false,"_monsterinsights_sitenote_note":"","_monsterinsights_sitenote_category":0,"_EventAllDay":false,"_EventTimezone":"","_EventStartDate":"","_EventEndDate":"","_EventStartDateUTC":"","_EventEndDateUTC":"","_EventShowMap":false,"_EventShowMapLink":false,"_EventURL":"","_EventCost":"","_EventCostDescription":"","_EventCurrencySymbol":"","_EventCurrencyCode":"","_EventCurrencyPosition":"","_EventDateTimeSeparator":"","_EventTimeRangeSeparator":"","_EventOrganizerID":[],"_EventVenueID":[],"_OrganizerEmail":"","_OrganizerPhone":"","_OrganizerWebsite":"","_VenueAddress":"","_VenueCity":"","_VenueCountry":"","_VenueProvince":"","_VenueState":"","_VenueZip":"","_VenuePhone":"","_VenueURL":"","_VenueStateProvince":"","_VenueLat":"","_VenueLng":"","_VenueShowMap":false,"_VenueShowMapLink":false,"twitterCardType":"","cardImageID":0,"cardImage":"","cardTitle":"","cardDesc":"","cardImageAlt":"","cardPlayer":"","cardPlayerWidth":0,"cardPlayerHeight":0,"cardPlayerStream":"","cardPlayerCodec":"","footnotes":""},"categories":[7],"tags":[21832],"class_list":["post-324500","post","type-post","status-publish","format-standard","has-post-thumbnail","hentry","category-recenze","tag-literarni-kavarna"],"acf":{"related_products":null},"_links":{"self":[{"href":"https:\/\/www.luxor.cz\/blog\/wp-json\/wp\/v2\/posts\/324500","targetHints":{"allow":["GET"]}}],"collection":[{"href":"https:\/\/www.luxor.cz\/blog\/wp-json\/wp\/v2\/posts"}],"about":[{"href":"https:\/\/www.luxor.cz\/blog\/wp-json\/wp\/v2\/types\/post"}],"author":[{"embeddable":true,"href":"https:\/\/www.luxor.cz\/blog\/wp-json\/wp\/v2\/users\/2"}],"replies":[{"embeddable":true,"href":"https:\/\/www.luxor.cz\/blog\/wp-json\/wp\/v2\/comments?post=324500"}],"version-history":[{"count":0,"href":"https:\/\/www.luxor.cz\/blog\/wp-json\/wp\/v2\/posts\/324500\/revisions"}],"wp:featuredmedia":[{"embeddable":true,"href":"https:\/\/www.luxor.cz\/blog\/wp-json\/wp\/v2\/media\/324501"}],"wp:attachment":[{"href":"https:\/\/www.luxor.cz\/blog\/wp-json\/wp\/v2\/media?parent=324500"}],"wp:term":[{"taxonomy":"category","embeddable":true,"href":"https:\/\/www.luxor.cz\/blog\/wp-json\/wp\/v2\/categories?post=324500"},{"taxonomy":"post_tag","embeddable":true,"href":"https:\/\/www.luxor.cz\/blog\/wp-json\/wp\/v2\/tags?post=324500"}],"curies":[{"name":"wp","href":"https:\/\/api.w.org\/{rel}","templated":true}]}}