{"id":324498,"date":"2024-09-05T10:00:02","date_gmt":"2024-09-05T08:00:02","guid":{"rendered":"https:\/\/www.luxor.cz\/blog\/nezarazene\/64174-cim-si-ziska-neobycejna-anna-srdce-karla-iv\/"},"modified":"2024-09-05T10:00:02","modified_gmt":"2024-09-05T08:00:02","slug":"64174-cim-si-ziska-neobycejna-anna-srdce-karla-iv","status":"publish","type":"post","link":"https:\/\/www.luxor.cz\/blog\/recenze\/64174-cim-si-ziska-neobycejna-anna-srdce-karla-iv\/","title":{"rendered":"\u010c\u00edm si z\u00edsk\u00e1 neoby\u010dejn\u00e1 Anna srdce Karla IV.?"},"content":{"rendered":"<p style=\"font-weight: 400;\">O \u010desk\u00e9m kr\u00e1li a \u0159\u00edmsk\u00e9m c\u00edsa\u0159i Karlu IV. toho bylo naps\u00e1no u\u017e hodn\u011b. T\u00fdk\u00e1 se to i jeho neobvykl\u00e9ho rodinn\u00e9ho \u017eivota, kdy se stihl celkem \u010dty\u0159ikr\u00e1t o\u017eenit a jm\u00e9na v\u0161ech man\u017eelek i d\u011bt\u00ed jsou velmi dob\u0159e zn\u00e1m\u00e1. Spisovatelka Hana Whitton, autorka mnoha historick\u00fdch rom\u00e1n\u016f, se tentokr\u00e1t v\u011bnuje p\u0159\u00edb\u011bhu mladi\u010dk\u00e9 \u0161lechti\u010dny Anny Sv\u00eddnick\u00e9.<\/p>\n<p style=\"font-weight: 400;\">Anna p\u0159i\u0161la jako mal\u00e1 o oba rodi\u010de a byla vychov\u00e1na na Bud\u00edn\u011b, u sv\u00e9ho str\u00fdce uhersk\u00e9ho kr\u00e1le Ludv\u00edka I.\u00a0 O tom, \u017ee se vd\u00e1 do Prahy se p\u0159itom uva\u017eovalo u\u017e d\u0159\u00edv. \u010cesk\u00fd kr\u00e1l si ji toti\u017e vyhl\u00e9dl jako budouc\u00ed nev\u011bstu pro sv\u00e9ho mal\u00e9ho syna V\u00e1clava, proto\u017ee p\u0159edstavovala dobrou partii, kter\u00e1 slibovala p\u0159in\u00e9st \u010desk\u00e9 korun\u011b dal\u0161\u00ed v\u00fdznamn\u00e1 \u00fazem\u00ed: Sv\u00eddnicko, Javorsko a \u010d\u00e1st Lu\u017eice. Pot\u00e9, co mal\u00fd V\u00e1clav zem\u0159el v\u00a0necel\u00fdch dvou letech, a kr\u00e1tce po n\u011bm i druh\u00e1 man\u017eela Karla IV. Anna Falck\u00e1, za\u010dal se \u010desk\u00fd kr\u00e1l poohl\u00ed\u017eet po nov\u00e9 man\u017eelce, kter\u00e1 by mu porodila tolik o\u010dek\u00e1van\u00e9ho d\u011bdice.<\/p>\n<p style=\"font-weight: 400;\">Na radu sv\u00e9ho p\u0159\u00edtele arcibiskupa Balduina Trev\u00edrsk\u00e9ho se rozhodne pro s\u0148atek s\u00a0Annou Sv\u00eddnickou, kter\u00e1 je sice o v\u00edce ne\u017e 20 let mlad\u0161\u00ed, ale jej\u00ed v\u011bno je strategicky v\u00fdznamn\u00e9. Tehdy ani ne 15tilet\u00e1 d\u00edvka je na jednu stranu pot\u011b\u0161ena z\u00e1jmem mocn\u00e9ho mu\u017ee a kr\u00e1le, na druhou stranu ji mrz\u00ed, \u017ee nep\u0159ijel po\u017e\u00e1dat o jej\u00ed ruku p\u0159\u00edmo s\u00e1m a pos\u00edl\u00e1 jen z\u00e1snubn\u00ed dary. Nav\u00edc na Bud\u00edn\u011b se to hem\u017e\u00ed intrikami a zdaleka ne v\u0161ichni Ann\u011b jej\u00ed \u0161t\u011bst\u00ed p\u0159ej\u00ed.<\/p>\n<p style=\"font-weight: 400;\">Nicm\u00e9n\u011b mlad\u00e1 \u0161lechti\u010dna je bystr\u00e1 a velmi brzy pochop\u00ed, \u017ee b\u00fdt \u010deskou kr\u00e1lovnou p\u0159in\u00e1\u0161\u00ed i \u0159adu v\u00fdhod a privilegi\u00ed. Podle dochovan\u00fdch pramen\u016f byla Anna Sv\u00eddnick\u00e1 velmi kr\u00e1sn\u00e1, \u0159\u00edkalo se, \u017ee zd\u011bdila nadpozemsk\u00fd p\u016fvab polsk\u00fdch Piastoven, byla \u0161t\u00edhl\u00e1, vysok\u00e1 s\u00a0dlouh\u00fdmi hust\u00fdmi sv\u011btl\u00fdmi vlasy. Nav\u00edc byla pr\u00fd inteligentn\u00ed a na tehdej\u0161\u00ed dobu nadstandardn\u011b vzd\u011blan\u00e1, nebo\u0165 nejen \u017ee um\u011bla \u010d\u00edst a ps\u00e1t, ale mluvila i n\u011bkolika jazyky. Nap\u0159\u00edklad je prok\u00e1z\u00e1no, \u017ee si dopisovala s italsk\u00fdm spisovatelem a b\u00e1sn\u00edkem Francescem Petrarcou.<\/p>\n<p style=\"font-weight: 400;\">Anna je bezpochyby i v\u00a0takto mlad\u00e9m v\u011bku zaj\u00edmavou osobnost\u00ed, a tak nen\u00ed divu, \u017ee Karla IV. okouzl\u00ed hned p\u0159i prvn\u00edm setk\u00e1n\u00ed a on se do n\u00ed bezhlav\u011b zamiluje. Ani Anna nen\u00ed k\u00a0jeho cit\u016fm lhostejn\u00e1, a tak se mezi nimi zrod\u00ed l\u00e1ska. Ov\u0161em Karel se chce st\u00e1t \u0159\u00edmsk\u00fdm c\u00edsa\u0159em a je proto ochoten ud\u011blat cokoli, neust\u00e1le odj\u00ed\u017ed\u00ed do v\u0161ech kout\u016f Evropy vyjedn\u00e1vat a nech\u00e1v\u00e1 Annu samotnou.<\/p>\n<p style=\"font-weight: 400;\">Vydr\u017e\u00ed mlad\u00e1 kr\u00e1lovna dlouh\u00e1 odlou\u010den\u00ed a p\u0159ekon\u00e1 intriky pro tehdej\u0161\u00ed dvory typick\u00e9? Kniha sleduje nejen osud Anny Sv\u00eddnick\u00e9 a my\u0161lenkov\u00e9 pochody jej\u00ed a Karla IV., ale i n\u011bkolika dal\u0161\u00edch postav s\u00a0nimi spojen\u00fdch. P\u0159in\u00e1\u0161\u00ed zaj\u00edmav\u00fd pohled na vztah \u010desk\u00e9ho kr\u00e1le v\u00a0historick\u00fdch knih\u00e1ch sice popsan\u00fd, kter\u00fd byl ale napln\u011bn\u00fd l\u00e1skou, a nakonec se z\u00a0n\u011bj narodil i vytou\u017een\u00fd n\u00e1sledn\u00edk tr\u016fnu.<\/p>\n<p style=\"font-weight: 400;\">\u00a0<\/p>\n<p style=\"font-weight: 400;\">\u00a0<\/p>\n<p style=\"font-weight: 400;\">Zuzana Erbenov\u00e1<\/p>\n<p>Autor:\u00a0Zuzana Erbenov\u00e1<\/p>\n","protected":false},"excerpt":{"rendered":"<p>Anna Sv\u00eddnick\u00e1 byla kr\u00e1sn\u00e1 a inteligentn\u00ed a \u010desk\u00e9ho kr\u00e1le okouzlila b\u011bhem prvn\u00edho setk\u00e1n\u00ed. Jak\u00e1 ale byla tahle velk\u00e1 l\u00e1ska Karla IV.?<\/p>\n","protected":false},"author":2,"featured_media":324499,"comment_status":"open","ping_status":"open","sticky":false,"template":"","format":"standard","meta":{"_acf_changed":false,"_monsterinsights_skip_tracking":false,"_monsterinsights_sitenote_active":false,"_monsterinsights_sitenote_note":"","_monsterinsights_sitenote_category":0,"_EventAllDay":false,"_EventTimezone":"","_EventStartDate":"","_EventEndDate":"","_EventStartDateUTC":"","_EventEndDateUTC":"","_EventShowMap":false,"_EventShowMapLink":false,"_EventURL":"","_EventCost":"","_EventCostDescription":"","_EventCurrencySymbol":"","_EventCurrencyCode":"","_EventCurrencyPosition":"","_EventDateTimeSeparator":"","_EventTimeRangeSeparator":"","_EventOrganizerID":[],"_EventVenueID":[],"_OrganizerEmail":"","_OrganizerPhone":"","_OrganizerWebsite":"","_VenueAddress":"","_VenueCity":"","_VenueCountry":"","_VenueProvince":"","_VenueState":"","_VenueZip":"","_VenuePhone":"","_VenueURL":"","_VenueStateProvince":"","_VenueLat":"","_VenueLng":"","_VenueShowMap":false,"_VenueShowMapLink":false,"twitterCardType":"","cardImageID":0,"cardImage":"","cardTitle":"","cardDesc":"","cardImageAlt":"","cardPlayer":"","cardPlayerWidth":0,"cardPlayerHeight":0,"cardPlayerStream":"","cardPlayerCodec":"","footnotes":""},"categories":[7],"tags":[21832],"class_list":["post-324498","post","type-post","status-publish","format-standard","has-post-thumbnail","hentry","category-recenze","tag-literarni-kavarna"],"acf":{"related_products":null},"_links":{"self":[{"href":"https:\/\/www.luxor.cz\/blog\/wp-json\/wp\/v2\/posts\/324498","targetHints":{"allow":["GET"]}}],"collection":[{"href":"https:\/\/www.luxor.cz\/blog\/wp-json\/wp\/v2\/posts"}],"about":[{"href":"https:\/\/www.luxor.cz\/blog\/wp-json\/wp\/v2\/types\/post"}],"author":[{"embeddable":true,"href":"https:\/\/www.luxor.cz\/blog\/wp-json\/wp\/v2\/users\/2"}],"replies":[{"embeddable":true,"href":"https:\/\/www.luxor.cz\/blog\/wp-json\/wp\/v2\/comments?post=324498"}],"version-history":[{"count":0,"href":"https:\/\/www.luxor.cz\/blog\/wp-json\/wp\/v2\/posts\/324498\/revisions"}],"wp:featuredmedia":[{"embeddable":true,"href":"https:\/\/www.luxor.cz\/blog\/wp-json\/wp\/v2\/media\/324499"}],"wp:attachment":[{"href":"https:\/\/www.luxor.cz\/blog\/wp-json\/wp\/v2\/media?parent=324498"}],"wp:term":[{"taxonomy":"category","embeddable":true,"href":"https:\/\/www.luxor.cz\/blog\/wp-json\/wp\/v2\/categories?post=324498"},{"taxonomy":"post_tag","embeddable":true,"href":"https:\/\/www.luxor.cz\/blog\/wp-json\/wp\/v2\/tags?post=324498"}],"curies":[{"name":"wp","href":"https:\/\/api.w.org\/{rel}","templated":true}]}}