{"id":324496,"date":"2024-09-07T10:00:01","date_gmt":"2024-09-07T08:00:01","guid":{"rendered":"https:\/\/www.luxor.cz\/blog\/nezarazene\/64175-mela-bych-byt-normalni-stejna-jako-ostatni\/"},"modified":"2024-09-07T10:00:01","modified_gmt":"2024-09-07T08:00:01","slug":"64175-mela-bych-byt-normalni-stejna-jako-ostatni","status":"publish","type":"post","link":"https:\/\/www.luxor.cz\/blog\/recenze\/64175-mela-bych-byt-normalni-stejna-jako-ostatni\/","title":{"rendered":"M\u011bla bych b\u00fdt norm\u00e1ln\u00ed, stejn\u00e1 jako ostatn\u00ed"},"content":{"rendered":"<p style=\"font-weight: 400;\">Mus\u00ed b\u00fdt neskute\u010dn\u011b n\u00e1ro\u010dn\u00e9 m\u00edt se neust\u00e1le pod kontrolou. Ka\u017edou v\u011bc, kterou d\u011bl\u00e1te, ka\u017edou my\u0161lenku, kter\u00e1 v\u00e1m prob\u011bhne hlavou.<\/p>\n<p style=\"font-weight: 400;\">Samantha m\u00e1 obsedantn\u011b-kompulsivn\u00ed poruchu. Je to jej\u00ed tajemstv\u00ed a nikdo by se to nem\u011bl dozv\u011bd\u011bt. Pomoc a v\u00edra jej\u00ed matky, \u017ee se OCD d\u00e1 zvl\u00e1dnout, je a\u017e neuv\u011b\u0159iteln\u00e1. Jen d\u00edky d\u016fv\u011b\u0159e sv\u00e9 m\u00e1my m\u00e1 Sam nad\u011bji, \u017ee sv\u00e9 \u00fazkostn\u00e9 ataky zvl\u00e1dne.<\/p>\n<p style=\"font-weight: 400;\">Kdyby nebylo Samina tajemstv\u00ed, byla by zcela norm\u00e1ln\u00ed dosp\u00edvaj\u00edc\u00ed d\u00edvka. M\u00e1 svou partu kamar\u00e1dek, kon\u00ed\u010dky, miluje plav\u00e1n\u00ed a plave nav\u00edc i z\u00e1vodn\u011b, dokonce u\u017e i \u0159idi\u010dsk\u00fd pr\u016fkaz si zvl\u00e1dla ud\u011blat. Jak chcete ale zaparkovat, kdy\u017e nesm\u00edte, pokud tachometr neukazuje na sv\u00e9m konci \u010d\u00edslo t\u0159i? Zkr\u00e1tka budete jezdit tak dlouho dokola, dokud to na trojku nevyjde. Zd\u00e1 se to b\u00fdt velmi n\u00e1ro\u010dn\u00e9 a vy\u010derp\u00e1vaj\u00edc\u00ed.<\/p>\n<p style=\"font-weight: 400;\">Samantha nechce vypadat jako bl\u00e1zen, chce zapadnout mezi obl\u00edben\u00e9. Tou\u017e\u00ed po norm\u00e1lnosti, jednoduchosti, pocitu bezpe\u010d\u00ed a klidu a vzhledem k\u00a0jej\u00edmu v\u011bku, samoz\u0159ejm\u011b tak\u00e9 po vztahu. Co j\u00ed je to platn\u00e9, kdy\u017e se jej\u00ed nejlep\u0161\u00ed kamar\u00e1dky uk\u00e1\u017e\u00ed v\u00a0tom nejhor\u0161\u00edm sv\u011btle? To, \u010deho se tak dlouho dr\u017eela, se uk\u00e1zalo jako nejv\u00edc toxick\u00e9.<\/p>\n<p style=\"font-weight: 400;\">Ve chv\u00edli, kdy se j\u00ed jej\u00ed sv\u011bt za\u010dne ukazovat v\u00a0tom prav\u00e9m sv\u011btle, se objev\u00ed Caroline. Caroline je p\u0159esn\u00fd protip\u00f3l Samanthin\u00fdch kamar\u00e1dek. Nenal\u00ed\u010den\u00e1, pohodln\u00e9 oble\u010den\u00ed, zimn\u00ed \u010depice v\u00a0l\u00e9t\u011b? V\u00a0Kalifornii? Sam by j\u00ed tak r\u00e1da zm\u011bnila, upravila, vylep\u0161ila. Brzy v\u0161ak zjist\u00ed, \u017ee v\u00a0Caroline na\u0161la v\u00edc ne\u017e jen oby\u010dejnou kamar\u00e1dku. Zavede j\u00ed tam, kam maj\u00ed ostatn\u00ed p\u0159istup zapov\u011bzen\u00fd. Na m\u00edsto, o kter\u00e9m nikdo dal\u0161\u00ed nesm\u00ed v\u011bd\u011bt. Pouze vyvolen\u00ed. T\u00edm ale Samantha nen\u00ed.<\/p>\n<p style=\"font-weight: 400;\">A pak je tam on! Samantha m\u00e1 pocit, \u017ee ji \u00famysln\u011b ignoruje. Mo\u017en\u00e1 j\u00ed dokonce nesn\u00e1\u0161\u00ed. Nechce se s\u00a0n\u00ed bavit. Ale pro\u010d?<\/p>\n<p style=\"font-weight: 400;\">Tamara Ireland Stoneov\u00e1, autorka knihy M\u00e1 posledn\u00ed slova, v\u011bd\u011bla naprosto p\u0159esn\u011b, jak knihu napsat. Zkr\u00e1tka si knihu mus\u00edte p\u0159e\u010d\u00edst, a to do posledn\u00edho slova. Nejedn\u00e1 se v\u0161ak o prvotinu autorky ze San Franciska. Velk\u00e9ho \u00fasp\u011bchu dos\u00e1hla ji\u017e se svou knihou \u010cas mezi n\u00e1mi.<\/p>\n<p style=\"font-weight: 400;\">Bylo by dobr\u00e9, kdyby si knihu p\u0159e\u010detl ka\u017ed\u00fd, kdo obsedantn\u011b-kompulzivn\u00ed poruchou trp\u00ed, ale i ti, kte\u0159\u00ed maj\u00ed to \u0161t\u011bst\u00ed a do t\u00e9to chv\u00edle nem\u011bli tu\u0161en\u00ed, jak se lid\u00e9 s\u00a0OCD c\u00edt\u00ed. Mo\u017en\u00e1 se jim tak poda\u0159\u00ed, l\u00e9pe se vc\u00edtit do \u017eivota t\u011bch, kte\u0159\u00ed ka\u017edodenn\u011b mus\u00ed p\u0159em\u00e1hat sebe sama, aby mohli d\u011blat, tak jako ostatn\u00ed, naprosto b\u011b\u017en\u00e9 a jednoduch\u00e9 v\u011bci. Ne, \u017ee by dan\u00e9 v\u011bci nezvl\u00e1dli. Um\u00ed je moc dob\u0159e, ale jejich onemocn\u011bn\u00ed jim v\u00a0jejich vykon\u00e1n\u00ed br\u00e1n\u00ed.<\/p>\n<p style=\"font-weight: 400;\">Kniha o sebep\u0159ijet\u00ed, d\u016fv\u011b\u0159e, s\u00edle slova, p\u0159\u00e1telstv\u00ed, l\u00e1sce, dosp\u00edv\u00e1n\u00ed a zklam\u00e1n\u00edch.<\/p>\n<p style=\"font-weight: 400;\">\u00a0<\/p>\n<p style=\"font-weight: 400;\">\u00a0<\/p>\n<p style=\"font-weight: 400;\">Eva Mare\u0161ov\u00e1<\/p>\n<p>Autor:\u00a0Eva Mare\u0161ov\u00e1<\/p>\n","protected":false},"excerpt":{"rendered":"<p>Je p\u0159irozen\u00e9 m\u00edt \u0161patn\u00e9 my\u0161lenky. Samantha McAllisterov\u00e1 je v\u0161ak sv\u00fdmi \u010dern\u00fdmi my\u0161lenkami ob\u010das zcela pohlcena, a to do t\u00e9 m\u00edry, \u017ee m\u00e1 strach, aby n\u011bkomu skute\u010dn\u011b neubl\u00ed\u017eila. Jej\u00ed p\u0159edstavy jsou tak \u017eiv\u00e9\u2026<\/p>\n","protected":false},"author":2,"featured_media":324497,"comment_status":"open","ping_status":"open","sticky":false,"template":"","format":"standard","meta":{"_acf_changed":false,"_monsterinsights_skip_tracking":false,"_monsterinsights_sitenote_active":false,"_monsterinsights_sitenote_note":"","_monsterinsights_sitenote_category":0,"_EventAllDay":false,"_EventTimezone":"","_EventStartDate":"","_EventEndDate":"","_EventStartDateUTC":"","_EventEndDateUTC":"","_EventShowMap":false,"_EventShowMapLink":false,"_EventURL":"","_EventCost":"","_EventCostDescription":"","_EventCurrencySymbol":"","_EventCurrencyCode":"","_EventCurrencyPosition":"","_EventDateTimeSeparator":"","_EventTimeRangeSeparator":"","_EventOrganizerID":[],"_EventVenueID":[],"_OrganizerEmail":"","_OrganizerPhone":"","_OrganizerWebsite":"","_VenueAddress":"","_VenueCity":"","_VenueCountry":"","_VenueProvince":"","_VenueState":"","_VenueZip":"","_VenuePhone":"","_VenueURL":"","_VenueStateProvince":"","_VenueLat":"","_VenueLng":"","_VenueShowMap":false,"_VenueShowMapLink":false,"twitterCardType":"","cardImageID":0,"cardImage":"","cardTitle":"","cardDesc":"","cardImageAlt":"","cardPlayer":"","cardPlayerWidth":0,"cardPlayerHeight":0,"cardPlayerStream":"","cardPlayerCodec":"","footnotes":""},"categories":[7],"tags":[21832],"class_list":["post-324496","post","type-post","status-publish","format-standard","has-post-thumbnail","hentry","category-recenze","tag-literarni-kavarna"],"acf":{"related_products":null},"_links":{"self":[{"href":"https:\/\/www.luxor.cz\/blog\/wp-json\/wp\/v2\/posts\/324496","targetHints":{"allow":["GET"]}}],"collection":[{"href":"https:\/\/www.luxor.cz\/blog\/wp-json\/wp\/v2\/posts"}],"about":[{"href":"https:\/\/www.luxor.cz\/blog\/wp-json\/wp\/v2\/types\/post"}],"author":[{"embeddable":true,"href":"https:\/\/www.luxor.cz\/blog\/wp-json\/wp\/v2\/users\/2"}],"replies":[{"embeddable":true,"href":"https:\/\/www.luxor.cz\/blog\/wp-json\/wp\/v2\/comments?post=324496"}],"version-history":[{"count":0,"href":"https:\/\/www.luxor.cz\/blog\/wp-json\/wp\/v2\/posts\/324496\/revisions"}],"wp:featuredmedia":[{"embeddable":true,"href":"https:\/\/www.luxor.cz\/blog\/wp-json\/wp\/v2\/media\/324497"}],"wp:attachment":[{"href":"https:\/\/www.luxor.cz\/blog\/wp-json\/wp\/v2\/media?parent=324496"}],"wp:term":[{"taxonomy":"category","embeddable":true,"href":"https:\/\/www.luxor.cz\/blog\/wp-json\/wp\/v2\/categories?post=324496"},{"taxonomy":"post_tag","embeddable":true,"href":"https:\/\/www.luxor.cz\/blog\/wp-json\/wp\/v2\/tags?post=324496"}],"curies":[{"name":"wp","href":"https:\/\/api.w.org\/{rel}","templated":true}]}}