{"id":324494,"date":"2024-09-09T10:00:57","date_gmt":"2024-09-09T08:00:57","guid":{"rendered":"https:\/\/www.luxor.cz\/blog\/nezarazene\/64176-nebojte-se-irvinga-ani-duchu\/"},"modified":"2024-09-09T10:00:57","modified_gmt":"2024-09-09T08:00:57","slug":"64176-nebojte-se-irvinga-ani-duchu","status":"publish","type":"post","link":"https:\/\/www.luxor.cz\/blog\/recenze\/64176-nebojte-se-irvinga-ani-duchu\/","title":{"rendered":"Nebojte se Irvinga ani duch\u016f!"},"content":{"rendered":"<p style=\"font-weight: 400;\">P\u0159eneste se do Nov\u00e9 Anglie a poznejte Rachel. Jako mlad\u00e1 se \u00fa\u010dastnila z\u00e1vod\u016f v\u00a0ly\u017eov\u00e1n\u00ed, ale jen do t\u00e9 doby, ne\u017e si z\u00a0jedn\u00e9 takov\u00e9 akce p\u0159ivezla m\u00edsto medaile t\u011bhotenstv\u00ed. Stane se ly\u017ea\u0159skou instruktorkou a sv\u00e9ho syna Adama vychov\u00e1v\u00e1 pomoc\u00ed sv\u00e9 rodiny. Adam se po mnoha letech rozhodne, \u017ee se vyd\u00e1 do Aspenu hledat odpov\u011bdi na ot\u00e1zku, kdo je jeho otec. \u010cekaj\u00ed tam na n\u011bj v\u0161ak duchov\u00e9\u2026<\/p>\n<p style=\"font-weight: 400;\">Rodinn\u00e1 s\u00e1ga a ducha\u0159sk\u00fd p\u0159\u00edb\u011bh? Pro\u010d ne! M\u011b to ohromn\u011b bavilo. Knihy Johna Irvinga m\u00e1m moc r\u00e1da. Kdykoliv vyjde nov\u00e1, hned ji mus\u00edm m\u00edt. P\u0159e\u010detla jsem t\u00e9m\u011b\u0159 v\u0161echny, vid\u011bla i filmy, kter\u00e9 podle nich byly nato\u010den\u00e9. A d\u00edky knize Sv\u011bt podle Garpa jsem se stala milovnic\u00ed Odeonek.<\/p>\n<p style=\"font-weight: 400;\">I v\u00a0Posledn\u00ed lanovce je c\u00edtit autor\u016fv typick\u00fd rukopis. Pokud jeho knihy milujete, obl\u00edb\u00edte si i tuto, ale jestli byste cht\u011bli s\u00a0autorem teprve za\u010d\u00edt, doporu\u010d\u00edm v\u00e1m sp\u00ed\u0161e n\u011bkterou z\u00a0jeho p\u0159edchoz\u00edch.<\/p>\n<p style=\"font-weight: 400;\">V\u00a0p\u0159\u00edb\u011bhu pozn\u00e1me spoustu postav, budete pro\u017e\u00edvat jejich radosti i starosti. T\u00edm, \u017ee se p\u0159\u00edb\u011bh odehr\u00e1v\u00e1 b\u011bhem sedmdes\u00e1ti let, \u010dek\u00e1 v\u00e1s opravdu hodn\u011b r\u016fzn\u00fdch t\u00e9mat \u2013 dostaneme se tu od rodinn\u00fdch vztah\u016f, k\u00a0LGBT i k\u00a0politice, k\u00a0ly\u017eov\u00e1n\u00ed, ke smrti, k\u00a0prvn\u00edm l\u00e1sk\u00e1m, ale jak u\u017e bylo \u0159e\u010deno, i k\u00a0ducha\u0159in\u011b. \u010cek\u00e1 na v\u00e1s p\u0159\u00edval emoc\u00ed a t\u00edm, \u017ee tu jsou tak rozd\u00edln\u00e1 t\u00e9mata, i jejich \u0161k\u00e1la bude \u0161irok\u00e1. N\u011bkdy si pobre\u010d\u00edte, jindy se pobav\u00edte.<\/p>\n<p style=\"font-weight: 400;\">Jeliko\u017e je hlavn\u00ed hrdina Adam spisovatel a sc\u00e9n\u00e1rista, budete m\u00edt pocit, jako byste \u010detli \u017eivotopis Johna Irvinga. \u010casto jsem si musela p\u0159ipom\u00ednat, \u017ee \u010dtu \u201ejen\u201c smy\u0161len\u00fd p\u0159\u00edb\u011bh. M\u00e1m moc r\u00e1da, kdy\u017e n\u00e1zev knihy dostane d\u00edky p\u0159\u00edb\u011bhu nov\u00fd rozm\u011br a tady se to opravdu povedlo a kdykoliv uvid\u00edm lanovku, uvid\u00edm z\u00e1rove\u0148 s\u00a0n\u00ed i tento p\u0159\u00edb\u011bh.<\/p>\n<p style=\"font-weight: 400;\">N\u011bkdy si budete myslet, \u017ee v\u00e1s poklidn\u00e9 a a\u017e z\u00e1bavn\u00e9 vypr\u00e1v\u011bn\u00ed nem\u016f\u017ee ni\u010d\u00edm p\u0159ekvapit, ale nebojte, autor dok\u00e1\u017ee p\u0159ipravit opravdu neskute\u010dn\u00e9 z\u00e1pletky. Nezapome\u0148te pozorn\u011b sledovat v\u0161echny postavy, nebo\u0165 ka\u017ed\u00e1 se dostane ke slovu v\u00a0ten spr\u00e1vn\u00fd \u010das.<\/p>\n<p style=\"font-weight: 400;\">A\u010d jsem si ze za\u010d\u00e1tku myslela, \u017ee to bude pomalej\u0161\u00ed a \u017ee m\u00e1m p\u0159ed sebou dlouh\u00fdch 1000 stran, tak jsem se za\u010detla natolik, \u017ee jsem nakonec byla smutn\u00e1, necht\u011bla jsem se s\u00a0Adamem rozlou\u010dit a klidn\u011b bych \u010detla je\u0161t\u011b d\u00e1l.<\/p>\n<p style=\"font-weight: 400;\">\u00a0<\/p>\n<p style=\"font-weight: 400;\">\u00a0<\/p>\n<p style=\"font-weight: 400;\">Eva Francov\u00e1<\/p>\n<p>Autor:\u00a0Eva Francov\u00e1<\/p>\n","protected":false},"excerpt":{"rendered":"<p>Pokud chcete nahl\u00e9dnout do zaj\u00edmav\u00e9ho \u017eivota jedn\u00e9 rodiny, nebo snad pod pokli\u010dku toho, jak vznik\u00e1 kniha, rozhodn\u011b jste narazili na ten spr\u00e1vn\u00fd p\u0159\u00edb\u011bh!<\/p>\n","protected":false},"author":2,"featured_media":324495,"comment_status":"open","ping_status":"open","sticky":false,"template":"","format":"standard","meta":{"_acf_changed":false,"_monsterinsights_skip_tracking":false,"_monsterinsights_sitenote_active":false,"_monsterinsights_sitenote_note":"","_monsterinsights_sitenote_category":0,"_EventAllDay":false,"_EventTimezone":"","_EventStartDate":"","_EventEndDate":"","_EventStartDateUTC":"","_EventEndDateUTC":"","_EventShowMap":false,"_EventShowMapLink":false,"_EventURL":"","_EventCost":"","_EventCostDescription":"","_EventCurrencySymbol":"","_EventCurrencyCode":"","_EventCurrencyPosition":"","_EventDateTimeSeparator":"","_EventTimeRangeSeparator":"","_EventOrganizerID":[],"_EventVenueID":[],"_OrganizerEmail":"","_OrganizerPhone":"","_OrganizerWebsite":"","_VenueAddress":"","_VenueCity":"","_VenueCountry":"","_VenueProvince":"","_VenueState":"","_VenueZip":"","_VenuePhone":"","_VenueURL":"","_VenueStateProvince":"","_VenueLat":"","_VenueLng":"","_VenueShowMap":false,"_VenueShowMapLink":false,"twitterCardType":"","cardImageID":0,"cardImage":"","cardTitle":"","cardDesc":"","cardImageAlt":"","cardPlayer":"","cardPlayerWidth":0,"cardPlayerHeight":0,"cardPlayerStream":"","cardPlayerCodec":"","footnotes":""},"categories":[7],"tags":[21832],"class_list":["post-324494","post","type-post","status-publish","format-standard","has-post-thumbnail","hentry","category-recenze","tag-literarni-kavarna"],"acf":{"related_products":null},"_links":{"self":[{"href":"https:\/\/www.luxor.cz\/blog\/wp-json\/wp\/v2\/posts\/324494","targetHints":{"allow":["GET"]}}],"collection":[{"href":"https:\/\/www.luxor.cz\/blog\/wp-json\/wp\/v2\/posts"}],"about":[{"href":"https:\/\/www.luxor.cz\/blog\/wp-json\/wp\/v2\/types\/post"}],"author":[{"embeddable":true,"href":"https:\/\/www.luxor.cz\/blog\/wp-json\/wp\/v2\/users\/2"}],"replies":[{"embeddable":true,"href":"https:\/\/www.luxor.cz\/blog\/wp-json\/wp\/v2\/comments?post=324494"}],"version-history":[{"count":0,"href":"https:\/\/www.luxor.cz\/blog\/wp-json\/wp\/v2\/posts\/324494\/revisions"}],"wp:featuredmedia":[{"embeddable":true,"href":"https:\/\/www.luxor.cz\/blog\/wp-json\/wp\/v2\/media\/324495"}],"wp:attachment":[{"href":"https:\/\/www.luxor.cz\/blog\/wp-json\/wp\/v2\/media?parent=324494"}],"wp:term":[{"taxonomy":"category","embeddable":true,"href":"https:\/\/www.luxor.cz\/blog\/wp-json\/wp\/v2\/categories?post=324494"},{"taxonomy":"post_tag","embeddable":true,"href":"https:\/\/www.luxor.cz\/blog\/wp-json\/wp\/v2\/tags?post=324494"}],"curies":[{"name":"wp","href":"https:\/\/api.w.org\/{rel}","templated":true}]}}