{"id":324490,"date":"2024-09-13T10:00:26","date_gmt":"2024-09-13T08:00:26","guid":{"rendered":"https:\/\/www.luxor.cz\/blog\/nezarazene\/64178-proc-zrovna-tasmanie\/"},"modified":"2024-09-13T10:00:26","modified_gmt":"2024-09-13T08:00:26","slug":"64178-proc-zrovna-tasmanie","status":"publish","type":"post","link":"https:\/\/www.luxor.cz\/blog\/recenze\/64178-proc-zrovna-tasmanie\/","title":{"rendered":"Pro\u010d zrovna Tasm\u00e1nie?"},"content":{"rendered":"<p style=\"font-weight: 400;\">Hlavn\u00edm t\u00e9matem knihy je krize \u2013 a\u0165 u\u017e krize ve vztahu, krize st\u0159edn\u00edho v\u011bku, krize tv\u016fr\u010d\u00ed, ale i krize klimatick\u00e1 a celkov\u011b krize na\u0161eho sv\u011bta. Je jasn\u00e9, \u017ee to zrovna nebude vesel\u00e9 \u010dten\u00ed, ale nebojte se a pono\u0159te se do vypr\u00e1v\u011bn\u00ed hlavn\u00edho hrdiny a jeho vzpom\u00ednek, co za\u017eil za posledn\u00edch sedm let.<\/p>\n<p style=\"font-weight: 400;\">Miluji Odeonky a te\u010f je\u0161t\u011b o n\u011bco v\u00edc! Nakladatelstv\u00ed Odeon se rozhodlo zm\u011bnit font p\u00edsma i pou\u017e\u00edt jin\u00fd pap\u00edr a hned na za\u010d\u00e1tku mus\u00edm zm\u00ednit, jak skv\u011ble se nyn\u00ed Odeonky \u010dtou! V\u00edce lahod\u00ed oku a t\u00edm i cel\u00fd p\u0159\u00edb\u011bh pro m\u011b byl p\u0159\u00edstupn\u011bj\u0161\u00ed a snad i bli\u017e\u0161\u00ed. V\u00a0tomto p\u0159\u00edpad\u011b zapracovala i kr\u00e1sn\u00e1 ob\u00e1lka a dokonal\u00e1 kniha je na sv\u011bt\u011b.<\/p>\n<p style=\"font-weight: 400;\">Dokonal\u00e1 i sv\u00fdm p\u0159\u00edb\u011bhem. P\u0159\u00edb\u011bh, kter\u00fd reflektuje sou\u010dasn\u00fd stav sv\u011bta \u2013 nelehk\u00fd, pln\u00fd n\u00e1sil\u00ed, \u00fatok\u016f a p\u0159\u00edrodn\u00edch katastrof. Ale nen\u00ed to jen o kriz\u00edch ve sv\u011bt\u011b, ale hlavn\u011b o kriz\u00edch uvnit\u0159 n\u00e1s.<\/p>\n<p style=\"font-weight: 400;\">Ne\u010dekejte tu tak \u017e\u00e1dnou velkou akci, je to \u201ejen\u201c p\u0159em\u00edt\u00e1n\u00ed o \u017eivot\u011b, a p\u0159esto jsem byla moc zv\u011bdav\u00e1, kam n\u00e1s autor nakonec dovede. Bylo to velmi osobn\u00ed a intimn\u00ed a celou dobu jsem m\u011bla pocit, jako kdybych hlavn\u00edho hrdinu znala cel\u00fd m\u016fj \u017eivot.\u00a0<\/p>\n<p style=\"font-weight: 400;\">V\u00a0knize bylo tolik v\u00e1\u017en\u00fdch t\u00e9mat, a\u0165 u\u017e t\u011bch celosv\u011btov\u00fdch, ale i t\u011bch osobn\u00edch, lidsk\u00fdch. N\u011bkter\u00e9 z\u00a0nich v\u00e1s ur\u010dit\u011b zas\u00e1hnou a dotknou se v\u00e1s. Ne\u010dekejte lehk\u00e9 a pohodov\u00e9 \u010dten\u00ed, je to \u010dten\u00ed o bolesti a znechucen\u00ed, ale je to opravdu skv\u011ble napsan\u00e9.<\/p>\n<p style=\"font-weight: 400;\">Nedok\u00e1\u017eu porovnat Tasm\u00e1nii s\u00a0autorov\u00fdmi p\u0159edchoz\u00edmi knihami, nebo\u0165 jsem zat\u00edm \u017e\u00e1dnou ne\u010detla, ale je jasn\u00e9, \u017ee si od n\u011bj pot\u0159ebuji p\u0159e\u010d\u00edst v\u0161echno, co napsal. Mysl\u00edm, \u017ee m\u00e1m nov\u00e9ho obl\u00edbence.<\/p>\n<p style=\"font-weight: 400;\">\u00a0<\/p>\n<p style=\"font-weight: 400;\">\u00a0<\/p>\n<p style=\"font-weight: 400;\">Eva Francov\u00e1<\/p>\n<p>Autor:\u00a0Eva Francov\u00e1<\/p>\n","protected":false},"excerpt":{"rendered":"<p>Kdy\u017e si p\u0159e\u010dtete anotaci t\u00e9to knihy, nebude v\u00e1m jasn\u00fd jej\u00ed n\u00e1zev. Ale slibuji, \u017ee po jej\u00edm do\u010dten\u00ed se budete cht\u00edt do Tasm\u00e1nie alespo\u0148 pod\u00edvat\u2026.<\/p>\n","protected":false},"author":2,"featured_media":324491,"comment_status":"open","ping_status":"open","sticky":false,"template":"","format":"standard","meta":{"_acf_changed":false,"_monsterinsights_skip_tracking":false,"_monsterinsights_sitenote_active":false,"_monsterinsights_sitenote_note":"","_monsterinsights_sitenote_category":0,"_EventAllDay":false,"_EventTimezone":"","_EventStartDate":"","_EventEndDate":"","_EventStartDateUTC":"","_EventEndDateUTC":"","_EventShowMap":false,"_EventShowMapLink":false,"_EventURL":"","_EventCost":"","_EventCostDescription":"","_EventCurrencySymbol":"","_EventCurrencyCode":"","_EventCurrencyPosition":"","_EventDateTimeSeparator":"","_EventTimeRangeSeparator":"","_EventOrganizerID":[],"_EventVenueID":[],"_OrganizerEmail":"","_OrganizerPhone":"","_OrganizerWebsite":"","_VenueAddress":"","_VenueCity":"","_VenueCountry":"","_VenueProvince":"","_VenueState":"","_VenueZip":"","_VenuePhone":"","_VenueURL":"","_VenueStateProvince":"","_VenueLat":"","_VenueLng":"","_VenueShowMap":false,"_VenueShowMapLink":false,"twitterCardType":"","cardImageID":0,"cardImage":"","cardTitle":"","cardDesc":"","cardImageAlt":"","cardPlayer":"","cardPlayerWidth":0,"cardPlayerHeight":0,"cardPlayerStream":"","cardPlayerCodec":"","footnotes":""},"categories":[7],"tags":[21832],"class_list":["post-324490","post","type-post","status-publish","format-standard","has-post-thumbnail","hentry","category-recenze","tag-literarni-kavarna"],"acf":{"related_products":null},"_links":{"self":[{"href":"https:\/\/www.luxor.cz\/blog\/wp-json\/wp\/v2\/posts\/324490","targetHints":{"allow":["GET"]}}],"collection":[{"href":"https:\/\/www.luxor.cz\/blog\/wp-json\/wp\/v2\/posts"}],"about":[{"href":"https:\/\/www.luxor.cz\/blog\/wp-json\/wp\/v2\/types\/post"}],"author":[{"embeddable":true,"href":"https:\/\/www.luxor.cz\/blog\/wp-json\/wp\/v2\/users\/2"}],"replies":[{"embeddable":true,"href":"https:\/\/www.luxor.cz\/blog\/wp-json\/wp\/v2\/comments?post=324490"}],"version-history":[{"count":0,"href":"https:\/\/www.luxor.cz\/blog\/wp-json\/wp\/v2\/posts\/324490\/revisions"}],"wp:featuredmedia":[{"embeddable":true,"href":"https:\/\/www.luxor.cz\/blog\/wp-json\/wp\/v2\/media\/324491"}],"wp:attachment":[{"href":"https:\/\/www.luxor.cz\/blog\/wp-json\/wp\/v2\/media?parent=324490"}],"wp:term":[{"taxonomy":"category","embeddable":true,"href":"https:\/\/www.luxor.cz\/blog\/wp-json\/wp\/v2\/categories?post=324490"},{"taxonomy":"post_tag","embeddable":true,"href":"https:\/\/www.luxor.cz\/blog\/wp-json\/wp\/v2\/tags?post=324490"}],"curies":[{"name":"wp","href":"https:\/\/api.w.org\/{rel}","templated":true}]}}