{"id":324484,"date":"2024-10-03T10:00:08","date_gmt":"2024-10-03T08:00:08","guid":{"rendered":"https:\/\/www.luxor.cz\/blog\/nezarazene\/64188-uteky-nekam-jinam\/"},"modified":"2024-10-03T10:00:08","modified_gmt":"2024-10-03T08:00:08","slug":"64188-uteky-nekam-jinam","status":"publish","type":"post","link":"https:\/\/www.luxor.cz\/blog\/recenze\/64188-uteky-nekam-jinam\/","title":{"rendered":"\u00dat\u011bky n\u011bkam jinam"},"content":{"rendered":"<p style=\"font-weight: 400;\">Edice \u010cesk\u00e1 pov\u00eddka od nakladatelstv\u00ed Listen nen\u00ed ni\u010d\u00edm nov\u00fdm. Ka\u017ed\u00e1 kniha v\u00a0edici obsahuje pov\u00eddky od r\u016fzn\u00fdch autor\u016f na zadan\u00e9 t\u00e9ma. Ka\u017ed\u00fd p\u0159\u00edb\u011bh je naprosto jin\u00fd. Nenavazuj\u00ed na sebe a auto\u0159i tak neskryt\u011b projevuj\u00ed sv\u016fj talent, tak aby \u010dten\u00e1\u0159 mohl snadno zjistit, jak\u00fd styl psan\u00ed mu vyhovuje.<\/p>\n<p style=\"font-weight: 400;\">N\u011bkter\u00e9 autory si zamilujete od prvn\u00edch \u0159\u00e1dk\u016f. Jin\u00e9 p\u0159\u00edb\u011bhy se v\u00e1m zdaj\u00ed f\u00e1dn\u00ed, ale s\u00a0jejich koncem najednou p\u0159ijde takov\u00e9 rozuzlen\u00ed, \u017ee knihu odlo\u017e\u00edte a budete nad p\u0159\u00edb\u011bhem chv\u00edli dumat. R\u00e1zem tak p\u0159\u00edb\u011bh uvid\u00edte v\u00a0jin\u00e9m sv\u011btle a uv\u011bdom\u00edte si, \u017ee vlastn\u011b zn\u00e1te n\u011bkoho, jeho\u017e \u017eivot by p\u0159\u00edb\u011bhu i odpov\u00eddal.<\/p>\n<p style=\"font-weight: 400;\">U\u00a0t\u00e9to konkr\u00e9tn\u00ed knihy, \u00dat\u011bky n\u011bkam jinam, m\u011b zaujal jako prvn\u00ed p\u0159\u00edb\u011bh Petry Dvo\u0159\u00e1kov\u00e9. Byl pro m\u011b p\u0159ekvapen\u00edm. \u0158\u00edk\u00e1te si, oby\u010dejn\u00fd p\u0159\u00edb\u011bh. Man\u017eel Aleny m\u011b dokonale \u0161tval. Hlavn\u011b, \u017ee si um\u011bl v\u0161echno \u201eokecat.\u201c Ale ten konec\u2026 To jako v\u00e1\u017en\u011b? To prost\u011b ne\u010dek\u00e1te. A tak p\u0159em\u00fd\u0161l\u00edte. A o tom n\u011bkter\u00e9 p\u0159\u00edb\u011bhy maj\u00ed b\u00fdt. Ne v\u017edy mus\u00ed m\u00edt konec takov\u00fd, jak\u00fd si p\u0159edstavujeme. V\u00a0tom je jejich kouzlo.<\/p>\n<p style=\"font-weight: 400;\">Samoz\u0159ejm\u011b ne ka\u017ed\u00e9ho autora mus\u00edte zn\u00e1t. Ne ka\u017ed\u00fd je tak \u010dasto zmi\u0148ovan\u00fd v\u00a0m\u00e9di\u00edch nebo r\u016fzn\u00fdch diskuz\u00edch. Otev\u0159ou se v\u00e1m tak dve\u0159e k\u00a0nov\u00fdm skv\u011bl\u00fdm autor\u016fm, kter\u00e9 byste jinak mo\u017en\u00e1 minuli.<\/p>\n<p style=\"font-weight: 400;\">Maloform\u00e1tov\u00e9 v\u00fdb\u011bry pov\u00eddek jsou jako d\u011blan\u00e9 pro chv\u00edle pohody. Kn\u00ed\u017eky jsou to tenk\u00e9, \u017e\u00e1dn\u00e9 bichle, kter\u00e9 je obt\u00ed\u017en\u011bj\u0161\u00ed si sebou vz\u00edt ven do p\u0159\u00edrody, do \u010dek\u00e1rnu na stomatologii nebo na chatu.<\/p>\n<p style=\"font-weight: 400;\">Z\u00a0d\u0159\u00edv\u011bj\u0161\u00edch knih t\u00e9to edice bychom si mohli p\u0159ipomenout \u00fa\u017easn\u00e9 knihy Vesel\u00e9 V\u00e1noce, Terezko, Rodiny a rodinky, Ve \u0161kole i za \u0161kolou, Jestli v\u016fbec n\u011bkdy, Dnes je\u0161t\u011b ne nebo tak\u00e9 novinku O lidech a psech.<\/p>\n<p style=\"font-weight: 400;\">Knihy edice \u010cesk\u00e9 pov\u00eddky vych\u00e1z\u00ed i jako audio. Pokud nem\u00e1te zrovna moc \u010dasu na \u010dten\u00ed, ur\u010dit\u011b v\u00e1m \u010das p\u0159i pr\u00e1ci m\u016f\u017ee zp\u0159\u00edjemnit tato audiokniha.<\/p>\n<p style=\"font-weight: 400;\">\u00a0<\/p>\n<p style=\"font-weight: 400;\">\u00a0<\/p>\n<p style=\"font-weight: 400;\">Eva Mare\u0161ov\u00e1<\/p>\n<p>Autor:\u00a0Eva Mare\u0161ov\u00e1<\/p>\n","protected":false},"excerpt":{"rendered":"<p>P\u0159izn\u00e1v\u00e1m se, \u017ee jsem od knihy \u010dekala n\u011bco naprosto jin\u00e9ho. Jeden\u00e1ct pov\u00eddek od autor\u016f zn\u00e1m\u00fdch i m\u00e9n\u011b zn\u00e1m\u00fdch, kter\u00e9 rozproud\u00ed va\u0161\u00ed fantazii.<\/p>\n","protected":false},"author":2,"featured_media":324485,"comment_status":"open","ping_status":"open","sticky":false,"template":"","format":"standard","meta":{"_acf_changed":false,"_monsterinsights_skip_tracking":false,"_monsterinsights_sitenote_active":false,"_monsterinsights_sitenote_note":"","_monsterinsights_sitenote_category":0,"_EventAllDay":false,"_EventTimezone":"","_EventStartDate":"","_EventEndDate":"","_EventStartDateUTC":"","_EventEndDateUTC":"","_EventShowMap":false,"_EventShowMapLink":false,"_EventURL":"","_EventCost":"","_EventCostDescription":"","_EventCurrencySymbol":"","_EventCurrencyCode":"","_EventCurrencyPosition":"","_EventDateTimeSeparator":"","_EventTimeRangeSeparator":"","_EventOrganizerID":[],"_EventVenueID":[],"_OrganizerEmail":"","_OrganizerPhone":"","_OrganizerWebsite":"","_VenueAddress":"","_VenueCity":"","_VenueCountry":"","_VenueProvince":"","_VenueState":"","_VenueZip":"","_VenuePhone":"","_VenueURL":"","_VenueStateProvince":"","_VenueLat":"","_VenueLng":"","_VenueShowMap":false,"_VenueShowMapLink":false,"twitterCardType":"","cardImageID":0,"cardImage":"","cardTitle":"","cardDesc":"","cardImageAlt":"","cardPlayer":"","cardPlayerWidth":0,"cardPlayerHeight":0,"cardPlayerStream":"","cardPlayerCodec":"","footnotes":""},"categories":[7],"tags":[21832],"class_list":["post-324484","post","type-post","status-publish","format-standard","has-post-thumbnail","hentry","category-recenze","tag-literarni-kavarna"],"acf":{"related_products":null},"_links":{"self":[{"href":"https:\/\/www.luxor.cz\/blog\/wp-json\/wp\/v2\/posts\/324484","targetHints":{"allow":["GET"]}}],"collection":[{"href":"https:\/\/www.luxor.cz\/blog\/wp-json\/wp\/v2\/posts"}],"about":[{"href":"https:\/\/www.luxor.cz\/blog\/wp-json\/wp\/v2\/types\/post"}],"author":[{"embeddable":true,"href":"https:\/\/www.luxor.cz\/blog\/wp-json\/wp\/v2\/users\/2"}],"replies":[{"embeddable":true,"href":"https:\/\/www.luxor.cz\/blog\/wp-json\/wp\/v2\/comments?post=324484"}],"version-history":[{"count":0,"href":"https:\/\/www.luxor.cz\/blog\/wp-json\/wp\/v2\/posts\/324484\/revisions"}],"wp:featuredmedia":[{"embeddable":true,"href":"https:\/\/www.luxor.cz\/blog\/wp-json\/wp\/v2\/media\/324485"}],"wp:attachment":[{"href":"https:\/\/www.luxor.cz\/blog\/wp-json\/wp\/v2\/media?parent=324484"}],"wp:term":[{"taxonomy":"category","embeddable":true,"href":"https:\/\/www.luxor.cz\/blog\/wp-json\/wp\/v2\/categories?post=324484"},{"taxonomy":"post_tag","embeddable":true,"href":"https:\/\/www.luxor.cz\/blog\/wp-json\/wp\/v2\/tags?post=324484"}],"curies":[{"name":"wp","href":"https:\/\/api.w.org\/{rel}","templated":true}]}}