{"id":324478,"date":"2024-10-09T10:00:37","date_gmt":"2024-10-09T08:00:37","guid":{"rendered":"https:\/\/www.luxor.cz\/blog\/nezarazene\/64196-nezlomna-vule-zivotni-pribeh-marilyn-monroe\/"},"modified":"2024-10-09T10:00:37","modified_gmt":"2024-10-09T08:00:37","slug":"64196-nezlomna-vule-zivotni-pribeh-marilyn-monroe","status":"publish","type":"post","link":"https:\/\/www.luxor.cz\/blog\/recenze\/64196-nezlomna-vule-zivotni-pribeh-marilyn-monroe\/","title":{"rendered":"Nezlomn\u00e1 v\u016fle: \u017divotn\u00ed p\u0159\u00edb\u011bh Marilyn Monroe"},"content":{"rendered":"<div>\n<p class=\"Standard\">Knihy o Marilyn Monroe \u010dasto zkoumaj\u00ed jej\u00ed \u017eivot z \u00fahlu pohledu sl\u00e1vy a trag\u00e9die, ale <strong>Marilyn &#8211; Soukrom\u00fd \u017eivot ikony Hollywoodu<\/strong> od Claudie a Nadji Beinertov\u00fdch se zam\u011b\u0159uje na m\u00e9n\u011b zn\u00e1m\u00e9 obdob\u00ed jej\u00edho \u017eivota. Tento zbeletrizovan\u00fd rom\u00e1n nab\u00edz\u00ed pohled na Normu Jeane Baker p\u0159edt\u00edm, ne\u017e se stala Marilyn Monroe, a odhaluje jej\u00ed boj s osobn\u00edmi d\u00e9mony a hled\u00e1n\u00ed sebe sama v p\u0159edsl\u00e1v\u00ed. D\u00edlo je oslavou jej\u00ed odvahy a odhodl\u00e1n\u00ed, kter\u00e9 ji nakonec dovedly k \u00fasp\u011bchu, a\u010dkoli jej\u00ed cesta nebyla snadn\u00e1.<\/p>\n<\/div>\n<div>\n<p class=\"Standard\">Tato kniha se zam\u011b\u0159uje na jej\u00ed osam\u011bl\u00e9 a nuzn\u00e9 d\u011btstv\u00ed, str\u00e1ven\u00e9 v sirot\u010dinci a u p\u011bstoun\u016f, a na jej\u00ed vztah s n\u00e1hradn\u00ed matkou Grace, kter\u00fd formoval jej\u00ed budouc\u00ed \u017eivot. Autorky l\u00ed\u010d\u00ed, jak Norma Jeane hledala \u00fato\u010di\u0161t\u011b ve filmech s hollywoodsk\u00fdmi here\u010dkami, kter\u00e9 j\u00ed poskytovaly inspiraci a sn\u011bn\u00ed o lep\u0161\u00edm \u017eivot\u011b. P\u0159\u00edb\u011bh sleduje jej\u00ed transformaci z nejist\u00e9 d\u00edvky, kter\u00e1 se musela vyrovnat s mnoha osobn\u00edmi i spole\u010densk\u00fdmi p\u0159ek\u00e1\u017ekami, v modelku, kter\u00e1 p\u0159ed objektivem fotografa sr\u0161\u00ed \u017eivotnost\u00ed a zapom\u00edn\u00e1 na sv\u00e9 komplexy. Kniha podrobn\u011b popisuje jej\u00ed prvn\u00ed man\u017eelstv\u00ed a cestu k podeps\u00e1n\u00ed smlouvy s filmov\u00fdm studiem, co\u017e byl jej\u00ed dlouholet\u00fd sen. P\u0159esto\u017ee se kniha nezab\u00fdv\u00e1 obdob\u00edm jej\u00ed nejv\u011bt\u0161\u00ed sl\u00e1vy a z\u00e1hadn\u00fdm \u00famrt\u00edm, poskytuje \u010dten\u00e1\u0159\u016fm hlubok\u00fd n\u00e1hled do toho, jak\u00e1 byla Marilyn ve skute\u010dnosti \u2013 laskav\u00e1, mil\u00e1 a pln\u00e1 pochyb o sob\u011b sam\u00e9. P\u0159esto\u017ee byl jej\u00ed \u017eivot pln\u00fd bolesti a nesn\u00e1z\u00ed, kniha je naps\u00e1na s citem a umo\u017e\u0148uje \u010dten\u00e1\u0159\u016fm pro\u017e\u00edt si jej\u00ed p\u0159\u00edb\u011bh s hlubok\u00fdm porozum\u011bn\u00edm a empati\u00ed.<\/p>\n<\/div>\n<div>\n<p class=\"Standard\">Velmi oce\u0148uji hloubku v\u00fdzkumu autorek, kter\u00e9 se sna\u017e\u00ed p\u0159ibl\u00ed\u017eit Marilyn jako \u010dlov\u011bka, nejen jako sex symbol. P\u0159esto\u017ee kniha nezab\u00edh\u00e1 do obdob\u00ed jej\u00ed nejv\u011bt\u0161\u00ed sl\u00e1vy, poskytuje d\u016fle\u017eit\u00fd kontext pro pochopen\u00ed, jak se z osam\u011bl\u00e9 a nuzn\u00e9 d\u00edvky stala jedna z nejv\u011bt\u0161\u00edch hv\u011bzd Hollywoodu. R\u00e1da bych zd\u016fraznila, \u017ee p\u0159\u00edb\u011bh je sice m\u00edsty smutn\u00fd, ale celkov\u011b inspirativn\u00ed a poutav\u00fd, co\u017e \u010din\u00ed z t\u00e9to knihy ide\u00e1ln\u00ed \u010detbu nejen pro fanou\u0161ky Marilyn, ale pro ka\u017ed\u00e9ho, kdo m\u00e1 z\u00e1jem o lidsk\u00e9 p\u0159\u00edb\u011bhy pln\u00e9 v\u00fdzev a p\u0159ekon\u00e1v\u00e1n\u00ed p\u0159ek\u00e1\u017eek.<\/p>\n<\/div>\n<div>\n<p class=\"Standard\">\u00a0<\/p>\n<\/div>\n<div>\n<p class=\"Standard\">\u00a0<\/p>\n<\/div>\n<div>\n<p class=\"Standard\">Simona Krchov\u00e1<\/p>\n<\/div>\n<p>Autor:\u00a0Simona Krchov\u00e1<\/p>\n","protected":false},"excerpt":{"rendered":"<p>Norma Jeane Baker, zn\u00e1m\u011bj\u0161\u00ed pod jm\u00e9nem Marilyn Monroe, pro\u0161la pozoruhodnou prom\u011bnou z prost\u00e9 d\u00edvky v mimo\u0159\u00e1dnou celebritu.\u00a0<\/p>\n","protected":false},"author":2,"featured_media":324479,"comment_status":"open","ping_status":"open","sticky":false,"template":"","format":"standard","meta":{"_acf_changed":false,"_monsterinsights_skip_tracking":false,"_monsterinsights_sitenote_active":false,"_monsterinsights_sitenote_note":"","_monsterinsights_sitenote_category":0,"_EventAllDay":false,"_EventTimezone":"","_EventStartDate":"","_EventEndDate":"","_EventStartDateUTC":"","_EventEndDateUTC":"","_EventShowMap":false,"_EventShowMapLink":false,"_EventURL":"","_EventCost":"","_EventCostDescription":"","_EventCurrencySymbol":"","_EventCurrencyCode":"","_EventCurrencyPosition":"","_EventDateTimeSeparator":"","_EventTimeRangeSeparator":"","_EventOrganizerID":[],"_EventVenueID":[],"_OrganizerEmail":"","_OrganizerPhone":"","_OrganizerWebsite":"","_VenueAddress":"","_VenueCity":"","_VenueCountry":"","_VenueProvince":"","_VenueState":"","_VenueZip":"","_VenuePhone":"","_VenueURL":"","_VenueStateProvince":"","_VenueLat":"","_VenueLng":"","_VenueShowMap":false,"_VenueShowMapLink":false,"twitterCardType":"","cardImageID":0,"cardImage":"","cardTitle":"","cardDesc":"","cardImageAlt":"","cardPlayer":"","cardPlayerWidth":0,"cardPlayerHeight":0,"cardPlayerStream":"","cardPlayerCodec":"","footnotes":""},"categories":[7],"tags":[21832],"class_list":["post-324478","post","type-post","status-publish","format-standard","has-post-thumbnail","hentry","category-recenze","tag-literarni-kavarna"],"acf":{"related_products":null},"_links":{"self":[{"href":"https:\/\/www.luxor.cz\/blog\/wp-json\/wp\/v2\/posts\/324478","targetHints":{"allow":["GET"]}}],"collection":[{"href":"https:\/\/www.luxor.cz\/blog\/wp-json\/wp\/v2\/posts"}],"about":[{"href":"https:\/\/www.luxor.cz\/blog\/wp-json\/wp\/v2\/types\/post"}],"author":[{"embeddable":true,"href":"https:\/\/www.luxor.cz\/blog\/wp-json\/wp\/v2\/users\/2"}],"replies":[{"embeddable":true,"href":"https:\/\/www.luxor.cz\/blog\/wp-json\/wp\/v2\/comments?post=324478"}],"version-history":[{"count":0,"href":"https:\/\/www.luxor.cz\/blog\/wp-json\/wp\/v2\/posts\/324478\/revisions"}],"wp:featuredmedia":[{"embeddable":true,"href":"https:\/\/www.luxor.cz\/blog\/wp-json\/wp\/v2\/media\/324479"}],"wp:attachment":[{"href":"https:\/\/www.luxor.cz\/blog\/wp-json\/wp\/v2\/media?parent=324478"}],"wp:term":[{"taxonomy":"category","embeddable":true,"href":"https:\/\/www.luxor.cz\/blog\/wp-json\/wp\/v2\/categories?post=324478"},{"taxonomy":"post_tag","embeddable":true,"href":"https:\/\/www.luxor.cz\/blog\/wp-json\/wp\/v2\/tags?post=324478"}],"curies":[{"name":"wp","href":"https:\/\/api.w.org\/{rel}","templated":true}]}}