{"id":324474,"date":"2024-10-11T10:00:59","date_gmt":"2024-10-11T08:00:59","guid":{"rendered":"https:\/\/www.luxor.cz\/blog\/nezarazene\/64197-drsny-hon-na-carodejnice-v-severni-italii\/"},"modified":"2024-10-11T10:00:59","modified_gmt":"2024-10-11T08:00:59","slug":"64197-drsny-hon-na-carodejnice-v-severni-italii","status":"publish","type":"post","link":"https:\/\/www.luxor.cz\/blog\/recenze\/64197-drsny-hon-na-carodejnice-v-severni-italii\/","title":{"rendered":"Drsn\u00fd hon na \u010darod\u011bjnice v severn\u00ed It\u00e1lii"},"content":{"rendered":"<p style=\"font-weight: 400;\">P\u0159\u00edb\u011bh za\u010d\u00edn\u00e1 v roce 1610, kdy je do kl\u00e1\u0161tera p\u0159ijat \u0161estilet\u00fd Daniele. Pr\u00e1v\u011b mu zem\u0159ela matka, jeho otec mu jej\u00ed smrt klade za vinu a odm\u00edt\u00e1 se o n\u011bj starat. Ve stejnou dobu se v kl\u00e1\u0161te\u0159e ocitne i t\u011bhotn\u00e1 um\u00edraj\u00edc\u00ed nev\u011bstka. B\u011bhem porodu vydechne naposledy, ale d\u00edt\u011b z matky vyklouzne a\u017e po jej\u00edm skonu. \u017div\u00e9 a zdrav\u00e9. Z\u00e1zrak, anebo d\u00edlo samotn\u00e9ho Satana?<\/p>\n<p style=\"font-weight: 400;\">P\u0159evor kl\u00e1\u0161tera rozhodne, \u017ee d\u00edt\u011b z\u016fstane v jejich p\u00e9\u010di. Hol\u010di\u010dku pojmenuj\u00ed Susanna, ale v\u0161em ostatn\u00edm mus\u00ed tvrdit, \u017ee d\u00edt\u011b je chlape\u010dek Michelino. Daniel si okam\u017eit\u011b tento mal\u00fd uzl\u00ed\u010dek \u0161t\u011bst\u00ed zamiluje, najednou m\u00e1 d\u016fvod pro\u010d \u017e\u00edt, m\u00e1 se o koho starat.<\/p>\n<p style=\"font-weight: 400;\">Bohu\u017eel brzy se nedopat\u0159en\u00edm prozrad\u00ed skute\u010dn\u00e9 pohlav\u00ed miminka a Susanna je mnich\u016fm odebr\u00e1na a posl\u00e1na do kl\u00e1\u0161tera k jepti\u0161k\u00e1m. Daniele jako by ztratil op\u011bt s\u00e1m sebe. Jej\u00ed ztr\u00e1tou je zni\u010den i p\u0159evor Thevet, m\u011bl ji r\u00e1d jako vlastn\u00ed dceru. Ale ne ve v\u0161ech zaho\u0159ela l\u00e1ska k Susann\u011b. M\u00edstn\u00ed ob\u00e1van\u00fd inkvizitor k t\u00e9to d\u00edvce od za\u010d\u00e1tku c\u00edt\u00ed silnou nen\u00e1vist.<\/p>\n<p style=\"font-weight: 400;\">L\u00e9ta ub\u00edhaj\u00ed a ze Susanny se st\u00e1v\u00e1 velmi inteligentn\u00ed d\u00edvka a a\u010d je to v t\u00e9 dob\u011b neobvykl\u00e9, dostane se j\u00ed, i jako \u017een\u011b, vzd\u011bl\u00e1n\u00ed. Zas\u00e1hne op\u011bt i do Danielova \u017eivota, jejich cesty se znovu zk\u0159\u00ed\u017e\u00ed\u2026 Zaho\u0159\u00ed po sob\u011b touhou, kter\u00e9 se v\u0161ak Daniel zalekne. Nav\u00edc mu za z\u00e1dy stoj\u00ed ob\u00e1van\u00fd inkvizitor a rozdm\u00fdch\u00e1v\u00e1 v n\u011bm z\u00e1\u0161\u0165 ke v\u0161em \u017een\u00e1m.<\/p>\n<p style=\"font-weight: 400;\">Po 8 letech je Susanna ob\u017ealov\u00e1na z \u010darod\u011bjnictv\u00ed. M\u011bla zab\u00edt sv\u00e9ho man\u017eela i slu\u017eebnou. Ovl\u00e1d\u00e1 ji pr\u00fd samotn\u00fd \u010f\u00e1bel. Proti n\u00ed stoj\u00ed ob\u00e1van\u00fd inkvizitor a jeho v\u011brn\u00fd poskok. Susanna m\u00e1 skon\u010dit na hranici. Po jej\u00edm boku se v\u0161ak znovu objev\u00ed Daniele\u2026chce j\u00ed pomoci. Existuje v\u016fbec n\u011bjak\u00e1 mo\u017enost, jak zprostit \u017eenu takov\u00e9ho obvin\u011bn\u00ed? Dok\u00e1\u017ee c\u00edrkev vy\u0159knout, \u017ee se m\u00fdlila? Nebo ji\u017e nen\u00ed cesty ven? A kdo m\u00e1 ve skute\u010dnosti vra\u017edy na sv\u011bdom\u00ed? V\u0161ichni obyvatel\u00e9 m\u011bsta sv\u011bd\u010d\u00ed proti Susann\u011b\u2026<\/p>\n<p style=\"font-weight: 400;\"><strong><em>\u201cSusanna se rozplakala. Ne kv\u016fli sob\u011b \u2013 i kdy\u017e vn\u00edmala smrt\u00edc\u00ed dopad t\u011bch blud\u016f &#8211; ale kv\u016fli Jehanne. Ano, porodn\u00ed b\u00e1bu sv\u00edraj\u00ed dr\u00e1py Satana, kter\u00e9 popsala. Na rozd\u00edl od div\u00e1k\u016f v\u0161ak Susanna v\u011bd\u011bla, \u017ee pat\u0159\u00ed jin\u00e9mu \u010f\u00e1blovi, inkvizitorovi.\u201d<\/em><\/strong><\/p>\n<p style=\"font-weight: 400;\"><strong><em>\u00a0<\/em><\/strong>Luca di Fulvia velmi realisticky popsal \u00fatlak prost\u00e9ho lidu ze strany c\u00edrkve. Kdokoliv neodpov\u00eddal jej\u00edm standard\u016fm byl nemilosrdn\u011b odsouzen. Postavy v knize jsou naprosto bravurn\u011b vykresleny, jejich my\u0161lenky, pocity i fyzick\u00fd vzhled. Jednodu\u0161e si dok\u00e1\u017eeme p\u0159edstavit kohokoliv, kdo sehr\u00e1l i tu nejmen\u0161\u00ed roli v p\u0159\u00edb\u011bhu. A\u010dkoliv \u010dten\u00ed to nen\u00ed snadn\u00e9, t\u00e9ma je to velmi tr\u00fdzniv\u00e9 a bolestn\u011b dechberouc\u00ed, i p\u0159esto knihu v\u0159ele doporu\u010duji. Je to dal\u0161\u00ed autor\u016fv mistrovsk\u00fd kousek a tentokr\u00e1t, bohu\u017eel, i ten posledn\u00ed.<\/p>\n<p style=\"font-weight: 400;\">\u00a0<\/p>\n<p style=\"font-weight: 400;\">\u00a0<\/p>\n<p style=\"font-weight: 400;\">Mark\u00e9ta Posp\u00ed\u0161ilov\u00e1\u00a0<\/p>\n<p>Autor:\u00a0Mark\u00e9ta Posp\u00ed\u0161ilov\u00e1\u00a0<\/p>\n","protected":false},"excerpt":{"rendered":"<p>Autor Luca di Fulvio napsal n\u011bkolik \u00fachvatn\u00fdch historick\u00fdch rom\u00e1n\u016f, kter\u00e9 nemaj\u00ed jen n\u00e1dhern\u00e9 poetick\u00e9 n\u00e1zvy a p\u0159ekr\u00e1sn\u00e9 ob\u00e1lky, ale jsou pln\u00e9 siln\u00fdch emoc\u00ed, nad\u011bje, v\u00edry, l\u00e1sky, ale i ztr\u00e1t a bolesti.<\/p>\n","protected":false},"author":2,"featured_media":324475,"comment_status":"open","ping_status":"open","sticky":false,"template":"","format":"standard","meta":{"_acf_changed":false,"_monsterinsights_skip_tracking":false,"_monsterinsights_sitenote_active":false,"_monsterinsights_sitenote_note":"","_monsterinsights_sitenote_category":0,"_EventAllDay":false,"_EventTimezone":"","_EventStartDate":"","_EventEndDate":"","_EventStartDateUTC":"","_EventEndDateUTC":"","_EventShowMap":false,"_EventShowMapLink":false,"_EventURL":"","_EventCost":"","_EventCostDescription":"","_EventCurrencySymbol":"","_EventCurrencyCode":"","_EventCurrencyPosition":"","_EventDateTimeSeparator":"","_EventTimeRangeSeparator":"","_EventOrganizerID":[],"_EventVenueID":[],"_OrganizerEmail":"","_OrganizerPhone":"","_OrganizerWebsite":"","_VenueAddress":"","_VenueCity":"","_VenueCountry":"","_VenueProvince":"","_VenueState":"","_VenueZip":"","_VenuePhone":"","_VenueURL":"","_VenueStateProvince":"","_VenueLat":"","_VenueLng":"","_VenueShowMap":false,"_VenueShowMapLink":false,"twitterCardType":"","cardImageID":0,"cardImage":"","cardTitle":"","cardDesc":"","cardImageAlt":"","cardPlayer":"","cardPlayerWidth":0,"cardPlayerHeight":0,"cardPlayerStream":"","cardPlayerCodec":"","footnotes":""},"categories":[7],"tags":[21832],"class_list":["post-324474","post","type-post","status-publish","format-standard","has-post-thumbnail","hentry","category-recenze","tag-literarni-kavarna"],"acf":{"related_products":null},"_links":{"self":[{"href":"https:\/\/www.luxor.cz\/blog\/wp-json\/wp\/v2\/posts\/324474","targetHints":{"allow":["GET"]}}],"collection":[{"href":"https:\/\/www.luxor.cz\/blog\/wp-json\/wp\/v2\/posts"}],"about":[{"href":"https:\/\/www.luxor.cz\/blog\/wp-json\/wp\/v2\/types\/post"}],"author":[{"embeddable":true,"href":"https:\/\/www.luxor.cz\/blog\/wp-json\/wp\/v2\/users\/2"}],"replies":[{"embeddable":true,"href":"https:\/\/www.luxor.cz\/blog\/wp-json\/wp\/v2\/comments?post=324474"}],"version-history":[{"count":0,"href":"https:\/\/www.luxor.cz\/blog\/wp-json\/wp\/v2\/posts\/324474\/revisions"}],"wp:featuredmedia":[{"embeddable":true,"href":"https:\/\/www.luxor.cz\/blog\/wp-json\/wp\/v2\/media\/324475"}],"wp:attachment":[{"href":"https:\/\/www.luxor.cz\/blog\/wp-json\/wp\/v2\/media?parent=324474"}],"wp:term":[{"taxonomy":"category","embeddable":true,"href":"https:\/\/www.luxor.cz\/blog\/wp-json\/wp\/v2\/categories?post=324474"},{"taxonomy":"post_tag","embeddable":true,"href":"https:\/\/www.luxor.cz\/blog\/wp-json\/wp\/v2\/tags?post=324474"}],"curies":[{"name":"wp","href":"https:\/\/api.w.org\/{rel}","templated":true}]}}