{"id":324472,"date":"2024-10-13T10:00:45","date_gmt":"2024-10-13T08:00:45","guid":{"rendered":"https:\/\/www.luxor.cz\/blog\/nezarazene\/64198-druha-svetova-valka-ocima-jihoitalske-rodiny\/"},"modified":"2024-10-13T10:00:45","modified_gmt":"2024-10-13T08:00:45","slug":"64198-druha-svetova-valka-ocima-jihoitalske-rodiny","status":"publish","type":"post","link":"https:\/\/www.luxor.cz\/blog\/recenze\/64198-druha-svetova-valka-ocima-jihoitalske-rodiny\/","title":{"rendered":"Druh\u00e1 sv\u011btov\u00e1 v\u00e1lka o\u010dima jihoitalsk\u00e9 rodiny"},"content":{"rendered":"<p style=\"font-weight: 400;\">Kniha n\u00e1m vypr\u00e1v\u00ed p\u0159\u00edb\u011bh d\u00edvky Giulie, kter\u00e1 je vesel\u00e9, ale vzpurn\u00e9 povahy, co\u017e nelib\u011b nese jej\u00ed otec. Ob\u00e1v\u00e1 se o rodinnou \u010dest a vyhro\u017euje j\u00ed dohodnut\u00fdm s\u0148atkem. Na to reaguje jej\u00ed matka, teta a babi\u010dka. T\u0159i siln\u00e9 \u017eeny vymysl\u00ed pl\u00e1n, jak by se mohla Giulie zab\u00fdvat t\u00edm, co ji velmi bav\u00ed a otec by nic nenam\u00edtal. Po\u0161lou Giulii do kl\u00e1\u0161tera, kde ji mnich Fra Fortunato bude u\u010dit bylink\u00e1\u0159stv\u00ed. Matka p\u0159edstaven\u00e1 i dal\u0161\u00ed jepti\u0161ky jsou s pl\u00e1nem sezn\u00e1meny a r\u00e1dy Giulii p\u0159ijmou pod jejich st\u0159echu. Giuliin otec si mysl\u00ed, \u017ee jepti\u0161ky se postaraj\u00ed o jej\u00ed p\u0159ev\u00fdchovu, tvrdou pr\u00e1ci a discipl\u00ednu. Studium bylink\u00e1\u0159stv\u00ed je mu zatajeno.<\/p>\n<p style=\"font-weight: 400;\">D\u011bj knihy za\u010d\u00edn\u00e1 p\u0159ed za\u010d\u00e1tkem druh\u00e9 sv\u011btov\u00e9 v\u00e1lky. Giuliin star\u0161\u00ed bratr i jeho p\u0159\u00e1tel\u00e9 jsou povol\u00e1ni do arm\u00e1dy.\u00a0 It\u00e1lie napadla Habe\u0161, dne\u0161n\u00ed Etiopii a pokra\u010duje v invazi do Alb\u00e1nie. V \u010dele fa\u0161istick\u00e9 strany stoji Benito Mussolini.<\/p>\n<p style=\"font-weight: 400;\">Giulie se vr\u00e1tila dom\u016f a jej\u00ed otec se dozv\u00ed, \u017ee v kl\u00e1\u0161te\u0159e prohloubila sv\u00e9 znalosti bylink\u00e1\u0159stv\u00ed. Je vzteky bez sebe, proto\u017ee l\u00e9\u010ditelstv\u00ed se pro n\u011bj rovn\u00e1 \u010darod\u011bjnictv\u00ed. Dopis pln\u00fd chv\u00e1ly od matky p\u0159edstaven\u00e9 ho sice trochu uklidn\u00ed a Giuli dovol\u00ed v praxi pokra\u010dovat, ale navzdory v\u0161emu j\u00ed za\u010dne domlouvat s\u0148atek. Giulie cel\u00fdm sv\u00fdm srdcem tou\u017e\u00ed pom\u00e1hat lidem. Chce b\u00fdt prosp\u011b\u0161n\u00e1 a sna\u017eit se lidem ulevit od bolesti. Nechce se vd\u00e1t, m\u00edt d\u011bti a sv\u016fj sen zahodit. Svatba je v\u0161ak domluvena a nic na tom ji\u017e nejde zm\u011bnit. Jak\u00fd bude jej\u00ed man\u017eel? Tvrdohlav\u00fd a starom\u00f3dn\u00ed jako jej\u00ed otec nebo bude pro Giulii darem z nebes? Dok\u00e1\u017ee pochopit jej\u00ed touhu a podpo\u0159it jej\u00ed c\u00edl? \u010cek\u00e1 je \u017eivot pln\u00fd \u0161t\u011bst\u00ed nebo smutn\u00e9ho osudu a t\u011b\u017ek\u00fdch ran?\u00a0<\/p>\n<p style=\"font-weight: 400;\">Jak pokra\u010duje v\u00e1lka, je do arm\u00e1dy povol\u00e1n Giuliin otec, veter\u00e1n z 1. sv\u011btov\u00e9 v\u00e1lky, a posl\u00e9ze i mlad\u0161\u00ed bratr. Tak jako na v\u0161ech sousedn\u00edch statc\u00edch i zde se o pole a dom\u00e1c\u00ed zv\u00ed\u0159ata mus\u00ed postarat u\u017e jen \u017eeny. Velk\u00e9 \u010d\u00e1sti \u00farody odevzd\u00e1vaj\u00ed a pro jejich \u017eivot jim z\u016fst\u00e1v\u00e1 jen velmi m\u00e1lo. U\u010d\u00ed se obchodovat na \u010dern\u00e9m trhu a navz\u00e1jem si st\u00e1le pom\u00e1hat. Mu\u017ei slou\u017e\u00ed v arm\u00e1d\u011b nebo se p\u0159id\u00e1vaj\u00ed k partyz\u00e1n\u016fm. Strach a b\u00edda je v\u0161udyp\u0159\u00edtomn\u00e1 a obdr\u017eet telegram znamen\u00e1 jedin\u00e9\u2026<\/p>\n<p style=\"font-weight: 400;\">S Giuli\u00ed ot\u0159esou ne\u0161\u0165astn\u00e9 ud\u00e1losti a do \u017eivota j\u00ed vstoup\u00ed dal\u0161\u00ed mu\u017e. Nav\u00edc jej\u00ed touha pom\u00e1hat je st\u00e1le v\u011bt\u0161\u00ed a v\u011bt\u0161\u00ed. Odhodl\u00e1 se opustit rodnou vesnici a odjet p\u0159\u00edmo do centra boj\u016f, do bombardovan\u00e9 Neapole nebo je\u0161t\u011b d\u00e1l? Kolik ztr\u00e1t na \u017eivotech se dotkne jej\u00ed rodiny? S \u010d\u00edm v\u0161\u00edm se mus\u00ed vyrovnat a dok\u00e1\u017ee se v\u016fbec je\u0161t\u011b t\u011b\u0161it ze \u017eivota a dos\u00e1hnout sv\u00fdch c\u00edl\u016f?<\/p>\n<p style=\"font-weight: 400;\">P\u0159ekr\u00e1sn\u00e1 kniha o lidsk\u00e9 odvaze a siln\u00e9 v\u016fli, o utrpen\u00ed, bolesti, ale tak\u00e9 o nalezen\u00ed l\u00e1sky a rodinn\u00e9 pospolitosti. Poutav\u00e1 a fascinuj\u00edc\u00ed od prvn\u00ed str\u00e1nky. P\u0159e\u010detla jsem spoustu knih z druh\u00e9 sv\u011btov\u00e9 v\u00e1lky, ale v\u011bt\u0161ina z nich byla z N\u011bmecka, z Francie \u010di Polska. Bylo tedy velmi zaj\u00edmav\u00e9 se na tuto historii pod\u00edvat i o\u010dima oby\u010dejn\u00fdch Ital\u016f \u017eij\u00edc\u00edch v kraji, kter\u00fd velmi miluji. It\u00e1lie m\u00e1 slo\u017eitou historii, fa\u0161ismus byl svr\u017een a\u017e v pr\u016fb\u011bhu v\u00e1lky a v cel\u00e9 It\u00e1lii doch\u00e1zelo k velk\u00fdm ob\u010dansk\u00fdm nepokoj\u016fm. Autorka v\u00fdborn\u011b popisuje tehdej\u0161\u00ed politick\u00e9 ud\u00e1losti a skv\u011ble zvolila rovnov\u00e1hu mezi histori\u00ed i fikc\u00ed. Dos\u00e1hla tak naprosto \u00fa\u017easn\u00e9ho p\u0159\u00edb\u011bhu, kter\u00fd v\u0159ele doporu\u010duji.<\/p>\n<p style=\"font-weight: 400;\">\u00a0<\/p>\n<p style=\"font-weight: 400;\">\u00a0<\/p>\n<p style=\"font-weight: 400;\">Mark\u00e9ta Posp\u00ed\u0161ilov\u00e1<\/p>\n<p>Autor:\u00a0Mark\u00e9ta Posp\u00ed\u0161ilov\u00e1<\/p>\n","protected":false},"excerpt":{"rendered":"<p>It\u00e1lie vyst\u0159\u00eddala v druh\u00e9 sv\u011btov\u00e9 v\u00e1lce ob\u011b strany. Za\u010d\u00ednala pod fa\u0161istick\u00fdm veden\u00edm a b\u011bhem let se p\u0159idala na stranu Spojenc\u016f. Jak pro\u017e\u00edvali toto temn\u00e9 obdob\u00ed d\u011bjin obyvatel\u00e9 Kal\u00e1brie, nejchud\u0161\u00ed italsk\u00e9 \u010d\u00e1sti na sam\u00e9 \u0161pi\u010dce italsk\u00e9 boty?<\/p>\n","protected":false},"author":2,"featured_media":324473,"comment_status":"open","ping_status":"open","sticky":false,"template":"","format":"standard","meta":{"_acf_changed":false,"_monsterinsights_skip_tracking":false,"_monsterinsights_sitenote_active":false,"_monsterinsights_sitenote_note":"","_monsterinsights_sitenote_category":0,"_EventAllDay":false,"_EventTimezone":"","_EventStartDate":"","_EventEndDate":"","_EventStartDateUTC":"","_EventEndDateUTC":"","_EventShowMap":false,"_EventShowMapLink":false,"_EventURL":"","_EventCost":"","_EventCostDescription":"","_EventCurrencySymbol":"","_EventCurrencyCode":"","_EventCurrencyPosition":"","_EventDateTimeSeparator":"","_EventTimeRangeSeparator":"","_EventOrganizerID":[],"_EventVenueID":[],"_OrganizerEmail":"","_OrganizerPhone":"","_OrganizerWebsite":"","_VenueAddress":"","_VenueCity":"","_VenueCountry":"","_VenueProvince":"","_VenueState":"","_VenueZip":"","_VenuePhone":"","_VenueURL":"","_VenueStateProvince":"","_VenueLat":"","_VenueLng":"","_VenueShowMap":false,"_VenueShowMapLink":false,"twitterCardType":"","cardImageID":0,"cardImage":"","cardTitle":"","cardDesc":"","cardImageAlt":"","cardPlayer":"","cardPlayerWidth":0,"cardPlayerHeight":0,"cardPlayerStream":"","cardPlayerCodec":"","footnotes":""},"categories":[7],"tags":[21832],"class_list":["post-324472","post","type-post","status-publish","format-standard","has-post-thumbnail","hentry","category-recenze","tag-literarni-kavarna"],"acf":{"related_products":null},"_links":{"self":[{"href":"https:\/\/www.luxor.cz\/blog\/wp-json\/wp\/v2\/posts\/324472","targetHints":{"allow":["GET"]}}],"collection":[{"href":"https:\/\/www.luxor.cz\/blog\/wp-json\/wp\/v2\/posts"}],"about":[{"href":"https:\/\/www.luxor.cz\/blog\/wp-json\/wp\/v2\/types\/post"}],"author":[{"embeddable":true,"href":"https:\/\/www.luxor.cz\/blog\/wp-json\/wp\/v2\/users\/2"}],"replies":[{"embeddable":true,"href":"https:\/\/www.luxor.cz\/blog\/wp-json\/wp\/v2\/comments?post=324472"}],"version-history":[{"count":0,"href":"https:\/\/www.luxor.cz\/blog\/wp-json\/wp\/v2\/posts\/324472\/revisions"}],"wp:featuredmedia":[{"embeddable":true,"href":"https:\/\/www.luxor.cz\/blog\/wp-json\/wp\/v2\/media\/324473"}],"wp:attachment":[{"href":"https:\/\/www.luxor.cz\/blog\/wp-json\/wp\/v2\/media?parent=324472"}],"wp:term":[{"taxonomy":"category","embeddable":true,"href":"https:\/\/www.luxor.cz\/blog\/wp-json\/wp\/v2\/categories?post=324472"},{"taxonomy":"post_tag","embeddable":true,"href":"https:\/\/www.luxor.cz\/blog\/wp-json\/wp\/v2\/tags?post=324472"}],"curies":[{"name":"wp","href":"https:\/\/api.w.org\/{rel}","templated":true}]}}