{"id":324468,"date":"2024-10-19T10:00:49","date_gmt":"2024-10-19T08:00:49","guid":{"rendered":"https:\/\/www.luxor.cz\/blog\/nezarazene\/64200-kdyz-stari-zaklepe-na-dvere\/"},"modified":"2024-10-19T10:00:49","modified_gmt":"2024-10-19T08:00:49","slug":"64200-kdyz-stari-zaklepe-na-dvere","status":"publish","type":"post","link":"https:\/\/www.luxor.cz\/blog\/recenze\/64200-kdyz-stari-zaklepe-na-dvere\/","title":{"rendered":"Kdy\u017e st\u00e1\u0159\u00ed zaklepe na dve\u0159e"},"content":{"rendered":"<p style=\"font-weight: 400;\">B\u00fdval\u00e1 knihovnice Nina je nyn\u00ed v d\u016fchodu, ale je st\u00e1le \u010dipern\u00e1 a samostatn\u00e1. Vilku po rodi\u010d\u00edch ob\u00fdv\u00e1 se sv\u00fdm bratrem, kter\u00fd se nikdy neo\u017eenil. Jej\u00ed syn s rodinou \u017eije v Latinsk\u00e9 Americe a zbytek p\u0159\u00edbuzn\u00fdch v\u010detn\u011b sv\u00e9ho man\u017eela Nina bohu\u017eel u\u017e pochovala. Sv\u016fj voln\u00fd \u010das tedy tr\u00e1v\u00ed na zahr\u00e1dce, na proch\u00e1zk\u00e1ch se sv\u00fdm pejskem nebo \u010dten\u00edm knih. \u010cesk\u00fd jazyk a literaturu miluje.<\/p>\n<p style=\"font-weight: 400;\">A pr\u00e1v\u011b d\u00edky sv\u00e9mu b\u00fdval\u00e9mu povol\u00e1n\u00ed i z\u00e1lib\u011b v knih\u00e1ch je po\u017e\u00e1d\u00e1na, aby dou\u010dovala dceru jejich nov\u00fdch soused\u016f. G\u00e1binu \u010dekaj\u00ed zkou\u0161ky na gympl a v \u010de\u0161tin\u011b vylo\u017een\u011b plave. Nina i p\u0159es p\u016fvodn\u00ed odm\u00edtnut\u00ed nakonec souhlas\u00ed.<\/p>\n<p style=\"font-weight: 400;\">Ob\u011b \u017eeny k sob\u011b nach\u00e1zej\u00ed cestu a navz\u00e1jem si pom\u00e1haj\u00ed. Ten, kdo v\u0161ak stoj\u00ed v centru probl\u00e9m\u016f je G\u00e1binin otec. Nejen\u017ee nedovol\u00ed sv\u00e9 dce\u0159i studovat jej\u00ed vysn\u011bnou \u0161kolu, ale m\u00e1 tak\u00e9 velk\u00fd z\u00e1jem o koupi Ninina domu. Jej\u00ed bratr by r\u00e1d s prodejem souhlasil, ale Nina si p\u0159eje v dom\u011b po sv\u00fdch p\u0159edc\u00edch do\u017e\u00edt. Sem\u00ednko sv\u00e1ru je zaseto a s n\u00edm se na povrch za\u010d\u00ednaj\u00ed dost\u00e1vat star\u00e9 k\u0159ivdy a nezapomenuteln\u00e9 h\u0159\u00edchy. Dok\u00e1\u017ee se Nina s nov\u00fdmi informacemi vyrovnat a po des\u00edtk\u00e1ch let kone\u010dn\u011b odpustit? Nebo je bolest zako\u0159en\u011bna tak hluboce v jej\u00edm nitru, \u017ee nikdy nebude schopna se p\u0159es sv\u00e9 utrpen\u00ed p\u0159en\u00e9st?<\/p>\n<p style=\"font-weight: 400;\">Do toho velk\u00e9ho citov\u00e9ho zmatku, zaklepe na dve\u0159e nezvan\u00fd n\u00e1v\u0161t\u011bvn\u00edk. P\u0159ich\u00e1z\u00ed pomalu, ne\u010dekan\u011b a u\u017e nikdy neodejde. Us\u00eddl\u00ed se u Niny a ned\u00e1 j\u00ed na vybranou. Z\u016fstane s n\u00ed u\u017e nav\u017edy\u2026.Nina mus\u00ed za\u010d\u00edt jednat. Je \u010das na velk\u00e1 rozhodnut\u00ed\u2026<\/p>\n<p style=\"font-weight: 400;\">Kniha n\u00e1m uk\u00e1\u017ee mezigenera\u010dn\u00ed probl\u00e9my a st\u0159ety. Ale tak\u00e9 radost ze spole\u010dn\u00fdch chvil a vz\u00e1jemn\u00e9 pomoci. Je to p\u0159\u00edb\u011bh pln\u00fd s\u00edly a odhodl\u00e1n\u00ed, ale tak\u00e9 smutku a l\u00edtosti. Donut\u00ed n\u00e1s p\u0159em\u00fd\u0161let nad na\u0161\u00edm \u017eivotem, na\u0161\u00ed minulost\u00ed, rodinn\u00fdmi sv\u00e1ry a nepochopen\u00edm. P\u0159i \u010dten\u00ed na\u0161e my\u0161lenky budou m\u00ed\u0159it i k tomu, co n\u00e1s je\u0161t\u011b \u010dek\u00e1\u2026A jak na\u0161e budoucnost m\u016f\u017ee b\u00fdt t\u011b\u017ek\u00e1 a pomoc bl\u00edzk\u00fdch bude nevyhnuteln\u00e1.<\/p>\n<p style=\"font-weight: 400;\">Kniha, jej\u00ed\u017e polovina se vine pomal\u00fdm, av\u0161ak p\u0159\u00edjemn\u00fdm tempem, aby pot\u00e9 nabrala \u00fa\u017easn\u011b rychl\u00fd sp\u00e1d. P\u0159\u00edb\u011bh se bude rozhodn\u011b l\u00edbit i star\u0161\u00ed generaci a ob\u00e1lka knihy vyza\u0159uje kouzlo domova a h\u0159ejiv\u00e9 vzpom\u00ednky. Pokud hled\u00e1te vhodn\u00fd kni\u017en\u00ed d\u00e1rek pro sv\u00e9 maminky \u010di babi\u010dky, s touto knihu ne\u0161l\u00e1pnete vedle.<\/p>\n<p style=\"font-weight: 400;\">\u00a0<\/p>\n<p style=\"font-weight: 400;\">\u00a0<\/p>\n<p style=\"font-weight: 400;\">Mark\u00e9ta Posp\u00ed\u0161ilov\u00e1<\/p>\n<p>Autor:\u00a0Mark\u00e9ta Posp\u00ed\u0161ilov\u00e1<\/p>\n","protected":false},"excerpt":{"rendered":"<p>Autorka Karla Kub\u00edkov\u00e1 napsala dal\u0161\u00ed laskavou a dojemnou knihu, v n\u00ed\u017e se hlavn\u00ed hrdinka mus\u00ed postavit nejen \u010delem sv\u00e9mu smutn\u00e9mu osudu, kter\u00fd si \u017eivot pro ni p\u0159ipravil, ale tak\u00e9 se vyrovnat s emotivn\u00edm p\u0159\u00edb\u011bhem sv\u00e9 minulosti\u2026<\/p>\n","protected":false},"author":2,"featured_media":324469,"comment_status":"open","ping_status":"open","sticky":false,"template":"","format":"standard","meta":{"_acf_changed":false,"_monsterinsights_skip_tracking":false,"_monsterinsights_sitenote_active":false,"_monsterinsights_sitenote_note":"","_monsterinsights_sitenote_category":0,"_EventAllDay":false,"_EventTimezone":"","_EventStartDate":"","_EventEndDate":"","_EventStartDateUTC":"","_EventEndDateUTC":"","_EventShowMap":false,"_EventShowMapLink":false,"_EventURL":"","_EventCost":"","_EventCostDescription":"","_EventCurrencySymbol":"","_EventCurrencyCode":"","_EventCurrencyPosition":"","_EventDateTimeSeparator":"","_EventTimeRangeSeparator":"","_EventOrganizerID":[],"_EventVenueID":[],"_OrganizerEmail":"","_OrganizerPhone":"","_OrganizerWebsite":"","_VenueAddress":"","_VenueCity":"","_VenueCountry":"","_VenueProvince":"","_VenueState":"","_VenueZip":"","_VenuePhone":"","_VenueURL":"","_VenueStateProvince":"","_VenueLat":"","_VenueLng":"","_VenueShowMap":false,"_VenueShowMapLink":false,"twitterCardType":"","cardImageID":0,"cardImage":"","cardTitle":"","cardDesc":"","cardImageAlt":"","cardPlayer":"","cardPlayerWidth":0,"cardPlayerHeight":0,"cardPlayerStream":"","cardPlayerCodec":"","footnotes":""},"categories":[7],"tags":[21832],"class_list":["post-324468","post","type-post","status-publish","format-standard","has-post-thumbnail","hentry","category-recenze","tag-literarni-kavarna"],"acf":{"related_products":null},"_links":{"self":[{"href":"https:\/\/www.luxor.cz\/blog\/wp-json\/wp\/v2\/posts\/324468","targetHints":{"allow":["GET"]}}],"collection":[{"href":"https:\/\/www.luxor.cz\/blog\/wp-json\/wp\/v2\/posts"}],"about":[{"href":"https:\/\/www.luxor.cz\/blog\/wp-json\/wp\/v2\/types\/post"}],"author":[{"embeddable":true,"href":"https:\/\/www.luxor.cz\/blog\/wp-json\/wp\/v2\/users\/2"}],"replies":[{"embeddable":true,"href":"https:\/\/www.luxor.cz\/blog\/wp-json\/wp\/v2\/comments?post=324468"}],"version-history":[{"count":0,"href":"https:\/\/www.luxor.cz\/blog\/wp-json\/wp\/v2\/posts\/324468\/revisions"}],"wp:featuredmedia":[{"embeddable":true,"href":"https:\/\/www.luxor.cz\/blog\/wp-json\/wp\/v2\/media\/324469"}],"wp:attachment":[{"href":"https:\/\/www.luxor.cz\/blog\/wp-json\/wp\/v2\/media?parent=324468"}],"wp:term":[{"taxonomy":"category","embeddable":true,"href":"https:\/\/www.luxor.cz\/blog\/wp-json\/wp\/v2\/categories?post=324468"},{"taxonomy":"post_tag","embeddable":true,"href":"https:\/\/www.luxor.cz\/blog\/wp-json\/wp\/v2\/tags?post=324468"}],"curies":[{"name":"wp","href":"https:\/\/api.w.org\/{rel}","templated":true}]}}