{"id":324454,"date":"2024-11-13T12:20:36","date_gmt":"2024-11-13T11:20:36","guid":{"rendered":"https:\/\/www.luxor.cz\/blog\/nezarazene\/64215-jejim-osudem-ma-byt-smrt\/"},"modified":"2024-11-13T12:20:36","modified_gmt":"2024-11-13T11:20:36","slug":"64215-jejim-osudem-ma-byt-smrt","status":"publish","type":"post","link":"https:\/\/www.luxor.cz\/blog\/recenze\/64215-jejim-osudem-ma-byt-smrt\/","title":{"rendered":"Jej\u00edm osudem m\u00e1 b\u00fdt smrt"},"content":{"rendered":"<p style=\"font-weight: 400;\">Lidstvo zas\u00e1hla krut\u00e1 nemoc. Ti, kte\u0159\u00ed m\u011bli to \u0161t\u011bst\u00ed a p\u0159e\u017eili, z\u00edskali nev\u0161edn\u00ed vzhled. Lid\u00e9 se rod\u00ed s\u00a0vlasy barvy \u0161e\u0159\u00edku, tyrkysu nebo st\u0159\u00edbrn\u00fdmi vlnami jako m\u00e1 Paedyn. Prom\u011bna v\u0161ak m\u011bla mnohem v\u011bt\u0161\u00ed dosah. N\u011bkte\u0159\u00ed lid\u00e9 z\u00edskali nev\u0161edn\u00ed schopnosti.<\/p>\n<p style=\"font-weight: 400;\">Ti, je\u017e byli obda\u0159eni novou silou, si za\u010dali \u0159\u00edkat Elita. V\u0161eobecn\u011b se m\u00e1 za to, \u017ee kdo schopnosti nem\u00e1, \u0159ad\u00ed se mezi Oby\u010dejn\u00e9. Oby\u010dejn\u00ed lid\u00e9 v\u0161ak mohou p\u0159en\u00e1\u0161et nemoc a ta by Elitu p\u0159ipravila o jejich schopnosti. Tak se to \u0159\u00edk\u00e1. Byl to d\u016fvod vyhnat z kr\u00e1lovstv\u00ed\u00a0Ilye Oby\u010dejn\u00e9.<\/p>\n<p style=\"font-weight: 400;\">Jak v\u0161ichni v\u00edme, pravidla jsou tu od toho, aby se je soustavn\u011b n\u011bkdo pokou\u0161el poru\u0161it. Hor\u0161\u00ed je, pokud v\u00e1m za jejich poru\u0161en\u00ed hroz\u00ed krut\u00e9 mu\u010den\u00ed a smrt.<\/p>\n<p style=\"font-weight: 400;\">A tak mezit\u00edm, co se Elita sna\u017e\u00ed zdokonalovat ve sv\u00fdch schopnostech, v\u00a0ulic\u00edch Ilye \u017eij\u00ed lid\u00e9 i v\u00a0chudinsk\u00fdch \u010dtvrt\u00edch a nezb\u00fdv\u00e1 jim nic jin\u00e9ho, ne\u017e okr\u00e1dat ostatn\u00ed i stejn\u011b chud\u00e9, aby p\u0159e\u017eili. Pat\u0159\u00ed sem i Paedyn.<\/p>\n<p style=\"font-weight: 400;\">Paedyn se nikdy nevyrovnala se smrt\u00ed sv\u00e9ho otce. Otec byl L\u00e9\u010ditel, pat\u0159il k\u00a0Elit\u00e1m, p\u0159esto byl zabit, a to nik\u00fdm jin\u00fdm ne\u017e samotn\u00fdm kr\u00e1lem. Paedyn jeho dar nezd\u011bdila, ale otec ji vycvi\u010dil, aby um\u011bla dokonale sehr\u00e1t svou roli. P\u0159ijala roli Psychika, co\u017e m\u011blo z\u016fstat bez pov\u0161imnut\u00ed.<\/p>\n<p style=\"font-weight: 400;\">Paedyn sp\u00ed na dla\u017eb\u011b, je obklopen\u00e1 odpadky a nikdy nev\u00ed, jestli se\u017eene v\u016fbec n\u011bco k\u00a0j\u00eddlu. Je zlod\u011bjka a je na to hrd\u00e1. I p\u0159es sv\u016fj v\u00fdcvik m\u00e1 v\u0161ak sklony se dost\u00e1vat \u010dasto do pot\u00ed\u017e\u00ed. Samoz\u0159ejm\u011b v\u00ed, \u017ee by nejprve m\u011bla myslet a a\u017e pot\u00e9 mluvit, ale\u2026<\/p>\n<p style=\"font-weight: 400;\">Mezit\u00edm se v\u00a0pal\u00e1ci chystaj\u00ed dal\u0161\u00ed O\u010distn\u00e9 zkou\u0161ky. Zkou\u0161ky, kter\u00e9 jejich \u00fa\u010dastn\u00edci nemus\u00ed p\u0159e\u017e\u00edt. Tentokr\u00e1t budou jin\u00e9. Mezi Elitou se bude \u00fa\u010dastnit i princ, budouc\u00ed Vymahatel. Princ Kai, kter\u00fd byl vycvi\u010den k\u00a0boji. Vycvi\u010den v\u00a0nejlep\u0161\u00edch technik\u00e1ch mu\u010den\u00ed a se schopnostmi Ovladatele. Korunn\u00ed princ Kitt se z\u00fa\u010dastnit nesm\u00ed. M\u011bl naprosto jin\u00fd druh v\u00fdcviku a v\u00fdchovy, kter\u00fd ho p\u0159edur\u010dil kralovat.<\/p>\n<p style=\"font-weight: 400;\">A tak mezit\u00edm, co se jedni zab\u00fdvaj\u00ed svou moc\u00ed, druz\u00ed mus\u00ed denn\u011b bojovat o sv\u016fj \u017eivot. Vystaven\u00ed mu\u010den\u00ed, ka\u017edodenn\u00edmu nel\u00edtostn\u00e9mu n\u00e1sil\u00ed, sil\u00e1m Elit, manipulaci, hr\u00e1m a strachu.<\/p>\n<p style=\"font-weight: 400;\">V\u0161ichni v\u00ed, \u017ee s\u00a0Vymahatelem chod\u00ed smrt. Je vycvi\u010den k\u00a0zab\u00edjen\u00ed. Ve jm\u00e9nu kr\u00e1le a sv\u00e9ho kr\u00e1lovstv\u00ed nel\u00edtostn\u011b mu\u010d\u00ed a vra\u017ed\u00ed. Ale i jemu se m\u016f\u017ee st\u00e1t n\u011bco, co nikdy neza\u017eil a nep\u0159edpokl\u00e1dal.<\/p>\n<p style=\"font-weight: 400;\">Divok\u00fd boj o \u017eivot za\u010d\u00edn\u00e1. Pro n\u011bkter\u00e9 jde o pouh\u00fd boj, pro jin\u00e9 o poctu. Pro koho se stane nel\u00edtostn\u00fd boj p\u0159edehrou plnou v\u00e1\u0161n\u011b, kter\u00e1 se s\u00a0ka\u017ed\u00fdm dal\u0161\u00edm okam\u017eikem vyost\u0159uje a st\u00e1v\u00e1 se v\u00edc vzru\u0161uj\u00edc\u00ed?<\/p>\n<p style=\"font-weight: 400;\">Jde do tuh\u00e9ho. Dva brat\u0159i, oba princov\u00e9, naprost\u00e9 protiklady a Paedyn, kter\u00e1 plane touhou je oba zab\u00edt. Ka\u017ed\u00e9ho ale z\u00a0jin\u00e9ho d\u016fvodu. Nebo co takhle p\u0159istoupit na jejich hru?<\/p>\n<p style=\"font-weight: 400;\">Up\u0159\u00edmn\u011b, ch\u00e1pe n\u011bkdo, pro\u010d Kitt tohle d\u011bl\u00e1? Nemohu se do\u010dkat druh\u00e9ho d\u00edlu.<\/p>\n<p style=\"font-weight: 400;\">Lauren Roberts, autorka knihy Bezmocn\u00e1, p\u0159ed sv\u00e9 \u010dten\u00e1\u0159e rozprost\u0159ela nev\u0161edn\u00ed p\u0159\u00edb\u011bh pln\u00fd akce, emoc\u00ed, v\u00e1\u0161n\u011b a pomsty. Zprvu mi kniha ub\u00edhala pomalu a p\u0159izn\u00e1m se, \u017ee m\u011b ani moc nezaujala, ale s\u00a0ka\u017edou dal\u0161\u00ed str\u00e1nkou bylo t\u011b\u017e\u0161\u00ed knihu odlo\u017eit. Jsem r\u00e1da, \u017ee jsem knize dala \u0161anci, proto\u017ee opravdu za p\u0159e\u010dten\u00ed stoj\u00ed.<\/p>\n<p style=\"font-weight: 400;\">\u00a0<\/p>\n<p style=\"font-weight: 400;\">\u00a0<\/p>\n<p style=\"font-weight: 400;\">Eva Mare\u0161ov\u00e1<\/p>\n<p>Autor:\u00a0Eva Mare\u0161ov\u00e1<\/p>\n","protected":false},"excerpt":{"rendered":"<p>Je bezmocn\u00e1, p\u0159esto se zd\u00e1 b\u00fdt schopn\u011bj\u0161\u00ed, ne\u017e by v\u016fbec kdo mohl p\u0159edpokl\u00e1dat. Je n\u011bk\u00fdm jin\u00fdm, ne\u017e za koho ji ostatn\u00ed pova\u017euj\u00ed. Nepat\u0159\u00ed k\u00a0Elit\u00e1m, kter\u00e9 se ji\u017e rod\u00ed se sv\u00fdmi schopnostmi. Paedyn Grayov\u00e1 je Oby\u010dejn\u00e1.<\/p>\n","protected":false},"author":2,"featured_media":324455,"comment_status":"open","ping_status":"open","sticky":false,"template":"","format":"standard","meta":{"_acf_changed":false,"_monsterinsights_skip_tracking":false,"_monsterinsights_sitenote_active":false,"_monsterinsights_sitenote_note":"","_monsterinsights_sitenote_category":0,"_EventAllDay":false,"_EventTimezone":"","_EventStartDate":"","_EventEndDate":"","_EventStartDateUTC":"","_EventEndDateUTC":"","_EventShowMap":false,"_EventShowMapLink":false,"_EventURL":"","_EventCost":"","_EventCostDescription":"","_EventCurrencySymbol":"","_EventCurrencyCode":"","_EventCurrencyPosition":"","_EventDateTimeSeparator":"","_EventTimeRangeSeparator":"","_EventOrganizerID":[],"_EventVenueID":[],"_OrganizerEmail":"","_OrganizerPhone":"","_OrganizerWebsite":"","_VenueAddress":"","_VenueCity":"","_VenueCountry":"","_VenueProvince":"","_VenueState":"","_VenueZip":"","_VenuePhone":"","_VenueURL":"","_VenueStateProvince":"","_VenueLat":"","_VenueLng":"","_VenueShowMap":false,"_VenueShowMapLink":false,"twitterCardType":"","cardImageID":0,"cardImage":"","cardTitle":"","cardDesc":"","cardImageAlt":"","cardPlayer":"","cardPlayerWidth":0,"cardPlayerHeight":0,"cardPlayerStream":"","cardPlayerCodec":"","footnotes":""},"categories":[7],"tags":[21832],"class_list":["post-324454","post","type-post","status-publish","format-standard","has-post-thumbnail","hentry","category-recenze","tag-literarni-kavarna"],"acf":{"related_products":null},"_links":{"self":[{"href":"https:\/\/www.luxor.cz\/blog\/wp-json\/wp\/v2\/posts\/324454","targetHints":{"allow":["GET"]}}],"collection":[{"href":"https:\/\/www.luxor.cz\/blog\/wp-json\/wp\/v2\/posts"}],"about":[{"href":"https:\/\/www.luxor.cz\/blog\/wp-json\/wp\/v2\/types\/post"}],"author":[{"embeddable":true,"href":"https:\/\/www.luxor.cz\/blog\/wp-json\/wp\/v2\/users\/2"}],"replies":[{"embeddable":true,"href":"https:\/\/www.luxor.cz\/blog\/wp-json\/wp\/v2\/comments?post=324454"}],"version-history":[{"count":0,"href":"https:\/\/www.luxor.cz\/blog\/wp-json\/wp\/v2\/posts\/324454\/revisions"}],"wp:featuredmedia":[{"embeddable":true,"href":"https:\/\/www.luxor.cz\/blog\/wp-json\/wp\/v2\/media\/324455"}],"wp:attachment":[{"href":"https:\/\/www.luxor.cz\/blog\/wp-json\/wp\/v2\/media?parent=324454"}],"wp:term":[{"taxonomy":"category","embeddable":true,"href":"https:\/\/www.luxor.cz\/blog\/wp-json\/wp\/v2\/categories?post=324454"},{"taxonomy":"post_tag","embeddable":true,"href":"https:\/\/www.luxor.cz\/blog\/wp-json\/wp\/v2\/tags?post=324454"}],"curies":[{"name":"wp","href":"https:\/\/api.w.org\/{rel}","templated":true}]}}