{"id":324452,"date":"2024-11-15T10:00:08","date_gmt":"2024-11-15T09:00:08","guid":{"rendered":"https:\/\/www.luxor.cz\/blog\/nezarazene\/64216-kdyby-domy-mohly-vypravet\/"},"modified":"2024-11-15T10:00:08","modified_gmt":"2024-11-15T09:00:08","slug":"64216-kdyby-domy-mohly-vypravet","status":"publish","type":"post","link":"https:\/\/www.luxor.cz\/blog\/recenze\/64216-kdyby-domy-mohly-vypravet\/","title":{"rendered":"Kdyby domy mohly vypr\u00e1v\u011bt"},"content":{"rendered":"<p style=\"font-weight: 400;\">T\u00e9m\u011b\u0159 p\u0159ed sto lety koupil vdovec Eduard Schwarz d\u016fm v\u00a0Matou\u0161ov\u011b ulici, aby z\u00edskal pro svou rodinu d\u016fstojn\u00e9 s\u00eddlo. Na\u0161e historie nen\u00ed v\u00a0mnoha p\u0159\u00edpadech lehk\u00e1 a odr\u00e1\u017e\u00ed se na osudech lid\u00ed, i na osudech dom\u016f. Autorka si dala velkou pr\u00e1ci a za\u010dala sledovat stopy rodiny Schwarzov\u00fdch, ale i dal\u0161\u00edch obyvatel, kte\u0159\u00ed se ocitli ve stejn\u00e9m dom\u011b, i kdy\u017e v\u00a0jin\u00e9m \u010dase.<\/p>\n<p style=\"font-weight: 400;\">Jeliko\u017e m\u00e1m r\u00e1da knihy podle skute\u010dn\u00fdch p\u0159\u00edb\u011bh\u016f a m\u00e1m r\u00e1da i ty od Terezy Bou\u010dkov\u00e9, kniha m\u011b okam\u017eit\u011b zaujala (a to nejen d\u00edky sv\u00e9 zaj\u00edmav\u00e9 ob\u00e1lce). Te\u010f u\u017e v\u00edm, \u017ee jsem ud\u011blala dob\u0159e, \u017ee jsem si ji p\u0159e\u010detla, nebo\u0165 byla skv\u011bl\u00e1!<\/p>\n<p style=\"font-weight: 400;\">Od prvn\u00edch str\u00e1nek p\u0159\u00edb\u011bh vt\u00e1hne a rozhodn\u011b upout\u00e1 \u010dten\u00e1\u0159ovu pozornost. M\u011b si kniha z\u00edskala natolik, \u017ee jsem ji nemohla odlo\u017eit a p\u0159e\u010detla ji na jeden z\u00e1tah. Z\u00a0textu je c\u00edtit ur\u010dit\u00e1 nal\u00e9havost, kter\u00e1 v\u00e1s zas\u00e1hne a pohlt\u00ed. Probud\u00ed ve v\u00e1s emoce a budete znovu pro\u017e\u00edvat hr\u016fzy z\u00a0minulosti. A to nejen t\u00e9 d\u00e1vn\u00e9. Autorka se zde dotkne i v\u00e1lky na Ukrajin\u011b, p\u0159epaden\u00ed Izraele nebo trag\u00e9die na filozofick\u00e9 fakult\u011b. P\u0159in\u00e1\u0161\u00ed n\u00e1m tak pohled i na n\u00e1\u0161 sou\u010dasn\u00fd \u017eivot.<\/p>\n<p style=\"font-weight: 400;\">Kdy\u017e jsme se v\u00a0knize dostali do obdob\u00ed druh\u00e9 sv\u011btov\u00e9 v\u00e1lky, do koncentra\u010dn\u00edch t\u00e1bor\u016f, tak i kdy\u017e m\u00e1m na\u010dteno hodn\u011b podobn\u00fdch p\u0159\u00edb\u011bh\u016f, tak t\u00edm, jak je to naps\u00e1no, m\u011b to neskute\u010dn\u011b zas\u00e1hlo. Bylo mi z\u00a0toho \u00fazko a pobre\u010dela jsem si.<\/p>\n<p style=\"font-weight: 400;\">Je skv\u011bl\u00e9, \u017ee na p\u0159eds\u00e1dce knihy je uveden ur\u010dit\u00fd typ rodokmenu. Nen\u00ed to jen rodokmen v\u00a0r\u00e1mci jedn\u00e9 rodiny, ale sp\u00ed\u0161e rodokmen cel\u00e9ho domu. P\u0159i \u010dten\u00ed jsem ho r\u00e1da vyu\u017eila, abych se ujistila v\u00a0p\u0159\u00edbuzensk\u00fdch vztaz\u00edch.<\/p>\n<p style=\"font-weight: 400;\">Cel\u00e1 kniha je velmi up\u0159\u00edmn\u00e1 a a\u017e hodn\u011b osobn\u00ed, ostatn\u011b, na to jsme u autorky zvykl\u00ed. Za m\u011b je to rozhodn\u011b nejlep\u0161\u00ed kniha, co jsem zat\u00edm od Terezy Bou\u010dkov\u00e9 \u010detla.<\/p>\n<p style=\"font-weight: 400;\">\u00a0<\/p>\n<p style=\"font-weight: 400;\">\u00a0<\/p>\n<p style=\"font-weight: 400;\">Eva Francov\u00e1<\/p>\n<p>Autor:\u00a0Eva Francov\u00e1<\/p>\n","protected":false},"excerpt":{"rendered":"<p>Zamysleli jste se n\u011bkdy nad t\u00edm, co by v\u00e1\u0161 d\u016fm nebo d\u016fm va\u0161ich p\u0159edk\u016f mohl \u0159\u00edci o v\u0161ech jeho obyvatel\u00edch? J\u00e1 bych to rozhodn\u011b r\u00e1da v\u011bd\u011bla, stejn\u011b tak, jako Tereza Bou\u010dkov\u00e1.<\/p>\n","protected":false},"author":2,"featured_media":324453,"comment_status":"open","ping_status":"open","sticky":false,"template":"","format":"standard","meta":{"_acf_changed":false,"_monsterinsights_skip_tracking":false,"_monsterinsights_sitenote_active":false,"_monsterinsights_sitenote_note":"","_monsterinsights_sitenote_category":0,"_EventAllDay":false,"_EventTimezone":"","_EventStartDate":"","_EventEndDate":"","_EventStartDateUTC":"","_EventEndDateUTC":"","_EventShowMap":false,"_EventShowMapLink":false,"_EventURL":"","_EventCost":"","_EventCostDescription":"","_EventCurrencySymbol":"","_EventCurrencyCode":"","_EventCurrencyPosition":"","_EventDateTimeSeparator":"","_EventTimeRangeSeparator":"","_EventOrganizerID":[],"_EventVenueID":[],"_OrganizerEmail":"","_OrganizerPhone":"","_OrganizerWebsite":"","_VenueAddress":"","_VenueCity":"","_VenueCountry":"","_VenueProvince":"","_VenueState":"","_VenueZip":"","_VenuePhone":"","_VenueURL":"","_VenueStateProvince":"","_VenueLat":"","_VenueLng":"","_VenueShowMap":false,"_VenueShowMapLink":false,"twitterCardType":"","cardImageID":0,"cardImage":"","cardTitle":"","cardDesc":"","cardImageAlt":"","cardPlayer":"","cardPlayerWidth":0,"cardPlayerHeight":0,"cardPlayerStream":"","cardPlayerCodec":"","footnotes":""},"categories":[7],"tags":[21832],"class_list":["post-324452","post","type-post","status-publish","format-standard","has-post-thumbnail","hentry","category-recenze","tag-literarni-kavarna"],"acf":{"related_products":null},"_links":{"self":[{"href":"https:\/\/www.luxor.cz\/blog\/wp-json\/wp\/v2\/posts\/324452","targetHints":{"allow":["GET"]}}],"collection":[{"href":"https:\/\/www.luxor.cz\/blog\/wp-json\/wp\/v2\/posts"}],"about":[{"href":"https:\/\/www.luxor.cz\/blog\/wp-json\/wp\/v2\/types\/post"}],"author":[{"embeddable":true,"href":"https:\/\/www.luxor.cz\/blog\/wp-json\/wp\/v2\/users\/2"}],"replies":[{"embeddable":true,"href":"https:\/\/www.luxor.cz\/blog\/wp-json\/wp\/v2\/comments?post=324452"}],"version-history":[{"count":0,"href":"https:\/\/www.luxor.cz\/blog\/wp-json\/wp\/v2\/posts\/324452\/revisions"}],"wp:featuredmedia":[{"embeddable":true,"href":"https:\/\/www.luxor.cz\/blog\/wp-json\/wp\/v2\/media\/324453"}],"wp:attachment":[{"href":"https:\/\/www.luxor.cz\/blog\/wp-json\/wp\/v2\/media?parent=324452"}],"wp:term":[{"taxonomy":"category","embeddable":true,"href":"https:\/\/www.luxor.cz\/blog\/wp-json\/wp\/v2\/categories?post=324452"},{"taxonomy":"post_tag","embeddable":true,"href":"https:\/\/www.luxor.cz\/blog\/wp-json\/wp\/v2\/tags?post=324452"}],"curies":[{"name":"wp","href":"https:\/\/api.w.org\/{rel}","templated":true}]}}