{"id":324450,"date":"2024-11-17T10:00:49","date_gmt":"2024-11-17T09:00:49","guid":{"rendered":"https:\/\/www.luxor.cz\/blog\/nezarazene\/64217-to-ze-te-miluju-mozna-nebude-stacit\/"},"modified":"2024-11-17T10:00:49","modified_gmt":"2024-11-17T09:00:49","slug":"64217-to-ze-te-miluju-mozna-nebude-stacit","status":"publish","type":"post","link":"https:\/\/www.luxor.cz\/blog\/recenze\/64217-to-ze-te-miluju-mozna-nebude-stacit\/","title":{"rendered":"To, \u017ee t\u011b miluju, mo\u017en\u00e1 nebude sta\u010dit\u2026"},"content":{"rendered":"<p style=\"font-weight: 400;\">Mikul\u00e1\u0161 je oby\u010dejn\u00fd kluk. Vyr\u016fstal v \u00fapln\u00e9 a \u0161\u0165astn\u00e9 rodin\u011b, kter\u00e1 nejv\u00edc vybo\u010duje z pr\u016fm\u011bru t\u00edm, \u017ee Mikul\u00e1\u0161 je gay. Nicm\u00e9n\u011b ani to nakonec nenaru\u0161ilo jejich idylku. A n\u00e1\u0161 hlavn\u00ed hrdina te\u010f spokojen\u011b studuje um\u011bn\u00ed v Praze. Jen\u017ee s jeho sv\u011btem nav\u017edycky ot\u0159ese ve\u010der, kdy se se sv\u00fdmi dv\u011bma nejlep\u0161\u00edmi p\u0159\u00e1teli rozhodne nav\u0161t\u00edvit strip club Sphinx. Bylo to jen p\u00e1r minut, p\u00e1r okam\u017eik\u016f, kdy mu Adam sed\u011bl na kl\u00edn\u011b. Ale on na n\u011bho nemohl p\u0159estat myslet\u2026<\/p>\n<p style=\"font-weight: 400;\">Adam\u016fv \u017eivotn\u00ed p\u0159\u00edb\u011bh je mnohem slo\u017eit\u011bj\u0161\u00ed. Mnohem bolestiv\u011bj\u0161\u00ed. Pod vlivem v\u0161ech nep\u0159\u00edjemnost\u00ed, je\u017e ho potkaly, a t\u011b\u017ek\u00fdch \u017eivotn\u00edch rozhodnut\u00ed, kter\u00e1 v \u017eivot\u011b ud\u011blal, skon\u010dil tady. Ve strip clubu. Na m\u00edst\u011b, kter\u00e9 nen\u00e1vid\u00ed. A d\u011bl\u00e1 pr\u00e1ci, kterou d\u011blat nechce. Jen\u017ee m\u00e1 taky sv\u00e9 d\u016fvody, pro\u010d nem\u016f\u017ee odej\u00edt. Nebo si to jen namlouv\u00e1? Dala by se naj\u00edt cesta ven? Mohl by se vr\u00e1tit k baletu? Ty my\u0161lenky mu za\u010d\u00ednaj\u00ed v\u00ed\u0159it hlavou od chv\u00edle, kdy potkal Mikul\u00e1\u0161e\u2026 A pomalu odtik\u00e1v\u00e1 \u010das do katastrofy.<\/p>\n<p style=\"font-weight: 400;\">Sledovat st\u0159ed t\u011bchto dvou sv\u011bt\u016f je jako sledovat zpomalenou hav\u00e1rii. Mikul\u00e1\u0161 &#8211; a\u010dkoliv je nad\u0161en\u00fdm poslucha\u010dem krimi podcast\u016f &#8211; ve skute\u010dnosti nen\u00ed p\u0159ipraven na to, potkat n\u011bkoho s pohnut\u011bj\u0161\u00edm \u017eivotn\u00edm osudem ve skute\u010dn\u00e9m \u017eivot\u011b. Dok\u00e1\u017ee se se v\u0161emi informacemi vyrovnat? Nebo d\u00e1 p\u0159ednost bezpe\u010dn\u011bj\u0161\u00ed a poklidn\u011bj\u0161\u00ed variant\u011b &#8211; \u017eivotu bez Adama?<\/p>\n<p style=\"font-weight: 400;\">Na pozad\u00ed jejich l\u00e1sky se ale tak\u00e9 d\u011bje je\u0161t\u011b n\u011bco mnohem nebezpe\u010dn\u011bj\u0161\u00edho\u2026 Pro\u010d Adam ve skute\u010dnosti nem\u016f\u017ee ze Sphinx odej\u00edt? Co je za\u010d majitel klubu? Co v\u0161echno se tam d\u011bje za zav\u0159en\u00fdmi dve\u0159mi? A kde se tam vzalo mrtv\u00e9 t\u011blo?<\/p>\n<p style=\"font-weight: 400;\">D\u016fle\u017eit\u00fdm poznatkem o knize budi\u017e to, \u017ee je pln\u00e1 angli\u010dtiny. V\u00fdrazy nejsou pro d\u011bj podstatn\u00e9 (tak\u017ee vhodn\u00e9 i pro ne-angli\u010dtin\u00e1\u0159e), ale skv\u011ble to odr\u00e1\u017e\u00ed trend dne\u0161n\u00ed doby. P\u0159\u00edb\u011bh tak p\u016fsob\u00ed sv\u011b\u017ee, aktu\u00e1ln\u011b a ojedin\u011ble.<\/p>\n<p style=\"font-weight: 400;\">Nav\u00edc si k realistick\u00e9mu p\u0159\u00edb\u011bhu o slo\u017eit\u00fdch lidsk\u00fdch osudech a komplikovan\u00e9 l\u00e1sce dvou mlad\u00fdch lid\u00ed p\u0159ipo\u010dt\u011bte kol\u00e1\u010dky \u0161t\u011bst\u00ed, tajemnou ko\u010dku, kter\u00e1 si r\u00e1da hraje na pr\u016fvodkyni a zjevuje se znenad\u00e1n\u00ed, nebo t\u0159eba nevysv\u011btliteln\u00fd po\u017e\u00e1r\u2026 a do p\u0159\u00edb\u011bhu r\u00e1zem vstupuje mystika a tajemno. P\u0159\u00edb\u011bh t\u00edm z\u016fst\u00e1v\u00e1 stejn\u00fd, ale vlastn\u011b trochu jin\u00fd.<\/p>\n<p style=\"font-weight: 400;\">Tuhle knihu v\u00e1m doporu\u010duji, pokud r\u00e1di o knih\u00e1ch po do\u010dten\u00ed p\u0159em\u00fd\u0161l\u00edte. M\u00e1te r\u00e1di p\u0159\u00edb\u011bhy, kter\u00e9 ve v\u00e1s zanechaj\u00ed spoustu ot\u00e1zek? P\u0159\u00edb\u011bhy, kter\u00e9 v\u00e1s nut\u00ed uva\u017eovat o tom, co se vlastn\u011b na str\u00e1nk\u00e1ch pr\u00e1v\u011b odehr\u00e1lo? Jak to vlastn\u011b bylo, co jsou domn\u011bnky a co fakta? V\u011b\u0159\u00edte na v\u011bci mezi nebem a zem\u00ed? Chcete mystiku snoubenou s na\u0161\u00ed realitou? Sphinx je to prav\u00e9!<\/p>\n<p style=\"font-weight: 400;\">Zb\u00fdv\u00e1 u\u017e jen jedna jedin\u00e1 ot\u00e1zka\u2026 Maj\u00ed Adam s Mikul\u00e1\u0161em halucinace, nebo se za p\u0159\u00edb\u011bhem skr\u00fdv\u00e1 trochu v\u00edc? Rozhodn\u011bte sami. Vstupte do sv\u011bta klubu Sphinx. Slibuju, \u017ee a\u017e z n\u011bj vyjdete ven, nic nebude stejn\u00e9.<\/p>\n<p style=\"font-weight: 400;\">\u00a0<\/p>\n<p style=\"font-weight: 400;\">\u00a0<\/p>\n<p style=\"font-weight: 400;\">Sacharin<\/p>\n<p>Autor:\u00a0Sacharin<\/p>\n","protected":false},"excerpt":{"rendered":"<p>Sphinx. M\u00edsto, kter\u00e9 slibuje nebe, ale prod\u00e1v\u00e1 peklo\u2026 Proto\u017ee tady ty dv\u011b m\u00edsta sd\u00edlej\u00ed stejnou br\u00e1nu.<\/p>\n","protected":false},"author":2,"featured_media":324451,"comment_status":"open","ping_status":"open","sticky":false,"template":"","format":"standard","meta":{"_acf_changed":false,"_monsterinsights_skip_tracking":false,"_monsterinsights_sitenote_active":false,"_monsterinsights_sitenote_note":"","_monsterinsights_sitenote_category":0,"_EventAllDay":false,"_EventTimezone":"","_EventStartDate":"","_EventEndDate":"","_EventStartDateUTC":"","_EventEndDateUTC":"","_EventShowMap":false,"_EventShowMapLink":false,"_EventURL":"","_EventCost":"","_EventCostDescription":"","_EventCurrencySymbol":"","_EventCurrencyCode":"","_EventCurrencyPosition":"","_EventDateTimeSeparator":"","_EventTimeRangeSeparator":"","_EventOrganizerID":[],"_EventVenueID":[],"_OrganizerEmail":"","_OrganizerPhone":"","_OrganizerWebsite":"","_VenueAddress":"","_VenueCity":"","_VenueCountry":"","_VenueProvince":"","_VenueState":"","_VenueZip":"","_VenuePhone":"","_VenueURL":"","_VenueStateProvince":"","_VenueLat":"","_VenueLng":"","_VenueShowMap":false,"_VenueShowMapLink":false,"twitterCardType":"","cardImageID":0,"cardImage":"","cardTitle":"","cardDesc":"","cardImageAlt":"","cardPlayer":"","cardPlayerWidth":0,"cardPlayerHeight":0,"cardPlayerStream":"","cardPlayerCodec":"","footnotes":""},"categories":[7],"tags":[21832],"class_list":["post-324450","post","type-post","status-publish","format-standard","has-post-thumbnail","hentry","category-recenze","tag-literarni-kavarna"],"acf":{"related_products":null},"_links":{"self":[{"href":"https:\/\/www.luxor.cz\/blog\/wp-json\/wp\/v2\/posts\/324450","targetHints":{"allow":["GET"]}}],"collection":[{"href":"https:\/\/www.luxor.cz\/blog\/wp-json\/wp\/v2\/posts"}],"about":[{"href":"https:\/\/www.luxor.cz\/blog\/wp-json\/wp\/v2\/types\/post"}],"author":[{"embeddable":true,"href":"https:\/\/www.luxor.cz\/blog\/wp-json\/wp\/v2\/users\/2"}],"replies":[{"embeddable":true,"href":"https:\/\/www.luxor.cz\/blog\/wp-json\/wp\/v2\/comments?post=324450"}],"version-history":[{"count":0,"href":"https:\/\/www.luxor.cz\/blog\/wp-json\/wp\/v2\/posts\/324450\/revisions"}],"wp:featuredmedia":[{"embeddable":true,"href":"https:\/\/www.luxor.cz\/blog\/wp-json\/wp\/v2\/media\/324451"}],"wp:attachment":[{"href":"https:\/\/www.luxor.cz\/blog\/wp-json\/wp\/v2\/media?parent=324450"}],"wp:term":[{"taxonomy":"category","embeddable":true,"href":"https:\/\/www.luxor.cz\/blog\/wp-json\/wp\/v2\/categories?post=324450"},{"taxonomy":"post_tag","embeddable":true,"href":"https:\/\/www.luxor.cz\/blog\/wp-json\/wp\/v2\/tags?post=324450"}],"curies":[{"name":"wp","href":"https:\/\/api.w.org\/{rel}","templated":true}]}}