{"id":324448,"date":"2024-11-22T10:00:44","date_gmt":"2024-11-22T09:00:44","guid":{"rendered":"https:\/\/www.luxor.cz\/blog\/nezarazene\/64219-s-cisarovnou-pres-prekazky\/"},"modified":"2024-11-22T10:00:44","modified_gmt":"2024-11-22T09:00:44","slug":"64219-s-cisarovnou-pres-prekazky","status":"publish","type":"post","link":"https:\/\/www.luxor.cz\/blog\/recenze\/64219-s-cisarovnou-pres-prekazky\/","title":{"rendered":"S c\u00edsa\u0159ovnou p\u0159es p\u0159ek\u00e1\u017eky"},"content":{"rendered":"<p style=\"font-weight: 400;\">V\u00a0t\u00e9to knize u\u017e nen\u00ed Sisi ta mlad\u00e1 poslu\u0161n\u00e1 d\u00edvka, ale zral\u00e1 \u017eena, kter\u00e1 si chce \u017e\u00edt podle sv\u00e9ho. Odhalov\u00e1n\u00ed pomn\u00edk\u016f a spole\u010densk\u00e9 akce ji u\u017e nud\u00ed. Rad\u011bji se proh\u00e1n\u00ed na kon\u00edch, hlavn\u011b pak p\u0159i jezdeck\u00fdch honech v\u00a0Anglii. Pod sv\u00e1 k\u0159\u00eddla si vezme svou nete\u0159 Marii Louisu, kterou v\u0161ak brzy vyu\u017eije pro sv\u00e9 pl\u00e1ny.<\/p>\n<p style=\"font-weight: 400;\">A\u010d je to kniha o c\u00edsa\u0159ovn\u011b Al\u017eb\u011bt\u011b, dala do n\u00ed autorka kus sebe. Sama toti\u017e miluje kon\u011b a jezdectv\u00ed. Sd\u00edlenou v\u00e1\u0161e\u0148 tak v\u00a0p\u0159\u00edb\u011bhu vykreslila opravdu podrobn\u011b a hlavn\u011b srdcem. Je zn\u00e1t, \u017ee v\u00ed, o \u010dem p\u00ed\u0161e a kon\u00ed si v\u00a0p\u0159\u00edb\u011bhu u\u017eijete opravdu hodn\u011b.<\/p>\n<p style=\"font-weight: 400;\">Jak je o Sisi zn\u00e1mo, m\u011bla mnoho kon\u00ed\u010dk\u016f, z\u00e1lib a zvyk\u016f. V\u00a0pr\u016fb\u011bhu vypr\u00e1v\u011bn\u00ed tak mnoh\u00e9 pozn\u00e1me. Autorka n\u00e1m uk\u00e1\u017ee Al\u017eb\u011btin \u017eivot a pokud jste ho do t\u00e9to chv\u00edle neznali, je mo\u017en\u00e9, \u017ee v\u00e1s kniha navnad\u00ed zjistit si dal\u0161\u00ed informace o tom, jak \u017eila.<\/p>\n<p style=\"font-weight: 400;\">\u010cek\u00e1 v\u00e1s tu i \u017eivot smet\u00e1nky a vy\u0161\u0161\u00ed spole\u010dnosti t\u00e9 doby. Kr\u00e1sn\u00e9 \u0161aty a \u00fa\u010desy, b\u00e1ly a divadla. Ale tak\u00e9 pomluvy a intriky.<\/p>\n<p style=\"font-weight: 400;\">V\u00a0druh\u00e9 \u010d\u00e1sti knihy dostane sv\u016fj prostor i mladi\u010dk\u00e1 nete\u0159 c\u00edsa\u0159ovny \u2013 Marie Louisa. Al\u017eb\u011bta si ji vezme pod k\u0159\u00eddla a vychov\u00e1v\u00e1 ji k\u00a0obrazu sv\u00e9mu, i kdy\u017e se zd\u00e1, \u017ee je jejich vztah \u00fa\u017easn\u00fd, nakonec se to cel\u00e9 jen pokaz\u00ed.<\/p>\n<p style=\"font-weight: 400;\">Kniha je pro milovn\u00edky kon\u00ed, historie, ale i pro ty, kte\u0159\u00ed si cht\u011bj\u00ed p\u0159e\u010d\u00edst milou a odpo\u010dinkovou knihu.<\/p>\n<p style=\"font-weight: 400;\">\u00a0<\/p>\n<p style=\"font-weight: 400;\">\u00a0<\/p>\n<p style=\"font-weight: 400;\">Eva Francov\u00e1<\/p>\n<p>Autor:\u00a0Eva Francov\u00e1<\/p>\n","protected":false},"excerpt":{"rendered":"<p>Zav\u0159ete o\u010di a nechte se p\u0159en\u00e9st do devaten\u00e1ct\u00e9ho stolet\u00ed. Ocitnete se na c\u00edsa\u0159sk\u00e9m dvo\u0159e ve V\u00eddni i na anglick\u00e9m venkov\u011b. Pono\u0159te se do intrik vy\u0161\u0161\u00ed spole\u010dnosti a odhalte jejich tajemstv\u00ed.<\/p>\n","protected":false},"author":2,"featured_media":324449,"comment_status":"open","ping_status":"open","sticky":false,"template":"","format":"standard","meta":{"_acf_changed":false,"_monsterinsights_skip_tracking":false,"_monsterinsights_sitenote_active":false,"_monsterinsights_sitenote_note":"","_monsterinsights_sitenote_category":0,"_EventAllDay":false,"_EventTimezone":"","_EventStartDate":"","_EventEndDate":"","_EventStartDateUTC":"","_EventEndDateUTC":"","_EventShowMap":false,"_EventShowMapLink":false,"_EventURL":"","_EventCost":"","_EventCostDescription":"","_EventCurrencySymbol":"","_EventCurrencyCode":"","_EventCurrencyPosition":"","_EventDateTimeSeparator":"","_EventTimeRangeSeparator":"","_EventOrganizerID":[],"_EventVenueID":[],"_OrganizerEmail":"","_OrganizerPhone":"","_OrganizerWebsite":"","_VenueAddress":"","_VenueCity":"","_VenueCountry":"","_VenueProvince":"","_VenueState":"","_VenueZip":"","_VenuePhone":"","_VenueURL":"","_VenueStateProvince":"","_VenueLat":"","_VenueLng":"","_VenueShowMap":false,"_VenueShowMapLink":false,"twitterCardType":"","cardImageID":0,"cardImage":"","cardTitle":"","cardDesc":"","cardImageAlt":"","cardPlayer":"","cardPlayerWidth":0,"cardPlayerHeight":0,"cardPlayerStream":"","cardPlayerCodec":"","footnotes":""},"categories":[7],"tags":[21832],"class_list":["post-324448","post","type-post","status-publish","format-standard","has-post-thumbnail","hentry","category-recenze","tag-literarni-kavarna"],"acf":{"related_products":null},"_links":{"self":[{"href":"https:\/\/www.luxor.cz\/blog\/wp-json\/wp\/v2\/posts\/324448","targetHints":{"allow":["GET"]}}],"collection":[{"href":"https:\/\/www.luxor.cz\/blog\/wp-json\/wp\/v2\/posts"}],"about":[{"href":"https:\/\/www.luxor.cz\/blog\/wp-json\/wp\/v2\/types\/post"}],"author":[{"embeddable":true,"href":"https:\/\/www.luxor.cz\/blog\/wp-json\/wp\/v2\/users\/2"}],"replies":[{"embeddable":true,"href":"https:\/\/www.luxor.cz\/blog\/wp-json\/wp\/v2\/comments?post=324448"}],"version-history":[{"count":0,"href":"https:\/\/www.luxor.cz\/blog\/wp-json\/wp\/v2\/posts\/324448\/revisions"}],"wp:featuredmedia":[{"embeddable":true,"href":"https:\/\/www.luxor.cz\/blog\/wp-json\/wp\/v2\/media\/324449"}],"wp:attachment":[{"href":"https:\/\/www.luxor.cz\/blog\/wp-json\/wp\/v2\/media?parent=324448"}],"wp:term":[{"taxonomy":"category","embeddable":true,"href":"https:\/\/www.luxor.cz\/blog\/wp-json\/wp\/v2\/categories?post=324448"},{"taxonomy":"post_tag","embeddable":true,"href":"https:\/\/www.luxor.cz\/blog\/wp-json\/wp\/v2\/tags?post=324448"}],"curies":[{"name":"wp","href":"https:\/\/api.w.org\/{rel}","templated":true}]}}