{"id":324446,"date":"2024-11-24T10:00:54","date_gmt":"2024-11-24T09:00:54","guid":{"rendered":"https:\/\/www.luxor.cz\/blog\/nezarazene\/64220-laska-versus-osud\/"},"modified":"2024-11-24T10:00:54","modified_gmt":"2024-11-24T09:00:54","slug":"64220-laska-versus-osud","status":"publish","type":"post","link":"https:\/\/www.luxor.cz\/blog\/recenze\/64220-laska-versus-osud\/","title":{"rendered":"L\u00e1ska versus osud"},"content":{"rendered":"<p style=\"font-weight: 400;\">Autumn a Finny, nerozlu\u010dn\u00e1 dvojka od d\u011btstv\u00ed, jeliko\u017e jejich m\u00e1my jsou nejlep\u0161\u00ed kamar\u00e1dky. Jen\u017ee jak plyne \u010das, dosp\u00edvaj\u00ed a pomalu se odcizuj\u00ed i kdy\u017e se mezi nimi nic zl\u00e9ho nestalo. Postupn\u011b se m\u011bn\u00ed jejich okruh kamar\u00e1d\u016f a ztr\u00e1c\u00ed o sob\u011b p\u0159ehled. \u010cas od \u010dasu je v\u0161ak osud zase svede dohromady. A v\u017edy, kdy\u017e se uvid\u00ed, c\u00edt\u00ed, \u017ee si nejsou lhostejn\u00ed. Je to l\u00e1ska nebo jen poblouzn\u011bn\u00ed? Dok\u00e1\u017ee se jejich kamar\u00e1dstv\u00ed prom\u011bnit v\u00a0n\u011bco v\u00edc nebo je v\u0161e nen\u00e1vratn\u011b ztraceno?<\/p>\n<p style=\"font-weight: 400;\">Autorka \u010dten\u00e1\u0159e ne\u0161et\u0159\u00ed a u\u017e po do\u010dten\u00ed prvn\u00ed kapitoly je jasn\u00e9, \u017ee tahle kniha bude emo\u010dn\u00ed j\u00edzda. P\u0159\u00edb\u011bh plyne pozvolna a je \u010dtiv\u00fd, m\u00e1 kr\u00e1tk\u00e9 kapitoly, kter\u00e9 v\u00a0knih\u00e1ch v\u017edy ocen\u00edm. Ka\u017ed\u00e1 str\u00e1nka sice nep\u0159ekypuje akc\u00ed, ale sledujeme \u017eivoty a strasti dosp\u00edvaj\u00edc\u00edch lid\u00ed. Ur\u010dit\u011b je nutn\u00e9 se p\u0159ipravit na to, \u017ee autorka pracuje s\u00a0v\u00e1\u017en\u00fdmi t\u00e9maty a v\u00a0knize se vyskytuj\u00ed.<\/p>\n<p style=\"font-weight: 400;\">Na knize oce\u0148uji uv\u011b\u0159itelnost, kter\u00e1 na v\u00e1s d\u00fdchne z\u00a0ka\u017ed\u00e9 str\u00e1nky. Tato kniha vs\u00e1z\u00ed sp\u00ed\u0161e na emoce ne\u017e na ak\u010dn\u00ed d\u011bj a je nutn\u00e9 k\u00a0tomu tak p\u0159istupovat. Hlavn\u00ed hrdinov\u00e9 dosp\u00edvaj\u00ed, a ne v\u0161echna jejich rozhodnut\u00ed budou logick\u00e1 a ur\u010dit\u011b ne se v\u0161\u00edm budete souhlasit.<\/p>\n<p style=\"font-weight: 400;\">I kdy\u017e se Kdyby z\u016fstal se mnou \u0159ad\u00ed mezi young adult, mysl\u00edm, \u017ee tento p\u0159\u00edb\u011bh m\u00e1 co nab\u00eddnout i \u010dten\u00e1\u0159\u016fm, kte\u0159\u00ed jsou u\u017e mimo tuhle v\u011bkovou skupinu. Pokud m\u00e1te chu\u0165 na knihu, u kter\u00e9 si pobre\u010d\u00edte, Kdyby z\u016fstal se mnou je p\u0159esn\u011b ta kniha, po kter\u00e9 byste m\u011bli s\u00e1hnout.<\/p>\n<p style=\"font-weight: 400;\">\u00a0<\/p>\n<p style=\"font-weight: 400;\">\u00a0<\/p>\n<p style=\"font-weight: 400;\">Petra Pil\u00e1tov\u00e1 (@knihomolskydenik)<\/p>\n<p>Autor:\u00a0Petra Pil\u00e1tov\u00e1<\/p>\n","protected":false},"excerpt":{"rendered":"<p>Kdyby z\u016fstal se mnou, p\u0159\u00edb\u011bh, kter\u00fd v\u00a0zahrani\u010d\u00ed spat\u0159il sv\u011btlo sv\u011bta v\u00a0roce 2013 a stal se \u010dten\u00e1\u0159skou senzac\u00ed, kter\u00e1 zaplavila soci\u00e1ln\u00ed s\u00edt\u011b a zlomila nejedno \u010dten\u00e1\u0159sk\u00e9 srdce.<\/p>\n","protected":false},"author":2,"featured_media":324447,"comment_status":"open","ping_status":"open","sticky":false,"template":"","format":"standard","meta":{"_acf_changed":false,"_monsterinsights_skip_tracking":false,"_monsterinsights_sitenote_active":false,"_monsterinsights_sitenote_note":"","_monsterinsights_sitenote_category":0,"_EventAllDay":false,"_EventTimezone":"","_EventStartDate":"","_EventEndDate":"","_EventStartDateUTC":"","_EventEndDateUTC":"","_EventShowMap":false,"_EventShowMapLink":false,"_EventURL":"","_EventCost":"","_EventCostDescription":"","_EventCurrencySymbol":"","_EventCurrencyCode":"","_EventCurrencyPosition":"","_EventDateTimeSeparator":"","_EventTimeRangeSeparator":"","_EventOrganizerID":[],"_EventVenueID":[],"_OrganizerEmail":"","_OrganizerPhone":"","_OrganizerWebsite":"","_VenueAddress":"","_VenueCity":"","_VenueCountry":"","_VenueProvince":"","_VenueState":"","_VenueZip":"","_VenuePhone":"","_VenueURL":"","_VenueStateProvince":"","_VenueLat":"","_VenueLng":"","_VenueShowMap":false,"_VenueShowMapLink":false,"twitterCardType":"","cardImageID":0,"cardImage":"","cardTitle":"","cardDesc":"","cardImageAlt":"","cardPlayer":"","cardPlayerWidth":0,"cardPlayerHeight":0,"cardPlayerStream":"","cardPlayerCodec":"","footnotes":""},"categories":[7],"tags":[21832],"class_list":["post-324446","post","type-post","status-publish","format-standard","has-post-thumbnail","hentry","category-recenze","tag-literarni-kavarna"],"acf":{"related_products":null},"_links":{"self":[{"href":"https:\/\/www.luxor.cz\/blog\/wp-json\/wp\/v2\/posts\/324446","targetHints":{"allow":["GET"]}}],"collection":[{"href":"https:\/\/www.luxor.cz\/blog\/wp-json\/wp\/v2\/posts"}],"about":[{"href":"https:\/\/www.luxor.cz\/blog\/wp-json\/wp\/v2\/types\/post"}],"author":[{"embeddable":true,"href":"https:\/\/www.luxor.cz\/blog\/wp-json\/wp\/v2\/users\/2"}],"replies":[{"embeddable":true,"href":"https:\/\/www.luxor.cz\/blog\/wp-json\/wp\/v2\/comments?post=324446"}],"version-history":[{"count":0,"href":"https:\/\/www.luxor.cz\/blog\/wp-json\/wp\/v2\/posts\/324446\/revisions"}],"wp:featuredmedia":[{"embeddable":true,"href":"https:\/\/www.luxor.cz\/blog\/wp-json\/wp\/v2\/media\/324447"}],"wp:attachment":[{"href":"https:\/\/www.luxor.cz\/blog\/wp-json\/wp\/v2\/media?parent=324446"}],"wp:term":[{"taxonomy":"category","embeddable":true,"href":"https:\/\/www.luxor.cz\/blog\/wp-json\/wp\/v2\/categories?post=324446"},{"taxonomy":"post_tag","embeddable":true,"href":"https:\/\/www.luxor.cz\/blog\/wp-json\/wp\/v2\/tags?post=324446"}],"curies":[{"name":"wp","href":"https:\/\/api.w.org\/{rel}","templated":true}]}}