{"id":324444,"date":"2024-12-01T10:00:45","date_gmt":"2024-12-01T09:00:45","guid":{"rendered":"https:\/\/www.luxor.cz\/blog\/nezarazene\/64221-neklidna-duse-umelce\/"},"modified":"2024-12-01T10:00:45","modified_gmt":"2024-12-01T09:00:45","slug":"64221-neklidna-duse-umelce","status":"publish","type":"post","link":"https:\/\/www.luxor.cz\/blog\/recenze\/64221-neklidna-duse-umelce\/","title":{"rendered":"Neklidn\u00e1 du\u0161e um\u011blce"},"content":{"rendered":"<p style=\"font-weight: 400;\">Vincent a Sien \u2013 um\u011blec a prostitutka. Dva lid\u00e9 z\u00a0odli\u0161n\u00fdch sv\u011bt\u016f, jejich\u017e cesty se zk\u0159\u00ed\u017eily. Jejich vztah se den ode dne prohlubuje, ale \u010d\u00edm d\u00e9le jsou spolu, t\u00edm v\u00edce se jejich okol\u00ed sna\u017e\u00ed je odd\u011blit.<\/p>\n<p style=\"font-weight: 400;\">Co v\u00e1s na prvn\u00ed pohled zaujme na t\u00e9to knize je rozhodn\u011b ob\u00e1lka. J\u00e1 se do n\u00ed okam\u017eit\u011b zamilovala a kn\u00ed\u017eku jsem si musela p\u0159e\u010d\u00edst. Kdy\u017e jsem nav\u00edc zjistila, \u017ee se jedn\u00e1 o zbeletrizovan\u00fd \u017eivotopis z\u00a0edice Slavn\u00e9 p\u00e1ry, byla jsem nad\u0161en\u00e1! Pr\u00e1v\u011b takov\u00e9 knihy m\u00e1m moc r\u00e1da, nebo\u0165 nejen, \u017ee si p\u0159e\u010dtu zaj\u00edmavou knihu, ale v\u017edy se dozv\u00edm n\u011bco nov\u00e9ho.<\/p>\n<p style=\"font-weight: 400;\">Bylo tomu tak i tentokr\u00e1t. U\u017e b\u011bhem \u010dten\u00ed jsem si dohled\u00e1vala dal\u0161\u00ed informace ze \u017eivota Vincenta a Sien. Prohl\u00ed\u017eela si obrazy, o kter\u00fdch byla v\u00a0knize \u0159e\u010d a j\u00e1 si je tak mohla propojit s\u00a0t\u00edm, za jak\u00fdch podm\u00ednek vznikly a co mohl autor u sv\u00e9 tvorby c\u00edtit.<\/p>\n<p style=\"font-weight: 400;\">Krom\u011b \u017eivota slavn\u00e9ho um\u011blce, respektive zhruba dvou let jeho \u017eivota, se pod\u00edv\u00e1me do Holandska devaten\u00e1ct\u00e9ho stolet\u00ed. Autorka n\u00e1m p\u0159ibl\u00ed\u017e\u00ed jak se tehdy \u017eilo, hlavn\u011b t\u011bm \u00fapln\u011b nejchud\u0161\u00edm lidem, jak\u00e9 byly r\u016fzn\u00e9 n\u00e1vyky, t\u0159eba hygienick\u00e9, co se jedlo, jak\u00e1 byla v\u00fdchova d\u011bt\u00ed, zdravotn\u00ed p\u00e9\u010de, bydlen\u00ed\u2026 Rozhodn\u011b zaj\u00edmav\u00e1 sonda do tehdej\u0161\u00edho \u017eivota.<\/p>\n<p style=\"font-weight: 400;\">Kniha je rozd\u011blena na t\u0159i \u010d\u00e1sti. P\u0159\u00edb\u011bh n\u00e1m vypr\u00e1v\u00ed dva vyprav\u011b\u010di a d\u00edky tomu nahl\u00e9dneme do jejich my\u0161lenek i pocit\u016f a budeme se moci vc\u00edtit do r\u016fzn\u00fdch postav. Zaj\u00edmav\u00e9 tak\u00e9 je, \u017ee se na knize pod\u00edleli dva p\u0159ekladatel\u00e9.<\/p>\n<p style=\"font-weight: 400;\">Rozhodn\u011b tu ne\u010dekejte \u017e\u00e1dnou velkou akci, ale poklidn\u00e9 vypr\u00e1v\u011bn\u00ed o \u017eivot\u011b slavn\u00e9ho um\u011blce a objevov\u00e1n\u00ed toho, jak se to tenkr\u00e1t mohlo v\u0161echno odehr\u00e1t. O Vincentu van Goghovi jsem \u010detla i jin\u00fd zbeletrizovan\u00fd \u017eivotopis. Ten se odehr\u00e1val v\u00a0jin\u00e9m obdob\u00ed jeho \u017eivota a d\u00edky t\u00e9to knize jsem si doplnila zase kousek jeho \u017eivotn\u00ed skl\u00e1da\u010dky.<\/p>\n<p style=\"font-weight: 400;\">\u00a0<\/p>\n<p style=\"font-weight: 400;\">\u00a0<\/p>\n<p style=\"font-weight: 400;\">Eva Francov\u00e1<\/p>\n<p>Autor:\u00a0Eva Francov\u00e1<\/p>\n","protected":false},"excerpt":{"rendered":"<p>Kr\u00e1sn\u00e9 obrazy, nelehk\u00fd \u017eivot, opovr\u017een\u00ed ostatn\u00edch \u2013 i takov\u00fd je \u017eivot mal\u00ed\u0159e, a nejen Vincent van Gogh by mohl vypr\u00e1v\u011bt.<\/p>\n","protected":false},"author":2,"featured_media":324445,"comment_status":"open","ping_status":"open","sticky":false,"template":"","format":"standard","meta":{"_acf_changed":false,"_monsterinsights_skip_tracking":false,"_monsterinsights_sitenote_active":false,"_monsterinsights_sitenote_note":"","_monsterinsights_sitenote_category":0,"_EventAllDay":false,"_EventTimezone":"","_EventStartDate":"","_EventEndDate":"","_EventStartDateUTC":"","_EventEndDateUTC":"","_EventShowMap":false,"_EventShowMapLink":false,"_EventURL":"","_EventCost":"","_EventCostDescription":"","_EventCurrencySymbol":"","_EventCurrencyCode":"","_EventCurrencyPosition":"","_EventDateTimeSeparator":"","_EventTimeRangeSeparator":"","_EventOrganizerID":[],"_EventVenueID":[],"_OrganizerEmail":"","_OrganizerPhone":"","_OrganizerWebsite":"","_VenueAddress":"","_VenueCity":"","_VenueCountry":"","_VenueProvince":"","_VenueState":"","_VenueZip":"","_VenuePhone":"","_VenueURL":"","_VenueStateProvince":"","_VenueLat":"","_VenueLng":"","_VenueShowMap":false,"_VenueShowMapLink":false,"twitterCardType":"","cardImageID":0,"cardImage":"","cardTitle":"","cardDesc":"","cardImageAlt":"","cardPlayer":"","cardPlayerWidth":0,"cardPlayerHeight":0,"cardPlayerStream":"","cardPlayerCodec":"","footnotes":""},"categories":[7],"tags":[21832],"class_list":["post-324444","post","type-post","status-publish","format-standard","has-post-thumbnail","hentry","category-recenze","tag-literarni-kavarna"],"acf":{"related_products":null},"_links":{"self":[{"href":"https:\/\/www.luxor.cz\/blog\/wp-json\/wp\/v2\/posts\/324444","targetHints":{"allow":["GET"]}}],"collection":[{"href":"https:\/\/www.luxor.cz\/blog\/wp-json\/wp\/v2\/posts"}],"about":[{"href":"https:\/\/www.luxor.cz\/blog\/wp-json\/wp\/v2\/types\/post"}],"author":[{"embeddable":true,"href":"https:\/\/www.luxor.cz\/blog\/wp-json\/wp\/v2\/users\/2"}],"replies":[{"embeddable":true,"href":"https:\/\/www.luxor.cz\/blog\/wp-json\/wp\/v2\/comments?post=324444"}],"version-history":[{"count":0,"href":"https:\/\/www.luxor.cz\/blog\/wp-json\/wp\/v2\/posts\/324444\/revisions"}],"wp:featuredmedia":[{"embeddable":true,"href":"https:\/\/www.luxor.cz\/blog\/wp-json\/wp\/v2\/media\/324445"}],"wp:attachment":[{"href":"https:\/\/www.luxor.cz\/blog\/wp-json\/wp\/v2\/media?parent=324444"}],"wp:term":[{"taxonomy":"category","embeddable":true,"href":"https:\/\/www.luxor.cz\/blog\/wp-json\/wp\/v2\/categories?post=324444"},{"taxonomy":"post_tag","embeddable":true,"href":"https:\/\/www.luxor.cz\/blog\/wp-json\/wp\/v2\/tags?post=324444"}],"curies":[{"name":"wp","href":"https:\/\/api.w.org\/{rel}","templated":true}]}}