{"id":324440,"date":"2024-12-11T10:00:36","date_gmt":"2024-12-11T09:00:36","guid":{"rendered":"https:\/\/www.luxor.cz\/blog\/nezarazene\/64225-dalsi-rok-2025\/"},"modified":"2024-12-11T10:00:36","modified_gmt":"2024-12-11T09:00:36","slug":"64225-dalsi-rok-2025","status":"publish","type":"post","link":"https:\/\/www.luxor.cz\/blog\/recenze\/64225-dalsi-rok-2025\/","title":{"rendered":"Dal\u0161\u00ed rok 2025"},"content":{"rendered":"<p style=\"font-weight: 400;\">Kdo by si di\u00e1\u0159 Dal\u0161\u00ed rok 2025 nezamiloval na prvn\u00ed pohled. Dokonal\u00e9 kresby pln\u00e9 barev p\u016fsob\u00ed velice radostn\u011b. A co v\u00a0di\u00e1\u0159i najdeme. Hned na za\u010d\u00e1tku si nap\u00ed\u0161eme informace o sob\u011b. To jen pro jistotu, kdybychom di\u00e1\u0159 n\u011bkde zapomn\u011bli, aby se k\u00a0n\u00e1m vr\u00e1tit, proto\u017ee je tak dokonal\u00fd, \u017ee o n\u011bj ur\u010dit\u011b nikdo nechce p\u0159ij\u00edt. N\u00e1sledn\u011b jsou zde tabulky na cel\u00fd rok od ledna do ledna, kam si m\u016f\u017eeme zapisovat jak d\u016fle\u017eit\u00e9 informace, tak klidn\u011b i volno\u010dasov\u00e9 aktivity. N\u00e1sledn\u011b u\u017e m\u00e1me hezky p\u0159ehledn\u011b vyobrazen\u00fd t\u00fdden po t\u00fddnu. Dvojstr\u00e1nka je krom\u011b dn\u016f, kam si zapisujeme, co pot\u0159ebujeme dopln\u011bn\u00e1 \u00fa\u017easn\u00fdmi kresbami a mil\u00fdmi i vtipn\u00fdmi, kr\u00e1tk\u00fdmi texty. Na konci di\u00e1\u0159e je spousta prostoru na na\u0161e osobn\u00ed pozn\u00e1mky, zde si r\u00e1da zapisuji sv\u00e9 n\u00e1pady nebo t\u0159eba d\u00e1rky pro rodinu a p\u0159\u00e1tele, kter\u00e9 jim chci po\u0159\u00eddit na narozeniny nebo na V\u00e1noce, ale to u\u017e z\u00e1le\u017e\u00ed na ka\u017ed\u00e9m, na co tento prostor vyu\u017eije. Tento pozn\u00e1mkov\u00fd prostor je zaplaven\u00fd spoustou kv\u011btin. Op\u011bt n\u00e1dhern\u00e9 kresby a di\u00e1\u0159 ihned vypad\u00e1 vesele a energicky. Na posledn\u00ed str\u00e1nce je i ob\u00e1lka, kam si m\u016f\u017eeme skr\u00fdvat nejr\u016fzn\u011bj\u0161\u00ed poklady.<\/p>\n<p style=\"font-weight: 400;\">Di\u00e1\u0159 je rozd\u011blen\u00fd na \u010dty\u0159i ro\u010dn\u00ed obdob\u00ed a obr\u00e1zky jsou namalovan\u00e9 tematicky. V\u00a0prosinci je nap\u0159\u00edklad vyobrazen\u00fd kr\u00e1sn\u00fd obr\u00e1zek Mikul\u00e1\u0161e, and\u011bla a \u010derta, cukrov\u00ed, d\u00e1rky, pern\u00ed\u010dek. Podzim ukr\u00fdv\u00e1 kr\u00e1sn\u00e9 obr\u00e1zky Halloweenu, padaj\u00edc\u00edho barevn\u00e9ho list\u00ed nebo nap\u0159\u00edklad pou\u0161t\u011bn\u00ed lampion\u016f. Letn\u00ed obdob\u00ed je obdob\u00edm dovolen\u00e9, odpo\u010dinku, v\u00fdborn\u00e9 zmrzliny nebo t\u0159eba posezen\u00ed u vody s\u00a0p\u0159\u00e1teli. Jaro p\u0159in\u00e1\u0161\u00ed zase jarn\u00ed \u00fanavu, d\u00e9\u0161\u0165, za\u010d\u00edn\u00e1 ale v\u0161echno v\u00a0p\u0159\u00edrod\u011b rozkv\u00e9tat, cel\u00e1 p\u0159\u00edroda se probouz\u00ed ze zimn\u00edho sp\u00e1nku. Pt\u00e1\u010dci zp\u00edvaj\u00ed a vrac\u00ed se k\u00a0n\u00e1m z\u00a0tepl\u00fdch krajin. Ka\u017ed\u00e9 obdob\u00ed je dokonale vyobrazeno a o ka\u017ed\u00e9m obdob\u00ed jsou zde napsan\u00e1 kr\u00e1sn\u00e1 slova.<\/p>\n<p style=\"font-weight: 400;\">V\u011b\u0159\u00edm, \u017ee si tento di\u00e1\u0159 zamilujete stejn\u011b jako j\u00e1. A\u0148a a Lela Geislerovy op\u011bt vytvo\u0159ily n\u011bco dechberouc\u00edho a j\u00e1 se t\u011b\u0161\u00edm, \u017ee tento di\u00e1\u0159 Dal\u0161\u00ed rok 2025 m\u011b bude prov\u00e1zet pr\u00e1v\u011b cel\u00fdm rokem a jsem zv\u011bdav\u00e1, co nov\u00e9ho n\u00e1s \u010dek\u00e1. Nov\u00e1 dobrodru\u017estv\u00ed, nov\u00e1 v\u00edt\u011bzstv\u00ed, nov\u00e1 pozn\u00e1n\u00ed, nov\u00e9 p\u0159\u00edle\u017eitosti. Posledn\u00ed den leto\u0161n\u00edho roku p\u0159esn\u011b o p\u016flnoci otev\u0159eme lahev v\u00fdborn\u00e9ho sektu a p\u0159ipijeme si na \u00fasp\u011b\u0161n\u00fd a \u0161\u0165astn\u00fd start. S\u00a0rodinou, s\u00a0p\u0159\u00e1teli, s\u00a0bl\u00edzk\u00fdmi. U\u017eijme si ten p\u0159\u00ed\u0161t\u00ed rok naplno a st\u00e1le m\u011bjme po ruce tento b\u00e1je\u010dn\u00fd di\u00e1\u0159. Doopravdy je n\u00e1dhern\u00fd, p\u0159ehledn\u00fd, vesel\u00fd a barevn\u00fd. A ur\u010dit\u011b p\u0159inese radost n\u00e1m v\u0161em.<\/p>\n<p style=\"font-weight: 400;\">\u00a0<\/p>\n<p style=\"font-weight: 400;\">\u00a0<\/p>\n<p style=\"font-weight: 400;\">Andrea \u0160m\u00eddov\u00e1<\/p>\n<p>Autor:\u00a0Andrea \u0160m\u00eddov\u00e1<\/p>\n","protected":false},"excerpt":{"rendered":"<p>Bl\u00ed\u017e\u00ed se Nov\u00fd rok, rok 2025. Ka\u017ed\u00e9ho ur\u010dit\u011b zaj\u00edm\u00e1, co nov\u00e9ho p\u0159inese. A s\u00a0t\u00edmto di\u00e1\u0159em nezapomeneme na to nejd\u016fle\u017eit\u011bj\u0161\u00ed, co n\u00e1s v\u00a0tomto roce \u010dek\u00e1.<\/p>\n","protected":false},"author":2,"featured_media":324441,"comment_status":"open","ping_status":"open","sticky":false,"template":"","format":"standard","meta":{"_acf_changed":false,"_monsterinsights_skip_tracking":false,"_monsterinsights_sitenote_active":false,"_monsterinsights_sitenote_note":"","_monsterinsights_sitenote_category":0,"_EventAllDay":false,"_EventTimezone":"","_EventStartDate":"","_EventEndDate":"","_EventStartDateUTC":"","_EventEndDateUTC":"","_EventShowMap":false,"_EventShowMapLink":false,"_EventURL":"","_EventCost":"","_EventCostDescription":"","_EventCurrencySymbol":"","_EventCurrencyCode":"","_EventCurrencyPosition":"","_EventDateTimeSeparator":"","_EventTimeRangeSeparator":"","_EventOrganizerID":[],"_EventVenueID":[],"_OrganizerEmail":"","_OrganizerPhone":"","_OrganizerWebsite":"","_VenueAddress":"","_VenueCity":"","_VenueCountry":"","_VenueProvince":"","_VenueState":"","_VenueZip":"","_VenuePhone":"","_VenueURL":"","_VenueStateProvince":"","_VenueLat":"","_VenueLng":"","_VenueShowMap":false,"_VenueShowMapLink":false,"twitterCardType":"","cardImageID":0,"cardImage":"","cardTitle":"","cardDesc":"","cardImageAlt":"","cardPlayer":"","cardPlayerWidth":0,"cardPlayerHeight":0,"cardPlayerStream":"","cardPlayerCodec":"","footnotes":""},"categories":[7],"tags":[21832],"class_list":["post-324440","post","type-post","status-publish","format-standard","has-post-thumbnail","hentry","category-recenze","tag-literarni-kavarna"],"acf":{"related_products":null},"_links":{"self":[{"href":"https:\/\/www.luxor.cz\/blog\/wp-json\/wp\/v2\/posts\/324440","targetHints":{"allow":["GET"]}}],"collection":[{"href":"https:\/\/www.luxor.cz\/blog\/wp-json\/wp\/v2\/posts"}],"about":[{"href":"https:\/\/www.luxor.cz\/blog\/wp-json\/wp\/v2\/types\/post"}],"author":[{"embeddable":true,"href":"https:\/\/www.luxor.cz\/blog\/wp-json\/wp\/v2\/users\/2"}],"replies":[{"embeddable":true,"href":"https:\/\/www.luxor.cz\/blog\/wp-json\/wp\/v2\/comments?post=324440"}],"version-history":[{"count":0,"href":"https:\/\/www.luxor.cz\/blog\/wp-json\/wp\/v2\/posts\/324440\/revisions"}],"wp:featuredmedia":[{"embeddable":true,"href":"https:\/\/www.luxor.cz\/blog\/wp-json\/wp\/v2\/media\/324441"}],"wp:attachment":[{"href":"https:\/\/www.luxor.cz\/blog\/wp-json\/wp\/v2\/media?parent=324440"}],"wp:term":[{"taxonomy":"category","embeddable":true,"href":"https:\/\/www.luxor.cz\/blog\/wp-json\/wp\/v2\/categories?post=324440"},{"taxonomy":"post_tag","embeddable":true,"href":"https:\/\/www.luxor.cz\/blog\/wp-json\/wp\/v2\/tags?post=324440"}],"curies":[{"name":"wp","href":"https:\/\/api.w.org\/{rel}","templated":true}]}}