{"id":324438,"date":"2024-12-13T10:00:51","date_gmt":"2024-12-13T09:00:51","guid":{"rendered":"https:\/\/www.luxor.cz\/blog\/nezarazene\/64226-kdyz-svezi-vitr-zavane-az-prilis-silne\/"},"modified":"2024-12-13T10:00:51","modified_gmt":"2024-12-13T09:00:51","slug":"64226-kdyz-svezi-vitr-zavane-az-prilis-silne","status":"publish","type":"post","link":"https:\/\/www.luxor.cz\/blog\/recenze\/64226-kdyz-svezi-vitr-zavane-az-prilis-silne\/","title":{"rendered":"Kdy\u017e sv\u011b\u017e\u00ed v\u00edtr zavane a\u017e p\u0159\u00edli\u0161 siln\u011b"},"content":{"rendered":"<p style=\"font-weight: 400;\">Anne Jacobsov\u00e1, zn\u00e1m\u00e1 p\u0159edev\u0161\u00edm d\u00edky s\u00e9rii <em>Pansk\u00fd d\u016fm<\/em>, p\u0159ich\u00e1z\u00ed s dal\u0161\u00edm p\u0159\u00edb\u011bhem ze sv\u011bta kav\u00e1rensk\u00e9 atmosf\u00e9ry a rodinn\u00fdch vztah\u016f. Kniha <em>Kav\u00e1rna U And\u011bla: Sv\u011b\u017e\u00ed v\u00edtr<\/em> je pokra\u010dov\u00e1n\u00edm s\u00e9rie, kter\u00e1 n\u00e1s zav\u00e1d\u00ed do p\u0159\u00edjemn\u00e9ho prost\u0159ed\u00ed star\u00e9 kav\u00e1rny s bohatou histori\u00ed a siln\u00fdmi postavami.<\/p>\n<p style=\"font-weight: 400;\">D\u011bj knihy se odehr\u00e1v\u00e1 v n\u011bmeck\u00e9m m\u011bst\u011b Wiesbaden na za\u010d\u00e1tku \u0161edes\u00e1t\u00fdch let 20. stolet\u00ed. Sice je dlouho po v\u00e1lce, ale o hojnosti si n\u011bkte\u0159\u00ed st\u00e1le mohou nechat jen zd\u00e1t. Jedna z\u00a0hlavn\u00edch hrdinek, \u0161ikovn\u00e1 a ambici\u00f3zn\u00ed Hilda, se rozhodne p\u0159evz\u00edt veden\u00ed rodinn\u00e9 kav\u00e1rny po sv\u00e9 matce Else. Sna\u017e\u00ed se prosadit nov\u00e9 recepty a n\u00e1pady, nicm\u00e9n\u011b matka nen\u00ed s\u00a0ni\u010d\u00edm spokojen\u00e1. Kav\u00e1rna byla kdysi centrem m\u011bstsk\u00e9ho \u017eivota, ale nyn\u00ed \u010del\u00ed konkurenci a dal\u0161\u00edm spole\u010densk\u00fdm probl\u00e9m\u016fm.<\/p>\n<p style=\"font-weight: 400;\">Ov\u0161em nejen Hilda \u0159e\u0161\u00ed sv\u00e9 probl\u00e9my. Podobn\u011b jej\u00ed bratr Willy, je\u0161t\u011b ned\u00e1vno vyhled\u00e1van\u00fd herec, nem\u016f\u017ee zavadit o po\u0159\u00e1dnou roli, zat\u00edmco jeho man\u017eelka Karin je \u00fasp\u011b\u0161n\u011b obsazovan\u00e1 here\u010dka. Willy tak mus\u00ed z\u016fstat doma s\u00a0nespokojenou tch\u00fdn\u00ed a mal\u00fdm d\u00edt\u011btem, kdy\u017e Karin nat\u00e1\u010d\u00ed film v\u00a0jin\u00e9m m\u011bst\u011b. Rozhodne se tedy n\u011bco zm\u011bnit a vnut\u00ed se matce jako vedouc\u00ed do kav\u00e1rny s\u00a0p\u0159edstavou, \u017ee ud\u011bl\u00e1 zm\u011bny, kter\u00e9 podnik pov\u00fd\u0161\u00ed na lep\u0161\u00ed \u00farove\u0148. Se sestrou Hildou ale nic nekonzultuje a jeliko\u017e tomuto byznysu nerozum\u00ed, p\u016fsob\u00ed sp\u00ed\u0161e komplikace.<\/p>\n<p style=\"font-weight: 400;\">Dal\u0161\u00ed zaj\u00edmavou postavou je Luisa \u0159e\u0161\u00edc\u00ed \u017eivotn\u00ed nesn\u00e1ze, do kter\u00fdch je dostal boh\u00e9msk\u00fd man\u017eel Fritz. Ten s\u00e1m nadan\u00fd, ale ne\u00fasp\u011b\u0161n\u00fd houslista, se sna\u017e\u00ed prosadit dceru Petru jako muzik\u00e1ln\u011b z\u00e1zra\u010dn\u00e9 d\u00edt\u011b a v\u0161echny rodinn\u00e9 \u00faspory vkl\u00e1d\u00e1 do jej\u00ed v\u00fduky a za n\u00e1stroje, a\u017e nemaj\u00ed ani po\u0159\u00e1dn\u011b na j\u00eddlo. Nav\u00edc se nezaj\u00edm\u00e1 o star\u0161\u00ed dceru Marion, kter\u00e1 m\u00e1 probl\u00e9my ve \u0161kole a ubli\u017euje jin\u00fdm d\u011btem. Situaci mus\u00ed Luisa \u0159e\u0161it r\u00e1zn\u011b a s\u00a0nejist\u00fdm v\u00fdsledkem.<\/p>\n<p style=\"font-weight: 400;\">Kniha p\u0159in\u00e1\u0161\u00ed sm\u011bsici rodinn\u00e9 s\u00e1gy, romantiky a lehk\u00e9ho nap\u011bt\u00ed. Vedle Hildina boje o kav\u00e1rnu se rozv\u00edj\u00ed p\u0159\u00edb\u011bhy ostatn\u00edch postav z\u00a0\u0161ir\u0161\u00ed rodiny i jin\u00fdch, kter\u00e9 maj\u00ed ke kav\u00e1rn\u011b hlubok\u00fd vztah. Autorka z\u016fst\u00e1v\u00e1 v\u011brn\u00e1 sv\u00e9mu stylu, kter\u00fd je \u010dtiv\u00fd, pln\u00fd emoc\u00ed a poutav\u00fdch popis\u016f. \u010cten\u00e1\u0159 si d\u00edky tomu dok\u00e1\u017ee snadno p\u0159edstavit v\u016fni \u010derstv\u011b namlet\u00e9 k\u00e1vy a atmosf\u00e9ru kav\u00e1rny, stejn\u011b jako pocity jednotliv\u00fdch postav.<\/p>\n<p style=\"font-weight: 400;\">Kniha poukazuje na to, jak minulost ovliv\u0148uje p\u0159\u00edtomnost a jak d\u016fle\u017eit\u00e9 je porozum\u011bn\u00ed mezi generacemi. <em>Kav\u00e1rna U And\u011bla: Sv\u011b\u017e\u00ed v\u00edtr<\/em> oslov\u00ed \u010dten\u00e1\u0159e, kte\u0159\u00ed maj\u00ed r\u00e1di rodinn\u00e9 s\u00e1gy, romantiku a p\u0159\u00edb\u011bhy o p\u0159ekon\u00e1v\u00e1n\u00ed v\u00fdzev. Anne Jacobsov\u00e1 op\u011bt dokazuje, \u017ee um\u00ed ps\u00e1t p\u0159\u00edb\u011bhy, kter\u00e9 zah\u0159ej\u00ed u srdce. <em>Kav\u00e1rna U And\u011bla: Sv\u011b\u017e\u00ed v\u00edtr<\/em> je p\u0159\u00edjemn\u00fdm pokra\u010dov\u00e1n\u00edm s\u00e9rie, kde op\u011bt nen\u00ed nouze o zaj\u00edmav\u00e9 d\u011bjov\u00e9 zvraty a rozv\u00edjen\u00ed osud\u016f sympatick\u00fdch postav. Pokud hled\u00e1te knihu plnou optimismu a nad\u011bje, rozhodn\u011b po n\u00ed s\u00e1hn\u011bte.<\/p>\n<p style=\"font-weight: 400;\">\u00a0<\/p>\n<p style=\"font-weight: 400;\">\u00a0<\/p>\n<p style=\"font-weight: 400;\">Zuzana Erbenov\u00e1<\/p>\n<p>Autor:\u00a0Zuzana Erbenov\u00e1<\/p>\n","protected":false},"excerpt":{"rendered":"<p>Hrdinov\u00e9 rodinn\u00e9 s\u00e1gy Kav\u00e1rna U And\u011bla op\u011bt ve v\u00edru d\u011bn\u00ed. Tentokr\u00e1t budou jej\u00ed \u010dlenov\u00e9 bojovat nejen o sv\u00e9 vztahy, ale o podstatu kav\u00e1rny samotn\u00e9.<\/p>\n","protected":false},"author":2,"featured_media":324439,"comment_status":"open","ping_status":"open","sticky":false,"template":"","format":"standard","meta":{"_acf_changed":false,"_monsterinsights_skip_tracking":false,"_monsterinsights_sitenote_active":false,"_monsterinsights_sitenote_note":"","_monsterinsights_sitenote_category":0,"_EventAllDay":false,"_EventTimezone":"","_EventStartDate":"","_EventEndDate":"","_EventStartDateUTC":"","_EventEndDateUTC":"","_EventShowMap":false,"_EventShowMapLink":false,"_EventURL":"","_EventCost":"","_EventCostDescription":"","_EventCurrencySymbol":"","_EventCurrencyCode":"","_EventCurrencyPosition":"","_EventDateTimeSeparator":"","_EventTimeRangeSeparator":"","_EventOrganizerID":[],"_EventVenueID":[],"_OrganizerEmail":"","_OrganizerPhone":"","_OrganizerWebsite":"","_VenueAddress":"","_VenueCity":"","_VenueCountry":"","_VenueProvince":"","_VenueState":"","_VenueZip":"","_VenuePhone":"","_VenueURL":"","_VenueStateProvince":"","_VenueLat":"","_VenueLng":"","_VenueShowMap":false,"_VenueShowMapLink":false,"twitterCardType":"","cardImageID":0,"cardImage":"","cardTitle":"","cardDesc":"","cardImageAlt":"","cardPlayer":"","cardPlayerWidth":0,"cardPlayerHeight":0,"cardPlayerStream":"","cardPlayerCodec":"","footnotes":""},"categories":[7],"tags":[21832],"class_list":["post-324438","post","type-post","status-publish","format-standard","has-post-thumbnail","hentry","category-recenze","tag-literarni-kavarna"],"acf":{"related_products":null},"_links":{"self":[{"href":"https:\/\/www.luxor.cz\/blog\/wp-json\/wp\/v2\/posts\/324438","targetHints":{"allow":["GET"]}}],"collection":[{"href":"https:\/\/www.luxor.cz\/blog\/wp-json\/wp\/v2\/posts"}],"about":[{"href":"https:\/\/www.luxor.cz\/blog\/wp-json\/wp\/v2\/types\/post"}],"author":[{"embeddable":true,"href":"https:\/\/www.luxor.cz\/blog\/wp-json\/wp\/v2\/users\/2"}],"replies":[{"embeddable":true,"href":"https:\/\/www.luxor.cz\/blog\/wp-json\/wp\/v2\/comments?post=324438"}],"version-history":[{"count":0,"href":"https:\/\/www.luxor.cz\/blog\/wp-json\/wp\/v2\/posts\/324438\/revisions"}],"wp:featuredmedia":[{"embeddable":true,"href":"https:\/\/www.luxor.cz\/blog\/wp-json\/wp\/v2\/media\/324439"}],"wp:attachment":[{"href":"https:\/\/www.luxor.cz\/blog\/wp-json\/wp\/v2\/media?parent=324438"}],"wp:term":[{"taxonomy":"category","embeddable":true,"href":"https:\/\/www.luxor.cz\/blog\/wp-json\/wp\/v2\/categories?post=324438"},{"taxonomy":"post_tag","embeddable":true,"href":"https:\/\/www.luxor.cz\/blog\/wp-json\/wp\/v2\/tags?post=324438"}],"curies":[{"name":"wp","href":"https:\/\/api.w.org\/{rel}","templated":true}]}}