{"id":324436,"date":"2024-12-15T10:00:18","date_gmt":"2024-12-15T09:00:18","guid":{"rendered":"https:\/\/www.luxor.cz\/blog\/nezarazene\/64227-jizda-o-zivot\/"},"modified":"2024-12-15T10:00:18","modified_gmt":"2024-12-15T09:00:18","slug":"64227-jizda-o-zivot","status":"publish","type":"post","link":"https:\/\/www.luxor.cz\/blog\/recenze\/64227-jizda-o-zivot\/","title":{"rendered":"J\u00edzda o \u017eivot"},"content":{"rendered":"<p style=\"font-weight: 400;\">Touto knihou v\u00e1s provede Irena a jej\u00ed kamar\u00e1di a kamar\u00e1dky. V\u0161ichni jsou free a cht\u011bj\u00ed si u\u017e\u00edvat \u017eivota. Ve\u010d\u00edrky, pa\u0159by, drogy, alkohol. Ale je tohle skute\u010dn\u00fd \u017eivot? Nebo je j\u00edm ta bolest, kter\u00e1 se skr\u00fdv\u00e1 uvnit\u0159, samota a t\u00edse\u0148?<\/p>\n<p style=\"font-weight: 400;\">Tohle byla v\u00e1\u017en\u011b j\u00edzda. Od prvn\u00edch \u0159\u00e1dk\u016f m\u011b p\u0159\u00edb\u011bh pohltil. Je to neskute\u010dn\u00fd p\u0159\u00edval slov, kter\u00fd se val\u00ed jako lavina a vezme v\u00e1s s\u00a0sebou. Nenech\u00e1 v\u00e1s ani nadechnout a cel\u00e9 v\u00e1s spolkne. Nen\u00ed tu ani mal\u00e1 pauza, kter\u00e1 by v\u00e1m dovolila vystoupit. Autorka je toho pln\u00e1 a je c\u00edtit, jak to mus\u00ed ven.<\/p>\n<p style=\"font-weight: 400;\">\u010cten\u00e1\u0159 tu mus\u00ed b\u00fdt p\u0159ipraven absolutn\u011b na v\u0161e. Je to divok\u00fd \u017eivot pln\u00fd drog, \u017eivot pln\u00fd bolesti, pln\u00fd hled\u00e1n\u00ed sama sebe, ale i ztracen\u00fdch p\u0159\u00e1tel. Pro n\u011bkoho \u0161okuj\u00edc\u00ed, pro n\u011bkoho nechutn\u00fd, nepochopiteln\u00fd a nep\u0159edstaviteln\u00fd, ale p\u0159esto v\u0161echno skv\u011ble napsan\u00fd. Atmosf\u00e9ra je tu vyl\u00ed\u010dena tak, \u017ee budete s\u00a0Irenou pro\u017e\u00edvat jej\u00ed \u017eivot se v\u0161\u00edm v\u0161udy.<\/p>\n<p style=\"font-weight: 400;\">V\u016fbec jsem netu\u0161ila, co p\u0159ijde d\u00e1l, vn\u00edmala jsem text jen tady a te\u010f a kdybych nemusela, tak kn\u00ed\u017eku v\u016fbec neodlo\u017e\u00edm a p\u0159e\u010dtu ji od za\u010d\u00e1tku a\u017e do konce bez zastaven\u00ed.<\/p>\n<p style=\"font-weight: 400;\">Nebude to kn\u00ed\u017eka pro ka\u017ed\u00e9ho, ale kdo si k\u00a0n\u00ed najde cestu, bude nad\u0161en\u00fd. Mysl\u00edm, \u017ee je skv\u011bl\u00e9, \u017ee vy\u0161la u Odeonu, a pr\u00e1v\u011b \u010dten\u00e1\u0159i \u201eodeonek\u201c ji ocen\u00ed nejv\u00edc.<\/p>\n<p style=\"font-weight: 400;\">Celou dobu jsem si \u0159\u00edkala, \u017ee to nem\u016f\u017ee b\u00fdt skute\u010dn\u00fd p\u0159\u00edb\u011bh, ale ob\u00e1v\u00e1m se, \u017ee je p\u0159eci jenom re\u00e1ln\u00fd. Je tu uk\u00e1zan\u00fd d\u011bsiv\u00fd obraz dne\u0161n\u00ed doby a donut\u00ed tak k\u00a0\u010dten\u00e1\u0159e k\u00a0zamy\u0161len\u00ed, zda to takto skute\u010dn\u011b mezi mlad\u00fdmi chod\u00ed a kam to m\u016f\u017ee zaj\u00edt d\u00e1l.<\/p>\n<p style=\"font-weight: 400;\">Netu\u0161\u00edm, jestli jsem dala dohromady v\u0161echno, co n\u00e1m autorka cht\u011bla \u0159\u00edct, ale rozhodn\u011b m\u011b \u010dten\u00ed moc bavilo.<\/p>\n<p style=\"font-weight: 400;\">\u00a0<\/p>\n<p style=\"font-weight: 400;\">\u00a0<\/p>\n<p style=\"font-weight: 400;\">Eva Francov\u00e1<\/p>\n<p>Autor:\u00a0Eva Francov\u00e1<\/p>\n","protected":false},"excerpt":{"rendered":"<p>Tapet\u00e1\u0159 byl skv\u011bl\u00fd! Lada u ledu zvl\u00e1\u0161tn\u00ed. Jak u m\u011b zabodovala autorka novinkou Ani minuta ticha? V\u00fdborn\u011b!<\/p>\n","protected":false},"author":2,"featured_media":324437,"comment_status":"open","ping_status":"open","sticky":false,"template":"","format":"standard","meta":{"_acf_changed":false,"_monsterinsights_skip_tracking":false,"_monsterinsights_sitenote_active":false,"_monsterinsights_sitenote_note":"","_monsterinsights_sitenote_category":0,"_EventAllDay":false,"_EventTimezone":"","_EventStartDate":"","_EventEndDate":"","_EventStartDateUTC":"","_EventEndDateUTC":"","_EventShowMap":false,"_EventShowMapLink":false,"_EventURL":"","_EventCost":"","_EventCostDescription":"","_EventCurrencySymbol":"","_EventCurrencyCode":"","_EventCurrencyPosition":"","_EventDateTimeSeparator":"","_EventTimeRangeSeparator":"","_EventOrganizerID":[],"_EventVenueID":[],"_OrganizerEmail":"","_OrganizerPhone":"","_OrganizerWebsite":"","_VenueAddress":"","_VenueCity":"","_VenueCountry":"","_VenueProvince":"","_VenueState":"","_VenueZip":"","_VenuePhone":"","_VenueURL":"","_VenueStateProvince":"","_VenueLat":"","_VenueLng":"","_VenueShowMap":false,"_VenueShowMapLink":false,"twitterCardType":"","cardImageID":0,"cardImage":"","cardTitle":"","cardDesc":"","cardImageAlt":"","cardPlayer":"","cardPlayerWidth":0,"cardPlayerHeight":0,"cardPlayerStream":"","cardPlayerCodec":"","footnotes":""},"categories":[7],"tags":[21832],"class_list":["post-324436","post","type-post","status-publish","format-standard","has-post-thumbnail","hentry","category-recenze","tag-literarni-kavarna"],"acf":{"related_products":null},"_links":{"self":[{"href":"https:\/\/www.luxor.cz\/blog\/wp-json\/wp\/v2\/posts\/324436","targetHints":{"allow":["GET"]}}],"collection":[{"href":"https:\/\/www.luxor.cz\/blog\/wp-json\/wp\/v2\/posts"}],"about":[{"href":"https:\/\/www.luxor.cz\/blog\/wp-json\/wp\/v2\/types\/post"}],"author":[{"embeddable":true,"href":"https:\/\/www.luxor.cz\/blog\/wp-json\/wp\/v2\/users\/2"}],"replies":[{"embeddable":true,"href":"https:\/\/www.luxor.cz\/blog\/wp-json\/wp\/v2\/comments?post=324436"}],"version-history":[{"count":0,"href":"https:\/\/www.luxor.cz\/blog\/wp-json\/wp\/v2\/posts\/324436\/revisions"}],"wp:featuredmedia":[{"embeddable":true,"href":"https:\/\/www.luxor.cz\/blog\/wp-json\/wp\/v2\/media\/324437"}],"wp:attachment":[{"href":"https:\/\/www.luxor.cz\/blog\/wp-json\/wp\/v2\/media?parent=324436"}],"wp:term":[{"taxonomy":"category","embeddable":true,"href":"https:\/\/www.luxor.cz\/blog\/wp-json\/wp\/v2\/categories?post=324436"},{"taxonomy":"post_tag","embeddable":true,"href":"https:\/\/www.luxor.cz\/blog\/wp-json\/wp\/v2\/tags?post=324436"}],"curies":[{"name":"wp","href":"https:\/\/api.w.org\/{rel}","templated":true}]}}