{"id":324430,"date":"2024-12-21T10:00:00","date_gmt":"2024-12-21T09:00:00","guid":{"rendered":"https:\/\/www.luxor.cz\/blog\/nezarazene\/64230-pod-maskou-dokonalosti\/"},"modified":"2024-12-21T10:00:00","modified_gmt":"2024-12-21T09:00:00","slug":"64230-pod-maskou-dokonalosti","status":"publish","type":"post","link":"https:\/\/www.luxor.cz\/blog\/recenze\/64230-pod-maskou-dokonalosti\/","title":{"rendered":"Pod maskou dokonalosti"},"content":{"rendered":"<div>\n<p class=\"Standard\">Fern \u017eije zd\u00e1nliv\u011b idylick\u00fd \u017eivot v Manchesteru se sv\u00fdm dokonal\u00fdm man\u017eelem Drewem Devlinem, \u00fasp\u011b\u0161n\u00fdm l\u00e9ka\u0159em. Drew vyd\u011bl\u00e1v\u00e1 dost pen\u011bz na to, aby Fern nemusela pracovat, a tak se v\u011bnuje dom\u00e1cnosti. Tento harmonick\u00fd vztah v\u0161ak naru\u0161\u00ed nev\u011bra. Kdy\u017e Fern zjist\u00ed, \u017ee ji Drew podv\u00e1d\u00ed, rozhodne se d\u00e1t man\u017eelovi druhou \u0161anci, ani\u017e by on tu\u0161il, \u017ee o jeho rom\u00e1nku v\u00ed. Odst\u011bhuj\u00ed se do malebn\u00e9ho m\u011bste\u010dka, kde jsou v\u0161ichni obyvatel\u00e9 p\u0159\u00e1tel\u0161t\u00ed a dob\u0159e se znaj\u00ed. M\u011bl to b\u00fdt nov\u00fd za\u010d\u00e1tek, ale Fern brzy zjist\u00ed, \u017ee Drew j\u00ed op\u011bt l\u017ee. Drew netu\u0161\u00ed, co v\u0161echno Fern v\u00ed, a co m\u00e1 v pl\u00e1nu.<\/p>\n<\/div>\n<div>\n<p class=\"Standard\">Jedn\u00edm z hlavn\u00edch t\u00e9mat knihy je l\u00e1ska a jej\u00ed r\u016fzn\u00e9 podoby. Autor zkoum\u00e1, jak l\u00e1ska m\u016f\u017ee b\u00fdt kr\u00e1sn\u00e1, ale tak\u00e9 bolestiv\u00e1 a komplikovan\u00e1. Dal\u0161\u00edm d\u016fle\u017eit\u00fdm t\u00e9matem je mor\u00e1lka a etika, zejm\u00e9na v kontextu l\u00e9ka\u0159sk\u00e9 profese. Hlavn\u00ed postava, doktor, se \u010dasto ocit\u00e1 v situac\u00edch, kde mus\u00ed \u010delit t\u011b\u017ek\u00fdm rozhodnut\u00edm, kter\u00e1 ovliv\u0148uj\u00ed \u017eivoty jeho pacient\u016f i jeho vlastn\u00ed.<\/p>\n<\/div>\n<div>\n<p class=\"Standard\">Postavy v knize jsou velmi dob\u0159e propracovan\u00e9 a realistick\u00e9. Doktor Drew, je komplexn\u00ed osobnost s mnoha vrstvami. Jeho \u017eena Fern je tak\u00e9 zaj\u00edmavou postavou, kter\u00e1 proch\u00e1z\u00ed vlastn\u00edm v\u00fdvojem a \u010del\u00ed sv\u00fdm vlastn\u00edm v\u00fdzv\u00e1m. Vedlej\u0161\u00ed postavy, milenka a jej\u00ed man\u017eel a obyvatel\u00e9 m\u011bste\u010dka, dod\u00e1vaj\u00ed p\u0159\u00edb\u011bhu hloubku a rozmanitost.<\/p>\n<\/div>\n<div>\n<p class=\"Standard\">Daniel Hurst m\u00e1 velmi poutav\u00fd a \u010dtiv\u00fd styl psan\u00ed. Jeho popisy jsou \u017eiv\u00e9 a detailn\u00ed, co\u017e \u010dten\u00e1\u0159i umo\u017e\u0148uje snadno si p\u0159edstavit prost\u0159ed\u00ed a situace, ve kter\u00fdch se postavy nach\u00e1zej\u00ed. Dialogy jsou p\u0159irozen\u00e9 a autentick\u00e9, co\u017e p\u0159isp\u00edv\u00e1 k celkov\u00e9 realisti\u010dnosti p\u0159\u00edb\u011bhu.<\/p>\n<\/div>\n<div>\n<p class=\"Textbody\">Doktorova \u017eena je kniha, kter\u00e1 zaujme \u010dten\u00e1\u0159e od prvn\u00ed str\u00e1nky a udr\u017e\u00ed jeho pozornost a\u017e do konce. P\u0159\u00edb\u011bh je emocion\u00e1ln\u011b nabit\u00fd a nut\u00ed \u010dten\u00e1\u0159e p\u0159em\u00fd\u0161let o slo\u017eit\u00fdch ot\u00e1zk\u00e1ch t\u00fdkaj\u00edc\u00edch se l\u00e1sky, mor\u00e1lky a lidsk\u00fdch vztah\u016f.<\/p>\n<\/div>\n<div>\n<p class=\"Textbody\"><span class=\"StrongEmphasis\">Z\u00e1v\u011brem bych cht\u011bla \u0159\u00edct, \u017ee<\/span> kniha Doktorova \u017eena od Daniela Hursta je skv\u011bl\u00fdm p\u0159\u00edkladem modern\u00ed literatury, kter\u00e1 dok\u00e1\u017ee oslovit \u0161irok\u00e9 spektrum \u010dten\u00e1\u0159\u016f. Je to p\u0159\u00edb\u011bh, kter\u00fd stoj\u00ed za to p\u0159e\u010d\u00edst a zamyslet se nad n\u00edm. Pokud hled\u00e1te knihu, kter\u00e1 v\u00e1s nejen zaujme, ale tak\u00e9 p\u0159im\u011bje k zamy\u0161len\u00ed nad temn\u00fdmi str\u00e1nkami lidsk\u00e9 povahy, Doktorova \u017eena je tou spr\u00e1vnou volbou. A co je je\u0161t\u011b lep\u0161\u00ed, m\u016f\u017eeme se t\u011b\u0161it na pokra\u010dov\u00e1n\u00ed, proto\u017ee tento p\u0159\u00edb\u011bh z\u016fst\u00e1v\u00e1 otev\u0159en\u00fd a slibuje dal\u0161\u00ed nap\u00ednav\u00e9 zvraty a odhalen\u00ed.<\/p>\n<\/div>\n<div>\n<p class=\"Standard\">\u00a0<\/p>\n<\/div>\n<div>\n<p class=\"Standard\">\u00a0<\/p>\n<p class=\"Standard\">Simona Krchov\u00e1<\/p>\n<\/div>\n<p>Autor:\u00a0Simona Krchov\u00e1<\/p>\n","protected":false},"excerpt":{"rendered":"<p>Doktorova \u017eena od Daniela Hursta je p\u0159\u00edb\u011bh pln\u00fd tajemstv\u00ed a ne\u010dekan\u00fdch odhalen\u00ed. Co se stane, kdy\u017e se zd\u00e1nliv\u011b dokonal\u00fd \u017eivot za\u010dne hroutit pod t\u00edhou l\u017e\u00ed a nev\u011bry?\u00a0<\/p>\n","protected":false},"author":2,"featured_media":324431,"comment_status":"open","ping_status":"open","sticky":false,"template":"","format":"standard","meta":{"_acf_changed":false,"_monsterinsights_skip_tracking":false,"_monsterinsights_sitenote_active":false,"_monsterinsights_sitenote_note":"","_monsterinsights_sitenote_category":0,"_EventAllDay":false,"_EventTimezone":"","_EventStartDate":"","_EventEndDate":"","_EventStartDateUTC":"","_EventEndDateUTC":"","_EventShowMap":false,"_EventShowMapLink":false,"_EventURL":"","_EventCost":"","_EventCostDescription":"","_EventCurrencySymbol":"","_EventCurrencyCode":"","_EventCurrencyPosition":"","_EventDateTimeSeparator":"","_EventTimeRangeSeparator":"","_EventOrganizerID":[],"_EventVenueID":[],"_OrganizerEmail":"","_OrganizerPhone":"","_OrganizerWebsite":"","_VenueAddress":"","_VenueCity":"","_VenueCountry":"","_VenueProvince":"","_VenueState":"","_VenueZip":"","_VenuePhone":"","_VenueURL":"","_VenueStateProvince":"","_VenueLat":"","_VenueLng":"","_VenueShowMap":false,"_VenueShowMapLink":false,"twitterCardType":"","cardImageID":0,"cardImage":"","cardTitle":"","cardDesc":"","cardImageAlt":"","cardPlayer":"","cardPlayerWidth":0,"cardPlayerHeight":0,"cardPlayerStream":"","cardPlayerCodec":"","footnotes":""},"categories":[7],"tags":[21832],"class_list":["post-324430","post","type-post","status-publish","format-standard","has-post-thumbnail","hentry","category-recenze","tag-literarni-kavarna"],"acf":{"related_products":null},"_links":{"self":[{"href":"https:\/\/www.luxor.cz\/blog\/wp-json\/wp\/v2\/posts\/324430","targetHints":{"allow":["GET"]}}],"collection":[{"href":"https:\/\/www.luxor.cz\/blog\/wp-json\/wp\/v2\/posts"}],"about":[{"href":"https:\/\/www.luxor.cz\/blog\/wp-json\/wp\/v2\/types\/post"}],"author":[{"embeddable":true,"href":"https:\/\/www.luxor.cz\/blog\/wp-json\/wp\/v2\/users\/2"}],"replies":[{"embeddable":true,"href":"https:\/\/www.luxor.cz\/blog\/wp-json\/wp\/v2\/comments?post=324430"}],"version-history":[{"count":0,"href":"https:\/\/www.luxor.cz\/blog\/wp-json\/wp\/v2\/posts\/324430\/revisions"}],"wp:featuredmedia":[{"embeddable":true,"href":"https:\/\/www.luxor.cz\/blog\/wp-json\/wp\/v2\/media\/324431"}],"wp:attachment":[{"href":"https:\/\/www.luxor.cz\/blog\/wp-json\/wp\/v2\/media?parent=324430"}],"wp:term":[{"taxonomy":"category","embeddable":true,"href":"https:\/\/www.luxor.cz\/blog\/wp-json\/wp\/v2\/categories?post=324430"},{"taxonomy":"post_tag","embeddable":true,"href":"https:\/\/www.luxor.cz\/blog\/wp-json\/wp\/v2\/tags?post=324430"}],"curies":[{"name":"wp","href":"https:\/\/api.w.org\/{rel}","templated":true}]}}