{"id":324424,"date":"2025-01-03T10:10:29","date_gmt":"2025-01-03T09:10:29","guid":{"rendered":"https:\/\/www.luxor.cz\/blog\/nezarazene\/64233-kazda-pout-je-zacatkem-neceho-dalsiho\/"},"modified":"2025-01-03T10:10:29","modified_gmt":"2025-01-03T09:10:29","slug":"64233-kazda-pout-je-zacatkem-neceho-dalsiho","status":"publish","type":"post","link":"https:\/\/www.luxor.cz\/blog\/recenze\/64233-kazda-pout-je-zacatkem-neceho-dalsiho\/","title":{"rendered":"Ka\u017ed\u00e1 pou\u0165 je za\u010d\u00e1tkem n\u011b\u010deho dal\u0161\u00edho"},"content":{"rendered":"<p style=\"font-weight: 400;\">Cel\u00e9 roky sleduji svou zn\u00e1mou, kter\u00e1 ka\u017edoro\u010dn\u011b vyr\u00e1\u017e\u00ed se sv\u00fdm man\u017eelem na pou\u0165 do Santiaga de Compostela. Jej\u00ed nad\u0161en\u00ed a stesk v\u00a0dob\u011b, kdy nen\u00ed na cest\u011b m\u011b fascinuj\u00ed. \u010casto sd\u00edl\u00ed na soci\u00e1ln\u00edch s\u00edt\u00edch fotografie ze sv\u00fdch poutn\u00edch cest. Inspirovalo m\u011b to natolik, \u017ee jsem zatou\u017eila se o cest\u011b dozv\u011bd\u011bt n\u011bco v\u00edc. A kdo v\u00ed, mo\u017en\u00e1 po p\u0159e\u010dten\u00ed knihy budete m\u00edt i vy sami chu\u0165 se vydat na cestu.<\/p>\n<p style=\"font-weight: 400;\">\u00a0<\/p>\n<p style=\"font-weight: 400;\">Svatojakubskou cestu (Camino de Santiago) je mo\u017en\u00e9 absolvovat po dvan\u00e1cti r\u016fzn\u00fdch tras\u00e1ch, historick\u00fdch cest\u00e1ch.<\/p>\n<p style=\"font-weight: 400;\">Kniha A\u017e na kraj sv\u011bta, prap\u016fvodn\u00ed cestou do Santiaga a je\u0161t\u011b d\u00e1l, je kr\u00e1sn\u00fdm a praktick\u00fdm po\u010dinem dvou sympatick\u00fdch autorek Julie R\u016f\u017ei\u010dkov\u00e9 a Jitky Jand\u00e1kov\u00e9.<\/p>\n<p style=\"font-weight: 400;\">Hned na po\u010d\u00e1tku knihy naleznete informaci, \u017ee je kniha ur\u010dena p\u0159esn\u011b pro lidi, kte\u0159\u00ed tak jako j\u00e1, je\u0161t\u011b cestu nepodstoupili a teprve se na ni chystaj\u00ed. Ostatn\u011b, dobr\u00fdch rad nen\u00ed nikdy dost.<\/p>\n<p style=\"font-weight: 400;\">M\u016f\u017eete volit cestu podle sv\u00fdch vlastn\u00edch mo\u017enost\u00ed, a\u0165 u\u017e co do d\u00e9lky poutn\u00ed trasy, tak i n\u00e1ro\u010dnosti ter\u00e9nu.<\/p>\n<p style=\"font-weight: 400;\">Opravdu m\u011b pobavilo, kdy\u017e jsem se v\u00a0knize do\u010detla: \u201ePokud je va\u0161\u00edm zvykem \u010d\u00edst text odzadu,\u201c proto\u017ee p\u0159esn\u011b tohle s\u00a0oblibou d\u011bl\u00e1m. Nev\u00edm pro\u010d, ale zjistila jsem, \u017ee to tak m\u00e1 mnoho \u010dten\u00e1\u0159\u016f. Samoz\u0159ejm\u011b se to t\u00fdk\u00e1 knih odborn\u00fdch, nau\u010dn\u00fdch, \u010dasopis\u016f a ne beletrie. M\u00e1te to tak i vy?<\/p>\n<p style=\"font-weight: 400;\">Mimochodem, v\u00a0zadn\u00ed \u010d\u00e1sti knihy najdete ot\u00e1zky a odpov\u011bdi. V\u0161echno, co jste netu\u0161ili, \u017ee o Camino Primitivo mus\u00edte v\u011bd\u011bt.<\/p>\n<p style=\"font-weight: 400;\">Moc se mi l\u00edb\u00ed n\u00e1pad, \u017ee koup\u00ed knihy \u010dten\u00e1\u0159 podpo\u0159\u00ed dobr\u00fd projekt. V\u00a0tomto p\u0159\u00edpad\u011b se jedn\u00e1 o Charitu \u010cesk\u00e1 republika, kter\u00e1 je nejv\u011bt\u0161\u00edm nest\u00e1tn\u00edm poskytovatelem soci\u00e1ln\u00edch a zdravotn\u00edch slu\u017eeb v\u00a0zemi. Vzhledem k\u00a0tomu, \u017ee ob\u011b autorky pracuj\u00ed pro neziskov\u00fd sektor, dalo se n\u011bco takov\u00e9ho i p\u0159edpokl\u00e1dat. Jak m\u00e1 \u010dlov\u011bk jednou tendenci m\u011bnit sv\u011bt k\u00a0lep\u0161\u00edmu, bere to pak u\u017e tak n\u011bjak automaticky.<\/p>\n<p style=\"font-weight: 400;\">Kniha je pln\u00e1 inspiruj\u00edc\u00edch fotografi\u00ed. Text je rozd\u011blen\u00fd na dny a etapy (cesta do Santiaga a je\u0161t\u011b d\u00e1l). Na za\u010d\u00e1tku ka\u017ed\u00e9ho dne autorky uv\u00e1d\u00ed, kolik nachodily kilometr\u016f celkem, kolik ten dan\u00fd den, a dokonce i jakou pr\u016fm\u011brnou rychlost\u00ed za den \u0161ly.<\/p>\n<p style=\"font-weight: 400;\">Dal\u0161\u00ed samostatn\u00e1 \u010d\u00e1st \u00favodu dal\u0161\u00edho dne pat\u0159\u00ed zm\u00ednce o po\u010das\u00ed, j\u00eddle, raz\u00edtk\u00e1m a dal\u0161\u00edm zaj\u00edmav\u00fdm pozn\u00e1mk\u00e1m.<\/p>\n<p style=\"font-weight: 400;\">Text knihy vypr\u00e1v\u00ed o radostech i strastech b\u011bhem cesty samotn\u00e9. Cesta trvaj\u00edc\u00ed t\u0159i t\u00fddny d\u00e1 \u010dlov\u011bku prost\u011b zabrat. Popisuje n\u00e1dhern\u00e1 m\u00edsta, jinou atmosf\u00e9ru, ale i duchovn\u00ed z\u00e1\u017eitek, kter\u00fd si z\u00a0cesty odnesete. Ale ten z\u00e1v\u011br cesty\u2026 Mysl\u00edte, \u017ee se v\u00e1m tak\u00e9 bude st\u00fdskat? Nebo si od\u0161krtnete spln\u011bno a u\u017e se nikdy na \u017e\u00e1dnou dal\u0161\u00ed putovn\u00ed cestu nevyd\u00e1te? Osobn\u011b nezn\u00e1m snad nikoho, kdo by byl z\u00a0takov\u00e9 cesty zklaman\u00fd. Je na tom zkr\u00e1tka n\u011bco v\u00edc. Nehmatateln\u00fd bonus.<\/p>\n<p style=\"font-weight: 400;\">Tak co mysl\u00edte, seberete odvahu a vyd\u00e1te se tak\u00e9 na svou prvn\u00ed poutn\u00ed cestu, t\u0159eba zrovna do Santiaga? Rozhodn\u011b si cestu dop\u0159edu napl\u00e1nujte a vyu\u017eijte zku\u0161enost\u00ed, kter\u00e9 ve sv\u00e9 knize autorky Julie a Jitka tak dob\u0159e zdokumentovaly.<\/p>\n<p style=\"font-weight: 400;\">\u00a0<\/p>\n<p style=\"font-weight: 400;\">\u00a0<\/p>\n<p style=\"font-weight: 400;\">Eva Mare\u0161ov\u00e1<\/p>\n<p>Autor:\u00a0Eva Mare\u0161ov\u00e1<\/p>\n","protected":false},"excerpt":{"rendered":"<p>P\u0159esn\u011b takto v\u00fdsti\u017en\u011b to vyj\u00e1d\u0159ily autorky kr\u00e1sn\u00e9 nov\u00e9 publikace. Mohu v\u0161ak z\u00a0jejich knihy pou\u017e\u00edt i dal\u0161\u00ed trefnou hl\u00e1\u0161ku: Kdy, kdy\u017e ne te\u010f, splnit si sv\u016fj sen?<\/p>\n","protected":false},"author":2,"featured_media":324425,"comment_status":"open","ping_status":"open","sticky":false,"template":"","format":"standard","meta":{"_acf_changed":false,"_monsterinsights_skip_tracking":false,"_monsterinsights_sitenote_active":false,"_monsterinsights_sitenote_note":"","_monsterinsights_sitenote_category":0,"_EventAllDay":false,"_EventTimezone":"","_EventStartDate":"","_EventEndDate":"","_EventStartDateUTC":"","_EventEndDateUTC":"","_EventShowMap":false,"_EventShowMapLink":false,"_EventURL":"","_EventCost":"","_EventCostDescription":"","_EventCurrencySymbol":"","_EventCurrencyCode":"","_EventCurrencyPosition":"","_EventDateTimeSeparator":"","_EventTimeRangeSeparator":"","_EventOrganizerID":[],"_EventVenueID":[],"_OrganizerEmail":"","_OrganizerPhone":"","_OrganizerWebsite":"","_VenueAddress":"","_VenueCity":"","_VenueCountry":"","_VenueProvince":"","_VenueState":"","_VenueZip":"","_VenuePhone":"","_VenueURL":"","_VenueStateProvince":"","_VenueLat":"","_VenueLng":"","_VenueShowMap":false,"_VenueShowMapLink":false,"twitterCardType":"","cardImageID":0,"cardImage":"","cardTitle":"","cardDesc":"","cardImageAlt":"","cardPlayer":"","cardPlayerWidth":0,"cardPlayerHeight":0,"cardPlayerStream":"","cardPlayerCodec":"","footnotes":""},"categories":[7],"tags":[21832],"class_list":["post-324424","post","type-post","status-publish","format-standard","has-post-thumbnail","hentry","category-recenze","tag-literarni-kavarna"],"acf":{"related_products":null},"_links":{"self":[{"href":"https:\/\/www.luxor.cz\/blog\/wp-json\/wp\/v2\/posts\/324424","targetHints":{"allow":["GET"]}}],"collection":[{"href":"https:\/\/www.luxor.cz\/blog\/wp-json\/wp\/v2\/posts"}],"about":[{"href":"https:\/\/www.luxor.cz\/blog\/wp-json\/wp\/v2\/types\/post"}],"author":[{"embeddable":true,"href":"https:\/\/www.luxor.cz\/blog\/wp-json\/wp\/v2\/users\/2"}],"replies":[{"embeddable":true,"href":"https:\/\/www.luxor.cz\/blog\/wp-json\/wp\/v2\/comments?post=324424"}],"version-history":[{"count":0,"href":"https:\/\/www.luxor.cz\/blog\/wp-json\/wp\/v2\/posts\/324424\/revisions"}],"wp:featuredmedia":[{"embeddable":true,"href":"https:\/\/www.luxor.cz\/blog\/wp-json\/wp\/v2\/media\/324425"}],"wp:attachment":[{"href":"https:\/\/www.luxor.cz\/blog\/wp-json\/wp\/v2\/media?parent=324424"}],"wp:term":[{"taxonomy":"category","embeddable":true,"href":"https:\/\/www.luxor.cz\/blog\/wp-json\/wp\/v2\/categories?post=324424"},{"taxonomy":"post_tag","embeddable":true,"href":"https:\/\/www.luxor.cz\/blog\/wp-json\/wp\/v2\/tags?post=324424"}],"curies":[{"name":"wp","href":"https:\/\/api.w.org\/{rel}","templated":true}]}}