{"id":324422,"date":"2025-01-05T10:04:25","date_gmt":"2025-01-05T09:04:25","guid":{"rendered":"https:\/\/www.luxor.cz\/blog\/nezarazene\/64234-zivot-se-s-nami-nemazli\/"},"modified":"2025-01-05T10:04:25","modified_gmt":"2025-01-05T09:04:25","slug":"64234-zivot-se-s-nami-nemazli","status":"publish","type":"post","link":"https:\/\/www.luxor.cz\/blog\/recenze\/64234-zivot-se-s-nami-nemazli\/","title":{"rendered":"\u017divot se s n\u00e1mi nemazl\u00ed"},"content":{"rendered":"<p style=\"font-weight: 400;\">Kamar\u00e1dky Zuzana, B\u00e1ra, L\u00edda a Lucie se spolu pravideln\u011b sch\u00e1z\u00ed. Je to zvl\u00e1\u0161tn\u00ed, ale vlastn\u011b se nikdy nesch\u00e1z\u00ed samostatn\u011b, pouze v\u0161echny dohromady. To se v\u0161ak brzy m\u00e1 zm\u011bnit.<\/p>\n<p style=\"font-weight: 400;\">Nev\u011bra, samota, touha, st\u00e1rnut\u00ed, plastick\u00e9 operace, nespokojenost, p\u0159epracovanost, spln\u011bn\u00e9 sny, p\u0159\u00e1telstv\u00ed a mnoho dal\u0161\u00edho v\u00e1s \u010dek\u00e1 v\u00a0nov\u00e9m rom\u00e1nu. A \u017ee n\u011bkdy dok\u00e1\u017ee \u017eivot vymyslet i z\u00e1kruty, kter\u00e9 bychom nep\u0159edpokl\u00e1daly ani uprost\u0159ed nap\u00ednav\u00e9ho filmu.<\/p>\n<p style=\"font-weight: 400;\">Napsat recenzi na knihu, kter\u00e1 by se z\u00a0po\u010d\u00e1tku mohla zd\u00e1t a\u017e depresivn\u00ed, nemus\u00ed b\u00fdt snadn\u00e9. Jde toti\u017e i o na\u0161e \u017eivoty. P\u0159\u00edb\u011bhy hlavn\u00edch hrdinek jsou n\u00e1m tolik podobn\u00e9. \u0158e\u0161\u00ed stejn\u00e9 probl\u00e9my a uv\u00edzly na stejn\u00e9 hran\u011b, tak jako to m\u00e1 mnoho z\u00a0n\u00e1s.<\/p>\n<p style=\"font-weight: 400;\">Pohled do du\u0161e jin\u00e9 \u017eeny se tak st\u00e1v\u00e1 ur\u010dit\u00fdm uklidn\u011bn\u00edm, kter\u00e9 n\u00e1m p\u0159in\u00e1\u0161\u00ed, kdy\u017e zjist\u00edme, \u017ee v\u00a0tom nejsme sami. P\u0159izn\u00e1n\u00ed, \u017ee i matka m\u016f\u017ee sv\u00e9 d\u011bti milovat a z\u00e1rove\u0148 je jist\u00fdm zp\u016fsobem nen\u00e1vid\u011bt, m\u016f\u017ee mnoh\u00e9 zasko\u010dit. N\u011bkter\u00e9 \u017eeny mohou n\u011bco takov\u00e9ho hned odsoudit, jen\u017ee je to naprosto b\u011b\u017en\u00e1 v\u011bc.<\/p>\n<p style=\"font-weight: 400;\">A tak mezit\u00edm, co n\u00e1m televize, \u010dasopisy a soci\u00e1ln\u00ed s\u00edt\u011b ukazuj\u00ed dokonal\u00e9 lidi s\u00a0jejich dokonal\u00fdmi \u017eivoty, my dokonal\u00e9 nejsme. Jsme \u201ejen\u201c lid\u00e9 se\u00a0spoustou v\u00e1h\u00e1n\u00ed, \u00favah, p\u0159em\u00fd\u0161len\u00ed, p\u0159em\u00edt\u00e1n\u00ed, konspiracemi o sob\u011b sam\u00e9 i o \u017eivot\u011b. Pochyby, kter\u00e9 n\u00e1s ni\u010d\u00ed a kter\u00e9 si nezaslou\u017e\u00edme, ale neum\u00edme se z\u00a0nich vymanit.<\/p>\n<p style=\"font-weight: 400;\">Kniha je v\u00edc ne\u017e jen oby\u010dejn\u00fd rom\u00e1n, zejm\u00e9na pro \u017eeny. Nab\u00edz\u00ed otev\u0159en\u00fd pohled do du\u0161\u00ed mnoh\u00fdch \u017een. Karolina T\u016fmov\u00e1, autorka knihy Modr\u00e1 jako nad\u011bje, si na nic nehraje. V\u00a0podstat\u011b jako kdyby n\u00e1m pod\u00e1vala up\u0159\u00edmnou zpov\u011b\u010f dne\u0161n\u00edch \u017een. \u017den, kter\u00e9 d\u011bti nemaj\u00ed i \u017een, kter\u00e9 d\u011bti maj\u00ed. \u017den sympatick\u00fdch i typick\u00fdch kr\u00e1sek. \u017den balancuj\u00edc\u00edch na prahu p\u0159elomu do druh\u00e9 poloviny \u017eivota a zji\u0161\u0165uj\u00edc\u00edch, \u017ee jim ji\u017e nen\u00ed dvacet let. A i kdy\u017e du\u0161\u00ed st\u00e1le mlad\u00e9, jejich t\u011bla za\u010d\u00ednaj\u00ed trp\u011bt. Jak ale osvobodit du\u0161i a b\u00fdt v\u00a0\u017eivot\u011b kone\u010dn\u011b \u0161\u0165astn\u00e1 a spokojen\u00e1? Nem\u011blo by b\u00fdt b\u011b\u017en\u00e9, vy\u010d\u00edtat si vlastn\u00ed chyby a p\u0159e\u0161lapy donekone\u010dna. Mo\u017en\u00e1 jste na tuto knihu nenarazili n\u00e1hodou, proto\u017ee st\u00e1t se m\u016f\u017ee opravdu cokoliv.<\/p>\n<p style=\"font-weight: 400;\">V\u00a0moment\u011b, kdy opust\u00edme sv\u00e9 v\u011b\u010dn\u00e9 hled\u00e1n\u00ed vlastn\u00edho \u0161t\u011bst\u00ed, se n\u00e1m jakoby n\u00e1hodou p\u0159ihod\u00ed to, na co jsme cel\u00fd \u017eivot marn\u011b \u010dekali. Mohou se vyjasnit mnoh\u00e9 cesty. Kniha n\u00e1m budi\u017e p\u0159ipom\u00ednkou, \u017ee v\u00a0tom nejsme sami.<\/p>\n<p style=\"font-weight: 400;\">Za\u010dt\u011bte se do poutav\u00fdch p\u0159\u00edb\u011bh\u016f v\u0161edn\u00edch dn\u00ed.<\/p>\n<p style=\"font-weight: 400;\">\u00a0<\/p>\n<p style=\"font-weight: 400;\">\u00a0<\/p>\n<p style=\"font-weight: 400;\">Eva Mare\u0161ov\u00e1<\/p>\n<p>Autor:\u00a0Eva Mare\u0161ov\u00e1<\/p>\n","protected":false},"excerpt":{"rendered":"<p>P\u0159\u00edb\u011bhy \u010dty\u0159 \u017een, kter\u00e9 jsou vlastn\u011b v\u00a0n\u011b\u010dem podobn\u00e9 zn\u00e1m\u00e9mu seri\u00e1lu Sex ve m\u011bst\u011b. \u010cty\u0159 \u017een, kter\u00e9 s\u017e\u00edr\u00e1 jejich vlastn\u00ed \u017eivot a dlouhodob\u00e1 neschopnost ho zm\u011bnit. Zm\u011bna se \u010dasto stane v\u00a0moment\u011b, kdy u\u017e to vzd\u00e1me.<\/p>\n","protected":false},"author":2,"featured_media":324423,"comment_status":"open","ping_status":"open","sticky":false,"template":"","format":"standard","meta":{"_acf_changed":false,"_monsterinsights_skip_tracking":false,"_monsterinsights_sitenote_active":false,"_monsterinsights_sitenote_note":"","_monsterinsights_sitenote_category":0,"_EventAllDay":false,"_EventTimezone":"","_EventStartDate":"","_EventEndDate":"","_EventStartDateUTC":"","_EventEndDateUTC":"","_EventShowMap":false,"_EventShowMapLink":false,"_EventURL":"","_EventCost":"","_EventCostDescription":"","_EventCurrencySymbol":"","_EventCurrencyCode":"","_EventCurrencyPosition":"","_EventDateTimeSeparator":"","_EventTimeRangeSeparator":"","_EventOrganizerID":[],"_EventVenueID":[],"_OrganizerEmail":"","_OrganizerPhone":"","_OrganizerWebsite":"","_VenueAddress":"","_VenueCity":"","_VenueCountry":"","_VenueProvince":"","_VenueState":"","_VenueZip":"","_VenuePhone":"","_VenueURL":"","_VenueStateProvince":"","_VenueLat":"","_VenueLng":"","_VenueShowMap":false,"_VenueShowMapLink":false,"twitterCardType":"","cardImageID":0,"cardImage":"","cardTitle":"","cardDesc":"","cardImageAlt":"","cardPlayer":"","cardPlayerWidth":0,"cardPlayerHeight":0,"cardPlayerStream":"","cardPlayerCodec":"","footnotes":""},"categories":[7],"tags":[21832],"class_list":["post-324422","post","type-post","status-publish","format-standard","has-post-thumbnail","hentry","category-recenze","tag-literarni-kavarna"],"acf":{"related_products":null},"_links":{"self":[{"href":"https:\/\/www.luxor.cz\/blog\/wp-json\/wp\/v2\/posts\/324422","targetHints":{"allow":["GET"]}}],"collection":[{"href":"https:\/\/www.luxor.cz\/blog\/wp-json\/wp\/v2\/posts"}],"about":[{"href":"https:\/\/www.luxor.cz\/blog\/wp-json\/wp\/v2\/types\/post"}],"author":[{"embeddable":true,"href":"https:\/\/www.luxor.cz\/blog\/wp-json\/wp\/v2\/users\/2"}],"replies":[{"embeddable":true,"href":"https:\/\/www.luxor.cz\/blog\/wp-json\/wp\/v2\/comments?post=324422"}],"version-history":[{"count":0,"href":"https:\/\/www.luxor.cz\/blog\/wp-json\/wp\/v2\/posts\/324422\/revisions"}],"wp:featuredmedia":[{"embeddable":true,"href":"https:\/\/www.luxor.cz\/blog\/wp-json\/wp\/v2\/media\/324423"}],"wp:attachment":[{"href":"https:\/\/www.luxor.cz\/blog\/wp-json\/wp\/v2\/media?parent=324422"}],"wp:term":[{"taxonomy":"category","embeddable":true,"href":"https:\/\/www.luxor.cz\/blog\/wp-json\/wp\/v2\/categories?post=324422"},{"taxonomy":"post_tag","embeddable":true,"href":"https:\/\/www.luxor.cz\/blog\/wp-json\/wp\/v2\/tags?post=324422"}],"curies":[{"name":"wp","href":"https:\/\/api.w.org\/{rel}","templated":true}]}}