{"id":324420,"date":"2025-01-07T10:00:59","date_gmt":"2025-01-07T09:00:59","guid":{"rendered":"https:\/\/www.luxor.cz\/blog\/nezarazene\/64235-jsem-imogen-jsem-bi-a-prave-jsem-vam-lhala\/"},"modified":"2025-01-07T10:00:59","modified_gmt":"2025-01-07T09:00:59","slug":"64235-jsem-imogen-jsem-bi-a-prave-jsem-vam-lhala","status":"publish","type":"post","link":"https:\/\/www.luxor.cz\/blog\/recenze\/64235-jsem-imogen-jsem-bi-a-prave-jsem-vam-lhala\/","title":{"rendered":"Jsem Imogen, jsem bi. A pr\u00e1v\u011b jsem v\u00e1m lhala."},"content":{"rendered":"<p style=\"font-weight: 400;\">Imogen je pr\u016fm\u011brn\u00e1 st\u0159edo\u0161kola\u010dka. Za p\u00e1r t\u00fddn\u016f skon\u010d\u00ed tuhle etapu sv\u00e9ho \u017eivota a nastoup\u00ed na vysokou \u0161kolu. M\u00e1 lesbickou sestru a spoustu queer kamar\u00e1d\u016f. Poj\u00ed je vz\u00e1jemn\u00e9 siln\u00e9 p\u0159\u00e1telstv\u00ed. Jen\u017ee\u2026 I tak si ob\u010das p\u0159ipad\u00e1 m\u00edrn\u011b nepat\u0159i\u010dn\u011b. Co kdy\u017e se cpe do sv\u011bta, kde vlastn\u011b nem\u00e1 co d\u011blat? V\u0161ichni ji sice pova\u017euj\u00ed za pravou p\u0159\u00edtelkyni a podporu LGBT+ komunity, ale sta\u010d\u00ed to?<\/p>\n<p style=\"font-weight: 400;\">Pak dostane pozv\u00e1n\u00ed od sv\u00e9 kamar\u00e1dky Lily, aby si u\u017eila trochu t\u00e9 vysok\u00e9, ne\u017e tam sama nastoup\u00ed. A kdy\u017e p\u0159ijede na v\u00edkend, zjist\u00ed, \u017ee Lili sv\u00fdm nov\u00fdm kamar\u00e1d\u016fm lhala. P\u0159i rozhovoru o vztaz\u00edch, by si p\u0159ipadala hloup\u011b, kdyby m\u011bla \u0159\u00edct, \u017ee je\u0161t\u011b nikdy s nik\u00fdm nechodila. Necht\u011bla b\u00fdt za tu nezku\u0161enou, malou holku\u2026 Pohled j\u00ed padl na fotografii Imogen a vze\u0161la z toho le\u017e. Jsou sice nejlep\u0161\u00ed kamar\u00e1dky, ale d\u0159\u00edve spolu chodily\u2026 Jen\u017ee ona k\u00e1mo\u0161ka je ve skute\u010dnosti sice velk\u00e1 podporovatelka LGBT+, ov\u0161em taky ta nejv\u011bt\u0161\u00ed hetera\u010dka na sv\u011bt\u011b\u2026<\/p>\n<p style=\"font-weight: 400;\">K Liliin\u011b p\u0159ekvapen\u00ed v\u0161ak d\u00edvka souhlas\u00ed, \u017ee budou v historce pokra\u010dovat. P\u0159ece nepotop\u00ed nejlep\u0161\u00ed kamar\u00e1dku? \u010cek\u00e1 ji tedy v\u00edkend, kdy nem\u00e1 b\u00fdt sama sebou, ale bisexu\u00e1lkou. Zvl\u00e1dne udr\u017eet fas\u00e1du, nebo ji prokouknou na prvn\u00ed dobrou? Kde kon\u010d\u00ed nevinn\u00e1 le\u017e a za\u010d\u00edn\u00e1 obrovsk\u00fd pr\u016f\u0161vih?<\/p>\n<p style=\"font-weight: 400;\">Co kdy\u017e se do sv\u00e9 role p\u0159\u00edli\u0161 polo\u017e\u00ed? Imogen se toti\u017e r\u00e1da lidem zavd\u011b\u010duje\u2026 A kamar\u00e1dce sl\u00edbila udr\u017eet le\u017e uv\u011b\u0159itelnou. D\u011bl\u00e1 ze sebe bisexu\u00e1lku a flirtuje s jinou holkou. Dopou\u0161t\u00ed se toho nejhor\u0161\u00edho, co m\u016f\u017ee hetera\u010dka lesb\u011b ud\u011blat? M\u011bla by p\u0159estat, ale nem\u016f\u017ee si pomoct.\u00a0<\/p>\n<p style=\"font-weight: 400;\">Rozpolcen\u00e1 mezi vlastn\u00edmi ne\u010dekan\u00fdmi emocemi a v\u00fd\u010ditkami sv\u011bdom\u00ed, mezi sv\u00fdm star\u00fdm \u017eivotem a smy\u0161lenou identitou sna\u017e\u00ed se v tom v\u0161em n\u011bjak vyznat. Nechce b\u00fdt zl\u00e1, nechce nikoho vyu\u017e\u00edvat, jen prost\u011b nech\u00e1pe, co se to s n\u00ed d\u011bje. K\u00fdm ve skute\u010dnosti je? V\u00ed, k\u00fdm byla. V\u00ed, k\u00fdm si ostatn\u00ed mysl\u00ed, \u017ee by m\u011bla b\u00fdt. Ale k\u00fdm b\u00fdt chce, je najednou rozmazan\u00e9\u2026 Co z toho, co c\u00edt\u00ed, je skute\u010dn\u00e9? Vsugerovala si, \u017ee se j\u00ed najednou l\u00edb\u00ed i holky? Pokud ano, jak m\u00e1 Tesse \u0159\u00edct pravdu? Jak j\u00ed co nejm\u00ed\u0148 ubl\u00ed\u017eit? A pokud ne, pro\u010d si toho nev\u0161imla d\u0159\u00edv? Jak \u010dlov\u011bk pozn\u00e1, \u017ee si je stoprocentn\u011b jist\u00fd svou sexualitou? Dokdy m\u00e1 pr\u00e1vo o n\u00ed pochybovat? A dokud si nen\u00ed jist\u00fd, do jak\u00e9 \u0161katulky pat\u0159\u00ed, aby n\u011bkomu neubl\u00ed\u017eil? Do jak\u00e9 m\u00edry mohou o\u010dek\u00e1v\u00e1n\u00ed a n\u00e1zory druh\u00fdch m\u011bnit to, k\u00fdm jsme?<\/p>\n<p style=\"font-weight: 400;\">Tohle je p\u0159\u00edb\u011bh o hled\u00e1n\u00ed sebe sama. O tom, \u017ee zkoum\u00e1n\u00ed vnit\u0159n\u00edho j\u00e1 nem\u00e1 kone\u010dn\u00fd term\u00edn. \u017de v sob\u011b v\u017edycky m\u016f\u017eeme naj\u00edt nepochopenou \u010di neprozkoumanou \u010d\u00e1st. \u017de i kdy\u017e jsme ve stejn\u00e9 \u0161katulce, ka\u017ed\u00fd m\u016f\u017eeme b\u00fdt jin\u00fd. Ale v\u0161ichni m\u00e1me pr\u00e1vo b\u00fdt t\u00edm, k\u00fdm se b\u00fdt c\u00edt\u00edme. Bez ohledu na to, co si o tom mysl\u00ed ostatn\u00ed.<\/p>\n<p style=\"font-weight: 400;\">Kr\u00e1sn\u00fd citliv\u00fd rom\u00e1n pro teenagery, kter\u00fd t\u00e9ma LGBT+ \u0159e\u0161\u00ed z ne\u010dekan\u00e9 strany. Je to pln\u00e9 nejistot, emoc\u00ed, ale i l\u00e1sky a n\u011bhy. A ka\u017ed\u00fd si z n\u011bj m\u016f\u017ee odn\u00e9st n\u011bjakou zaj\u00edmavou my\u0161lenku. Jako t\u0159eba to, \u017ee mo\u017en\u00e1 v\u0161echno &#8211; stejn\u011b jako Imogen &#8211; zbyte\u010dn\u011b moc \u0159e\u0161\u00edme. Mo\u017en\u00e1 nez\u00e1le\u017e\u00ed na n\u00e1lepk\u00e1ch &#8211; a\u010dkoli spousta lid\u00ed je pot\u0159ebuje, aby se c\u00edtili bezpe\u010dn\u011b a sv\u011bt pro n\u011b d\u00e1val smysl. Mo\u017en\u00e1\u2026 sta\u010d\u00ed prost\u011b \u017e\u00edt. A nel\u00e1mat si hlavu se \u0161katulkami. Proto\u017ee ve v\u00fdsledku &#8211; a\u0165 jste LGBT+, nebo hetero &#8211; vlastn\u011b chceme v\u0161ichni to sam\u00e9 &#8211; milovat a b\u00fdt milov\u00e1n\u2026<\/p>\n<p style=\"font-weight: 400;\">Jak ale dopadne Imogenin p\u0159\u00edb\u011bh? To se dozv\u00edte, kdy\u017e si p\u0159e\u010dtete kn\u00ed\u017eku. Pochopiteln\u011b.<\/p>\n<p style=\"font-weight: 400;\">\u00a0<\/p>\n<p style=\"font-weight: 400;\">\u00a0<\/p>\n<p style=\"font-weight: 400;\">Sacharin<\/p>\n<p>Autor:\u00a0Sacharin<\/p>\n","protected":false},"excerpt":{"rendered":"<p>Kde le\u017e\u00ed hranice mezi nevinnou l\u017e\u00ed a pr\u016f\u0161vihem? Co kdy\u017e se rozma\u017ee \u010d\u00e1ra mezi l\u017e\u00ed a pravdou? Kdy si sami sob\u011b jen n\u011bco namlouv\u00e1me a kdy jsou city skute\u010dn\u00e9? Dokdy mus\u00edme rozhodnout o na\u0161\u00ed sexualit\u011b? A m\u00e1me pr\u00e1vo to zm\u011bnit, nebo se m\u00fdlit?<\/p>\n","protected":false},"author":2,"featured_media":324421,"comment_status":"open","ping_status":"open","sticky":false,"template":"","format":"standard","meta":{"_acf_changed":false,"_monsterinsights_skip_tracking":false,"_monsterinsights_sitenote_active":false,"_monsterinsights_sitenote_note":"","_monsterinsights_sitenote_category":0,"_EventAllDay":false,"_EventTimezone":"","_EventStartDate":"","_EventEndDate":"","_EventStartDateUTC":"","_EventEndDateUTC":"","_EventShowMap":false,"_EventShowMapLink":false,"_EventURL":"","_EventCost":"","_EventCostDescription":"","_EventCurrencySymbol":"","_EventCurrencyCode":"","_EventCurrencyPosition":"","_EventDateTimeSeparator":"","_EventTimeRangeSeparator":"","_EventOrganizerID":[],"_EventVenueID":[],"_OrganizerEmail":"","_OrganizerPhone":"","_OrganizerWebsite":"","_VenueAddress":"","_VenueCity":"","_VenueCountry":"","_VenueProvince":"","_VenueState":"","_VenueZip":"","_VenuePhone":"","_VenueURL":"","_VenueStateProvince":"","_VenueLat":"","_VenueLng":"","_VenueShowMap":false,"_VenueShowMapLink":false,"twitterCardType":"","cardImageID":0,"cardImage":"","cardTitle":"","cardDesc":"","cardImageAlt":"","cardPlayer":"","cardPlayerWidth":0,"cardPlayerHeight":0,"cardPlayerStream":"","cardPlayerCodec":"","footnotes":""},"categories":[7],"tags":[21832],"class_list":["post-324420","post","type-post","status-publish","format-standard","has-post-thumbnail","hentry","category-recenze","tag-literarni-kavarna"],"acf":{"related_products":null},"_links":{"self":[{"href":"https:\/\/www.luxor.cz\/blog\/wp-json\/wp\/v2\/posts\/324420","targetHints":{"allow":["GET"]}}],"collection":[{"href":"https:\/\/www.luxor.cz\/blog\/wp-json\/wp\/v2\/posts"}],"about":[{"href":"https:\/\/www.luxor.cz\/blog\/wp-json\/wp\/v2\/types\/post"}],"author":[{"embeddable":true,"href":"https:\/\/www.luxor.cz\/blog\/wp-json\/wp\/v2\/users\/2"}],"replies":[{"embeddable":true,"href":"https:\/\/www.luxor.cz\/blog\/wp-json\/wp\/v2\/comments?post=324420"}],"version-history":[{"count":0,"href":"https:\/\/www.luxor.cz\/blog\/wp-json\/wp\/v2\/posts\/324420\/revisions"}],"wp:featuredmedia":[{"embeddable":true,"href":"https:\/\/www.luxor.cz\/blog\/wp-json\/wp\/v2\/media\/324421"}],"wp:attachment":[{"href":"https:\/\/www.luxor.cz\/blog\/wp-json\/wp\/v2\/media?parent=324420"}],"wp:term":[{"taxonomy":"category","embeddable":true,"href":"https:\/\/www.luxor.cz\/blog\/wp-json\/wp\/v2\/categories?post=324420"},{"taxonomy":"post_tag","embeddable":true,"href":"https:\/\/www.luxor.cz\/blog\/wp-json\/wp\/v2\/tags?post=324420"}],"curies":[{"name":"wp","href":"https:\/\/api.w.org\/{rel}","templated":true}]}}