{"id":324418,"date":"2025-01-09T10:00:59","date_gmt":"2025-01-09T09:00:59","guid":{"rendered":"https:\/\/www.luxor.cz\/blog\/nezarazene\/64236-otec-naroda\/"},"modified":"2025-01-09T10:00:59","modified_gmt":"2025-01-09T09:00:59","slug":"64236-otec-naroda","status":"publish","type":"post","link":"https:\/\/www.luxor.cz\/blog\/recenze\/64236-otec-naroda\/","title":{"rendered":"Otec n\u00e1roda"},"content":{"rendered":"<p style=\"font-weight: 400;\">Otec Ji\u0159\u00ed Palack\u00fd cht\u011bl pro sv\u00e9ho syna Franti\u0161ka lep\u0161\u00ed vzd\u011bl\u00e1n\u00ed, ne\u017e jak\u00e9 mu mohl s\u00e1m ve vesnick\u00e9 \u0161kole poskytnout. Ne\u0161lo si nev\u0161imnout, jak\u00e9 studijn\u00ed nad\u00e1n\u00ed mal\u00fd chlapec m\u00e1. Pro maminku Annu to v\u0161ak bylo t\u011b\u017ek\u00e9 rozhodnut\u00ed. P\u0159i\u0161la ji\u017e o n\u011bkolik sv\u00fdch d\u011bt\u00ed, a tak si o to v\u00edc uv\u011bdomovala p\u0159\u00edtomnost t\u011bch st\u00e1le \u017eij\u00edc\u00edch.<\/p>\n<p style=\"font-weight: 400;\">Anna v\u0161ak v\u011bd\u011bla, \u017ee m\u00e1 jej\u00ed man\u017eel pravdu. P\u0159esto\u017ee se odv\u00e1\u017eila a pov\u011bd\u011bla mu o sv\u00fdch obav\u00e1ch, co\u017e u\u017e samo o sob\u011b byla troufalost, jej\u00ed \u00fazkost to nezm\u00edrnilo. Kdykoliv mohla za\u010d\u00edt dal\u0161\u00ed v\u00e1lka a nebylo tak jist\u00e9, co v\u0161e by to pro n\u011b mohlo znamenat.<\/p>\n<p style=\"font-weight: 400;\">Mal\u00fd Franti\u0161ek se tak ve sv\u00fdch pouh\u00fdch dev\u00edti letech vyprav\u00ed na cestu, kter\u00e1 mu zm\u011bn\u00ed \u017eivot.<\/p>\n<p style=\"font-weight: 400;\">Po n\u00e1stupu do z\u00e1meck\u00e9 \u0161koly, kterou z\u0159\u00eddila Maria Walpurga Josefa Kajetana Truchsess-Waldburg-Zeil v\u00a0Kunvaldu (dne\u0161n\u00ed Kun\u00edn), se Franti\u0161kovi znalosti za\u010dnou rychle rozv\u00edjet. \u0160kola nenab\u00edz\u00ed pouze z\u00e1kladn\u00ed v\u00fduku, ale i vzd\u011bl\u00e1n\u00ed v\u00a0oblasti jazyk\u016f, zem\u011bpisu, d\u011bjepisu, tak i v\u00a0t\u00e9 dob\u011b neobvykl\u00e9 hodiny kreslen\u00ed a hudby. Marie Walpurga v\u011bnuje sv\u00e9mu vzd\u011bl\u00e1vac\u00edmu institutu v\u0161e, nebo\u0165 se t\u00edm sna\u017e\u00ed zahnat my\u0161lenky na svou nejv\u011bt\u0161\u00ed ztr\u00e1tu.<\/p>\n<p style=\"font-weight: 400;\">Autorku knihy Franti\u0161ek Palack\u00fd, Hanu Whitton, jist\u011b v\u0161ichni dob\u0159e zn\u00e1te. M\u00e1lokdo m\u00e1 skute\u010dn\u00fd dar psan\u00ed, ale u t\u00e9to autorky je to nepopirateln\u00e9. P\u0159esto\u017ee p\u00ed\u0161e o historii, v\u00a0\u010dlov\u011bku probouz\u00ed pocit, jako kdyby byl jej\u00ed sou\u010d\u00e1st\u00ed. B\u011bhem \u010dten\u00ed autor\u010din\u00fdch knih se v \u010dten\u00e1\u0159i probud\u00ed zv\u011bdavost. Dychtiv\u011b \u010dte ka\u017edou dal\u0161\u00ed stranu, aby se dozv\u011bd\u011bl podrobnosti o tom, jak to vlastn\u011b bylo.<\/p>\n<p style=\"font-weight: 400;\">Hana Whitton m\u00e1 na sv\u00e9m kont\u011b ji\u017e celou \u0159adu titul\u016f. Mrz\u00ed m\u011b, \u017ee zde nemohu v\u0161echny zm\u00ednit, proto\u017ee za takovou recenzi by mi asi nikdo moc nepod\u011bkoval. R\u00e1da tak zm\u00edn\u00edm alespo\u0148 n\u011bkter\u00e9 tituly, kter\u00e9 rozhodn\u011b stoj\u00ed za p\u0159e\u010dten\u00ed. Mezi m\u00e9 obl\u00edben\u00e9 pat\u0159\u00ed Anna Sv\u00eddnick\u00e1, Blanka z\u00a0Valois, Anna Falck\u00e1, ale nap\u0159\u00edklad tak\u00e9 Anna \u010cesk\u00e1, Ane\u017eka \u010cesk\u00e1, Posledn\u00ed Lucemburk nebo kniha Karel IV.<\/p>\n<p style=\"font-weight: 400;\">Je a\u017e s\u00a0podivem, \u017ee lze na motivy\u00a0na\u0161\u00ed historie \u201evytesat\u201c a\u017e takto zaj\u00edmav\u00e9 a \u010dtiv\u00e9 tituly. Resp. p\u0159\u00edb\u011bhy, kter\u00e9 se \u010dtou s\u00a0takovou lehkost\u00ed, \u017ee v\u00e1m ub\u00edh\u00e1 str\u00e1nka za str\u00e1nkou rychleji, ne\u017e kdybyste \u010detli n\u011bkter\u00fd v\u00a0dne\u0161n\u00ed dob\u011b modern\u00ed psychothriller. A to je co \u0159\u00edct, proto\u017ee\u00a0tam v\u00e1s poh\u00e1n\u00ed touha zjistit, kdo je vrah.<\/p>\n<p style=\"font-weight: 400;\">U t\u011bchto knih se v\u0161ak natolik s\u017eijete s\u00a0postavami, kter\u00e9 maj\u00ed velmi dob\u0159e vykreslen\u00fd sv\u016fj charakter, \u017ee je to stejn\u00e9, jako kdybyste si prohl\u00ed\u017eeli fotoalbum s\u00a0vlastn\u00ed babi\u010dkou a zv\u011bdav\u011b \u010dekali na dal\u0161\u00ed p\u0159\u00edb\u011bh (i jeho pokra\u010dov\u00e1n\u00ed) o va\u0161\u00ed vlastn\u00ed historii. Knihy tak \u010dlov\u011bka nejen dojmou a p\u0159ekvap\u00ed r\u016fzn\u00fdmi re\u00e1ln\u00fdmi fakty, ale nasm\u011bruj\u00ed ho k\u00a0vlastn\u00edm ko\u0159en\u016fm a dodaj\u00ed mu pocit s\u00edly a odvahy, na pozad\u00ed hrdinsk\u00fdch a odv\u00e1\u017en\u00fdch \u010din\u016f vlastn\u00edch p\u0159edk\u016f.<\/p>\n<p style=\"font-weight: 400;\">L\u00edb\u00ed se mi zmi\u0148ovan\u00e9 detaily z\u00a0t\u00e9 doby, kter\u00e9 umoc\u0148uj\u00ed re\u00e1ln\u00fd pohled na tehdej\u0161\u00ed sv\u011bt a atmosf\u00e9ru ve spole\u010dnosti. I kdy\u017e n\u011bkter\u00e9 mohou mnoho lid\u00ed nadzvednout ze \u017eidle. Byla v\u0161ak takov\u00e1 doba a v\u00a0porovn\u00e1 s\u00a0dobou dne\u0161n\u00ed\u2026 Srovn\u00e1vat to by byla chyba. Je d\u016fle\u017eit\u00e9 uv\u011bdomovat si pokroky, kter\u00fdch jsme dos\u00e1hli, stejn\u011b jako na\u0161e vlastn\u00ed chyby.<\/p>\n<p style=\"font-weight: 400;\">No, \u0159ekn\u011bte sami, kdo by necht\u011bl zn\u00e1t historii sv\u00e9 zem\u011b a jej\u00edch nejv\u00fdznamn\u011bj\u0161\u00edch osobnost\u00ed, ani\u017e by se to musel zdlouhav\u011b u\u010dit? Franti\u0161ka Palack\u00e9ho a lidi s\u00a0fotografickou pam\u011bt\u00ed nepo\u010d\u00edt\u00e1m, to jsou v\u00fdjimky potvrzuj\u00edc\u00ed pravidlo.<\/p>\n<p style=\"font-weight: 400;\">Pokud to z\u00a0m\u00e9 recenze nebylo z\u0159ejm\u00e9, pak v\u00e1s mohu ujistit, \u017ee kniha Franti\u0161ek Palack\u00fd od Hany Whitton, rozhodn\u011b za stoj\u00ed za p\u0159e\u010dten\u00ed!<\/p>\n<p style=\"font-weight: 400;\">\u00a0<\/p>\n<p style=\"font-weight: 400;\">\u00a0<\/p>\n<p style=\"font-weight: 400;\">Eva Mare\u0161ov\u00e1<\/p>\n<p>Autor:\u00a0Eva Mare\u0161ov\u00e1<\/p>\n","protected":false},"excerpt":{"rendered":"<p>S\u00a0naprosto excelentn\u00ed pam\u011bt\u00ed jako by byl p\u0159edur\u010den ke studiu a vy\u0161\u0161\u00edm c\u00edl\u016fm. Zakladatel modern\u00edho \u010desk\u00e9ho d\u011bjepisectv\u00ed, Franti\u0161ek Palack\u00fd. Jak se ale vyv\u00edjel jeho osobn\u00ed \u017eivot?<\/p>\n","protected":false},"author":2,"featured_media":324419,"comment_status":"open","ping_status":"open","sticky":false,"template":"","format":"standard","meta":{"_acf_changed":false,"_monsterinsights_skip_tracking":false,"_monsterinsights_sitenote_active":false,"_monsterinsights_sitenote_note":"","_monsterinsights_sitenote_category":0,"_EventAllDay":false,"_EventTimezone":"","_EventStartDate":"","_EventEndDate":"","_EventStartDateUTC":"","_EventEndDateUTC":"","_EventShowMap":false,"_EventShowMapLink":false,"_EventURL":"","_EventCost":"","_EventCostDescription":"","_EventCurrencySymbol":"","_EventCurrencyCode":"","_EventCurrencyPosition":"","_EventDateTimeSeparator":"","_EventTimeRangeSeparator":"","_EventOrganizerID":[],"_EventVenueID":[],"_OrganizerEmail":"","_OrganizerPhone":"","_OrganizerWebsite":"","_VenueAddress":"","_VenueCity":"","_VenueCountry":"","_VenueProvince":"","_VenueState":"","_VenueZip":"","_VenuePhone":"","_VenueURL":"","_VenueStateProvince":"","_VenueLat":"","_VenueLng":"","_VenueShowMap":false,"_VenueShowMapLink":false,"twitterCardType":"","cardImageID":0,"cardImage":"","cardTitle":"","cardDesc":"","cardImageAlt":"","cardPlayer":"","cardPlayerWidth":0,"cardPlayerHeight":0,"cardPlayerStream":"","cardPlayerCodec":"","footnotes":""},"categories":[7],"tags":[21832],"class_list":["post-324418","post","type-post","status-publish","format-standard","has-post-thumbnail","hentry","category-recenze","tag-literarni-kavarna"],"acf":{"related_products":null},"_links":{"self":[{"href":"https:\/\/www.luxor.cz\/blog\/wp-json\/wp\/v2\/posts\/324418","targetHints":{"allow":["GET"]}}],"collection":[{"href":"https:\/\/www.luxor.cz\/blog\/wp-json\/wp\/v2\/posts"}],"about":[{"href":"https:\/\/www.luxor.cz\/blog\/wp-json\/wp\/v2\/types\/post"}],"author":[{"embeddable":true,"href":"https:\/\/www.luxor.cz\/blog\/wp-json\/wp\/v2\/users\/2"}],"replies":[{"embeddable":true,"href":"https:\/\/www.luxor.cz\/blog\/wp-json\/wp\/v2\/comments?post=324418"}],"version-history":[{"count":0,"href":"https:\/\/www.luxor.cz\/blog\/wp-json\/wp\/v2\/posts\/324418\/revisions"}],"wp:featuredmedia":[{"embeddable":true,"href":"https:\/\/www.luxor.cz\/blog\/wp-json\/wp\/v2\/media\/324419"}],"wp:attachment":[{"href":"https:\/\/www.luxor.cz\/blog\/wp-json\/wp\/v2\/media?parent=324418"}],"wp:term":[{"taxonomy":"category","embeddable":true,"href":"https:\/\/www.luxor.cz\/blog\/wp-json\/wp\/v2\/categories?post=324418"},{"taxonomy":"post_tag","embeddable":true,"href":"https:\/\/www.luxor.cz\/blog\/wp-json\/wp\/v2\/tags?post=324418"}],"curies":[{"name":"wp","href":"https:\/\/api.w.org\/{rel}","templated":true}]}}