{"id":324416,"date":"2025-01-11T10:00:45","date_gmt":"2025-01-11T09:00:45","guid":{"rendered":"https:\/\/www.luxor.cz\/blog\/nezarazene\/64237-byla-vsim-cim-jsem-chtela-byt\/"},"modified":"2025-01-11T10:00:45","modified_gmt":"2025-01-11T09:00:45","slug":"64237-byla-vsim-cim-jsem-chtela-byt","status":"publish","type":"post","link":"https:\/\/www.luxor.cz\/blog\/recenze\/64237-byla-vsim-cim-jsem-chtela-byt\/","title":{"rendered":"\u201eByla v\u0161\u00edm, \u010d\u00edm jsem cht\u011bla b\u00fdt.\u201c"},"content":{"rendered":"<p style=\"font-weight: 400;\">M\u00e9dee bylo teprve osm let, kdy\u017e prom\u011bnila sv\u00e9ho tyransk\u00e9ho star\u0161\u00edho bratra Absyrtose v\u00a0prase. L\u00edbilo se j\u00ed, jak b\u011bhem p\u0159em\u011bny trp\u00ed a nech\u00e1pala, pro\u010d se j\u00ed ostatn\u00ed boj\u00ed. Na pozad\u00ed dost drastick\u00e9 a sadistick\u00e9 prom\u011bny se nen\u00ed ale \u010demu divit.<\/p>\n<p style=\"font-weight: 400;\">Otec Ai\u00e9tes pro to samoz\u0159ejm\u011b pochopen\u00ed nem\u011bl. On s\u00e1m byl je\u0161t\u011b mnohem hor\u0161\u00edm tyranem. To ostatn\u011b sl\u00fdchala mal\u00e1 M\u00e9dea p\u0159es ze\u010f \u010dasto. Otec se sna\u017eil v\u017edy uhodit tak, aby n\u00e1sledky jeho b\u011bsn\u011bn\u00ed nebyly na ve\u0159ejnosti vid\u011bt.<\/p>\n<p style=\"font-weight: 400;\">Kdo by neznal p\u0159\u00edb\u011bhy z\u00a0\u0159eck\u00e9 mytologie a zejm\u00e9na jeden z\u00a0jej\u00edch nejzn\u00e1m\u011bj\u0161\u00edch p\u0159\u00edb\u011bh\u016f? Zlat\u00e9 rouno, M\u00e9dea a p\u0159ekr\u00e1sn\u00fd I\u00e1s\u00f3n. Autorka knihy M\u00e9dea, Rosie Hewlett, v\u0161ak tento zn\u00e1m\u00fd p\u0159\u00edb\u011bh historick\u00e9 fikce p\u0159etvo\u0159ila do kr\u00e1sn\u00e9ho vypr\u00e1v\u011bn\u00ed srozumiteln\u011bj\u0161\u00edho sou\u010dasn\u00e9mu \u010dten\u00e1\u0159i. Vypr\u00e1v\u011bn\u00ed pln\u00e9ho boh\u016f, smrteln\u00edk\u016f, otrok\u016f, magie, krutosti, nen\u00e1visti, zrady, touze po ocen\u011bn\u00ed a l\u00e1sce.<\/p>\n<p style=\"font-weight: 400;\">P\u0159evypr\u00e1v\u011bn\u00ed jednoho z\u00a0nejzn\u00e1m\u011bj\u0161\u00edch p\u0159\u00edb\u011bh\u016f, jak\u00fdm M\u00e9dea bezesporu je, se mohlo autorce vymst\u00edt. Sv\u00e9ho n\u00e1padu se v\u0161ak zhostila s\u00a0naprostou dokonalost\u00ed, a tak mohlo vzniknout modern\u00ed d\u00edlo, kter\u00e9 jako by podtrhovalo to podstatn\u00e9 z\u00a0minulosti. Titul, kter\u00fd n\u00e1m ukazuje rozd\u00edlnost doby, s\u00edlu my\u0161len\u00ed a skutk\u016f.<\/p>\n<p style=\"font-weight: 400;\">B\u011bhem dobrodru\u017en\u00e9ho \u017eivota Medei se v\u00e1m natolik dostane pod k\u016f\u017ei, \u017ee spole\u010dn\u011b s\u00a0n\u00ed budete c\u00edtit vztek, strach i nad\u011bji, kter\u00fdm ona sama mus\u00ed \u010delit. Odsouzen\u00edhodn\u00e1, nen\u00e1vid\u011bn\u00e1, nepochopen\u00e1 d\u00edvka, kter\u00e1 pro\u017eila v\u011bt\u0161inu \u017eivota prakticky v\u00a0dom\u00e1c\u00edm v\u011bzen\u00ed.<\/p>\n<p style=\"font-weight: 400;\">P\u0159esto\u017ee si M\u00e9deu bohyn\u011b Hekat\u00e9 sama vybrala a obda\u0159ila j\u00ed schopnost\u00ed magie, chov\u00e1 se jako kdyby byla jen jedn\u00edm z\u00a0dal\u0161\u00edch otrok\u016f. Neschopna vzep\u0159\u00edt se sv\u00e9mu otci a bratrovi. P\u0159ipravena o ty jedin\u00e9, kter\u00e9 kdy m\u011bla r\u00e1da.<\/p>\n<p style=\"font-weight: 400;\">M\u00e9deina prvn\u00ed zku\u0161enost s\u00a0mu\u017eem a se sexem by se zd\u00e1la \u00fasm\u011bvn\u00e1, kdyby v\u0161ak nebyla tak\u2026 No, posu\u010fte sami.<\/p>\n<p style=\"font-weight: 400;\">Z\u00a0pohledu sou\u010dasn\u00e9 doby, se n\u00e1m m\u016f\u017ee zd\u00e1t a\u017e neuv\u011b\u0159iteln\u00e9, co v\u0161echno si M\u00e9dea nechala l\u00edbit. P\u0159esto\u017ee j\u00ed v\u00a0t\u011ble kolovala magie, rad\u011bji se nechala omezovat, ovl\u00e1dat a b\u00edt, ne\u017e aby sv\u016fj dar aktivn\u011b za\u010dala pou\u017e\u00edvat. Pro\u010d? Proto\u017ee j\u00ed to rodina zak\u00e1zala. Proto\u017ee to pova\u017eovali za n\u011bco nechutn\u00e9ho, odporn\u00e9ho. Zkr\u00e1tka se b\u00e1li toho, \u010demu sami nerozum\u011bli a co sami nemohli ovl\u00e1dat. Oni stejn\u00fd dar nem\u011bli. Byli jen oby\u010dejn\u00ed smrteln\u00edci. Ov\u0161em jen do t\u00e9 doby, ne\u017e zjistili, jak jej\u00edho \u201eproklet\u00ed\u201c vyu\u017e\u00edt.<\/p>\n<p style=\"font-weight: 400;\">M\u00e9dea je klasika, kter\u00e1 se stala v\u00a0t\u00e9to verzi poutav\u00fdm \u010dten\u00edm, vhodn\u00fdm snad pro ka\u017ed\u00e9ho a rozhodn\u011b stoj\u00ed za p\u0159e\u010dten\u00ed. Nev\u00e1hejte se znovu pono\u0159it do sv\u011bta b\u00e1j\u00ed a m\u00fdt\u016f.<\/p>\n<p style=\"font-weight: 400;\">\u00a0<\/p>\n<p style=\"font-weight: 400;\">\u00a0<\/p>\n<p style=\"font-weight: 400;\">Eva Mare\u0161ov\u00e1<\/p>\n<p>Autor:\u00a0Eva Mare\u0161ov\u00e1<\/p>\n","protected":false},"excerpt":{"rendered":"<p>P\u0159ipadala si divn\u00e1 a osam\u011bl\u00e1. Nev\u011bd\u011bla, \u017ee nemus\u00ed b\u00fdt sama a brzy potk\u00e1 n\u011bkoho, kdo j\u00ed pom\u016f\u017ee naplnit jej\u00ed vlastn\u00ed osud. M\u00e9dea byla je\u0161t\u011b d\u00edt\u011b, ale u\u017e v\u011bd\u011bla, \u017ee m\u00e1 magickou moc.\u00a0<\/p>\n","protected":false},"author":2,"featured_media":324417,"comment_status":"open","ping_status":"open","sticky":false,"template":"","format":"standard","meta":{"_acf_changed":false,"_monsterinsights_skip_tracking":false,"_monsterinsights_sitenote_active":false,"_monsterinsights_sitenote_note":"","_monsterinsights_sitenote_category":0,"_EventAllDay":false,"_EventTimezone":"","_EventStartDate":"","_EventEndDate":"","_EventStartDateUTC":"","_EventEndDateUTC":"","_EventShowMap":false,"_EventShowMapLink":false,"_EventURL":"","_EventCost":"","_EventCostDescription":"","_EventCurrencySymbol":"","_EventCurrencyCode":"","_EventCurrencyPosition":"","_EventDateTimeSeparator":"","_EventTimeRangeSeparator":"","_EventOrganizerID":[],"_EventVenueID":[],"_OrganizerEmail":"","_OrganizerPhone":"","_OrganizerWebsite":"","_VenueAddress":"","_VenueCity":"","_VenueCountry":"","_VenueProvince":"","_VenueState":"","_VenueZip":"","_VenuePhone":"","_VenueURL":"","_VenueStateProvince":"","_VenueLat":"","_VenueLng":"","_VenueShowMap":false,"_VenueShowMapLink":false,"twitterCardType":"","cardImageID":0,"cardImage":"","cardTitle":"","cardDesc":"","cardImageAlt":"","cardPlayer":"","cardPlayerWidth":0,"cardPlayerHeight":0,"cardPlayerStream":"","cardPlayerCodec":"","footnotes":""},"categories":[7],"tags":[21832],"class_list":["post-324416","post","type-post","status-publish","format-standard","has-post-thumbnail","hentry","category-recenze","tag-literarni-kavarna"],"acf":{"related_products":null},"_links":{"self":[{"href":"https:\/\/www.luxor.cz\/blog\/wp-json\/wp\/v2\/posts\/324416","targetHints":{"allow":["GET"]}}],"collection":[{"href":"https:\/\/www.luxor.cz\/blog\/wp-json\/wp\/v2\/posts"}],"about":[{"href":"https:\/\/www.luxor.cz\/blog\/wp-json\/wp\/v2\/types\/post"}],"author":[{"embeddable":true,"href":"https:\/\/www.luxor.cz\/blog\/wp-json\/wp\/v2\/users\/2"}],"replies":[{"embeddable":true,"href":"https:\/\/www.luxor.cz\/blog\/wp-json\/wp\/v2\/comments?post=324416"}],"version-history":[{"count":0,"href":"https:\/\/www.luxor.cz\/blog\/wp-json\/wp\/v2\/posts\/324416\/revisions"}],"wp:featuredmedia":[{"embeddable":true,"href":"https:\/\/www.luxor.cz\/blog\/wp-json\/wp\/v2\/media\/324417"}],"wp:attachment":[{"href":"https:\/\/www.luxor.cz\/blog\/wp-json\/wp\/v2\/media?parent=324416"}],"wp:term":[{"taxonomy":"category","embeddable":true,"href":"https:\/\/www.luxor.cz\/blog\/wp-json\/wp\/v2\/categories?post=324416"},{"taxonomy":"post_tag","embeddable":true,"href":"https:\/\/www.luxor.cz\/blog\/wp-json\/wp\/v2\/tags?post=324416"}],"curies":[{"name":"wp","href":"https:\/\/api.w.org\/{rel}","templated":true}]}}