{"id":324414,"date":"2025-01-13T10:00:28","date_gmt":"2025-01-13T09:00:28","guid":{"rendered":"https:\/\/www.luxor.cz\/blog\/nezarazene\/64238-poteseni-z-cetby\/"},"modified":"2025-01-13T10:00:28","modified_gmt":"2025-01-13T09:00:28","slug":"64238-poteseni-z-cetby","status":"publish","type":"post","link":"https:\/\/www.luxor.cz\/blog\/recenze\/64238-poteseni-z-cetby\/","title":{"rendered":"Pot\u011b\u0161en\u00ed z \u010detby"},"content":{"rendered":"<p style=\"font-weight: 400;\">Rainbow Rowellov\u00e1 je dnes ji\u017e zn\u00e1mou autorkou a na sv\u00e9m kont\u011b m\u00e1 mnoho titul\u016f. Kniha Ob\u010dasn\u00e9 p\u0159eh\u00e1\u0148ky je pln\u00e1 romantick\u00fdch i dramatick\u00fdch pov\u00eddek. Ka\u017ed\u00fd p\u0159\u00edb\u011bh je psan\u00fd s\u00a0citem pro detail jednotliv\u00fdch my\u0161lenek a emoc\u00ed. Nen\u00ed to \u017e\u00e1dn\u00e9 upjat\u00e9 zd\u016frazn\u011bn\u00ed p\u0159em\u00fd\u0161len\u00ed \u010dasto mlad\u00fdch lid\u00ed. Jednotliv\u00e9 p\u0159\u00edb\u011bhy jsou psan\u00e9 tak p\u0159irozen\u011b lehce, \u017ee se mnou jist\u011b budete souhlasit, \u017ee je mohl napsat \u017eivot s\u00e1m.<\/p>\n<p style=\"font-weight: 400;\">Ka\u017ed\u00e1 pov\u00eddka m\u00e1 sv\u016fj vlastn\u00ed p\u0159\u00edb\u011bh, p\u0159esto je spojuje vnit\u0159n\u00ed sv\u011bt lid\u00ed, kter\u00fd se zd\u00e1 b\u00fdt bl\u00edzk\u00fd ka\u017ed\u00e9mu z n\u00e1s.<\/p>\n<p style=\"font-weight: 400;\">Charaktery postav jsou naprosto precizn\u011b vykreslen\u00e9. D\u00edky tomu je pro \u010dten\u00e1\u0159e snadn\u00e9 se s\u00a0postavou s\u017e\u00edt a vn\u00edmat jej\u00ed pohled na sv\u011bt.<\/p>\n<p style=\"font-weight: 400;\">P\u0159\u00edb\u011bhy, u kter\u00fdch zjist\u00edte, \u017ee i jin\u00ed lid\u00e9 se c\u00edt\u00ed naprosto stejn\u011b, tak jako se c\u00edt\u00edte vy sami. \u017de va\u0161e probl\u00e9my nejsou ojedin\u011bl\u00e9, ale pot\u00fdk\u00e1 se s\u00a0nimi skoro ka\u017ed\u00fd. Nad\u0161en\u00ed, kter\u00e9 uvnit\u0159 sebe skr\u00fdv\u00e1te, a to co vyzn\u00e1v\u00e1te, je n\u00e1pln\u00ed \u017eivota i \u010dlov\u011bka, o kter\u00e9m byste si to nikdy nemysleli. Nep\u0159ipadalo v\u00a0\u00favahu, aby v\u00e1s n\u011bco takov\u00e9ho v\u016fbec napadlo. Zvl\u00e1\u0161\u0165, kdy\u017e toho druh\u00e9ho cel\u00e9 roky p\u0159ehl\u00ed\u017e\u00edte.<\/p>\n<p style=\"font-weight: 400;\">P\u0159esto\u017ee se v\u00e1m zd\u00e1, \u017ee by mohlo b\u00fdt naprosto z\u0159ejm\u00e9, jak pov\u00eddka skon\u010d\u00ed, z\u00e1v\u011br \u010dten\u00e1\u0159e p\u0159ekvap\u00ed.<\/p>\n<p style=\"font-weight: 400;\">Mags se sna\u017e\u00ed v\u00a0klidu p\u0159e\u017e\u00edt oslavu v\u00edt\u00e1n\u00ed Nov\u00e9ho roku, kdy\u017e se setk\u00e1 s\u00a0Noelem. Klukem, kter\u00e9ho se sna\u017e\u00ed zab\u00edt stromov\u00e9 o\u0159echy. Noel s\u00a0vtipem sob\u011b vlastn\u00edm p\u0159im\u011bje dokonce i Margaret, aby s\u00a0t\u00edm ztratila p\u00e1r v\u011bt. Uvid\u00ed se spolu je\u0161t\u011b? Mo\u017en\u00e1 o dal\u0161\u00ed novoro\u010dn\u00ed p\u016flnoci\u2026<\/p>\n<p style=\"font-weight: 400;\">Elena v\u017edy snila o \u00fa\u010dasti ve front\u011b na prom\u00edt\u00e1n\u00ed nov\u00fdch Star Wars. Na fotk\u00e1ch i soci\u00e1ln\u00edch s\u00edt\u00edch to vypadalo naprosto dokonale. Lid\u00e9 cel\u00e9 dny stanovali a p\u0159esp\u00e1vali venku p\u0159ed kinem. Seznamovali se, bavili spolu, sout\u011b\u017eili a u\u017e\u00edvali si vzru\u0161en\u00ed z\u00a0\u010dek\u00e1n\u00ed. I kdy\u017e na to Elena nevypad\u00e1, je j\u00ed u\u017e osmn\u00e1ct let. Nepot\u0159ebuje ni\u010d\u00ed souhlas. P\u0159i\u0161la doba, na kterou cel\u00e9 roky \u010dekala. C\u00edt\u00ed se b\u00fdt p\u0159ipraven\u00e1 z\u00fa\u010dastnit se tak velk\u00e9 akce. Bude v\u0161ak muset p\u0159ekonat sebe sama.<\/p>\n<p style=\"font-weight: 400;\">Ani ve snu se Elena nemohla p\u0159ipravit na to, co ji potk\u00e1. Realita \u010dasto \u010dlov\u011bka zasko\u010d\u00ed.<\/p>\n<p style=\"font-weight: 400;\">Posledn\u00ed pov\u00eddka naopak navazuje, nebo l\u00e9pe \u0159e\u010deno, p\u0159ipomene v\u00e1m p\u0159\u00edb\u011bh Simona Snowa a Baze, se kter\u00fdmi jste se mohli setkat v\u00a0kni\u017en\u00ed trilogii Nedej se.<\/p>\n<p style=\"font-weight: 400;\">Nemohu v\u00e1m zde vypr\u00e1v\u011bt pointu p\u0159\u00edb\u011bh\u016f, kter\u00e9 kniha Ob\u010dasn\u00e9 p\u0159eh\u00e1\u0148ky p\u0159in\u00e1\u0161\u00ed. Pokud si v\u0161ak knihu rozd\u011bl\u00edte podle pov\u00eddek, budete s\u00a0n\u00ed tr\u00e1vit dev\u011bt p\u0159\u00edjemn\u00fdch ve\u010der\u016f. Sb\u00edrka je jako d\u011blan\u00e1 na takov\u00e9 to mil\u00e9 \u010dten\u00ed p\u0159ed span\u00edm nebo pobl\u00ed\u017e \u0161\u00e1lku tepl\u00e9ho \u010daje.<\/p>\n<p style=\"font-weight: 400;\">\u00a0<\/p>\n<p style=\"font-weight: 400;\">\u00a0<\/p>\n<p style=\"font-weight: 400;\">Eva Mare\u0161ov\u00e1<\/p>\n<p>Autor:\u00a0Eva Mare\u0161ov\u00e1<\/p>\n","protected":false},"excerpt":{"rendered":"<p>Antalogie dev\u00edti pov\u00eddek na r\u016fzn\u00e1 t\u00e9mata, zakon\u010den\u00e1 p\u0159\u00edb\u011bhem, kter\u00fd si ur\u010dit\u011b fanou\u0161ci Rainbow Rowellov\u00e9 a jej\u00ed knihy Nedej se, nenechaj\u00ed uj\u00edt.<\/p>\n","protected":false},"author":2,"featured_media":324415,"comment_status":"open","ping_status":"open","sticky":false,"template":"","format":"standard","meta":{"_acf_changed":false,"_monsterinsights_skip_tracking":false,"_monsterinsights_sitenote_active":false,"_monsterinsights_sitenote_note":"","_monsterinsights_sitenote_category":0,"_EventAllDay":false,"_EventTimezone":"","_EventStartDate":"","_EventEndDate":"","_EventStartDateUTC":"","_EventEndDateUTC":"","_EventShowMap":false,"_EventShowMapLink":false,"_EventURL":"","_EventCost":"","_EventCostDescription":"","_EventCurrencySymbol":"","_EventCurrencyCode":"","_EventCurrencyPosition":"","_EventDateTimeSeparator":"","_EventTimeRangeSeparator":"","_EventOrganizerID":[],"_EventVenueID":[],"_OrganizerEmail":"","_OrganizerPhone":"","_OrganizerWebsite":"","_VenueAddress":"","_VenueCity":"","_VenueCountry":"","_VenueProvince":"","_VenueState":"","_VenueZip":"","_VenuePhone":"","_VenueURL":"","_VenueStateProvince":"","_VenueLat":"","_VenueLng":"","_VenueShowMap":false,"_VenueShowMapLink":false,"twitterCardType":"","cardImageID":0,"cardImage":"","cardTitle":"","cardDesc":"","cardImageAlt":"","cardPlayer":"","cardPlayerWidth":0,"cardPlayerHeight":0,"cardPlayerStream":"","cardPlayerCodec":"","footnotes":""},"categories":[7],"tags":[21832],"class_list":["post-324414","post","type-post","status-publish","format-standard","has-post-thumbnail","hentry","category-recenze","tag-literarni-kavarna"],"acf":{"related_products":null},"_links":{"self":[{"href":"https:\/\/www.luxor.cz\/blog\/wp-json\/wp\/v2\/posts\/324414","targetHints":{"allow":["GET"]}}],"collection":[{"href":"https:\/\/www.luxor.cz\/blog\/wp-json\/wp\/v2\/posts"}],"about":[{"href":"https:\/\/www.luxor.cz\/blog\/wp-json\/wp\/v2\/types\/post"}],"author":[{"embeddable":true,"href":"https:\/\/www.luxor.cz\/blog\/wp-json\/wp\/v2\/users\/2"}],"replies":[{"embeddable":true,"href":"https:\/\/www.luxor.cz\/blog\/wp-json\/wp\/v2\/comments?post=324414"}],"version-history":[{"count":0,"href":"https:\/\/www.luxor.cz\/blog\/wp-json\/wp\/v2\/posts\/324414\/revisions"}],"wp:featuredmedia":[{"embeddable":true,"href":"https:\/\/www.luxor.cz\/blog\/wp-json\/wp\/v2\/media\/324415"}],"wp:attachment":[{"href":"https:\/\/www.luxor.cz\/blog\/wp-json\/wp\/v2\/media?parent=324414"}],"wp:term":[{"taxonomy":"category","embeddable":true,"href":"https:\/\/www.luxor.cz\/blog\/wp-json\/wp\/v2\/categories?post=324414"},{"taxonomy":"post_tag","embeddable":true,"href":"https:\/\/www.luxor.cz\/blog\/wp-json\/wp\/v2\/tags?post=324414"}],"curies":[{"name":"wp","href":"https:\/\/api.w.org\/{rel}","templated":true}]}}