{"id":324412,"date":"2025-01-15T10:00:47","date_gmt":"2025-01-15T09:00:47","guid":{"rendered":"https:\/\/www.luxor.cz\/blog\/nezarazene\/64239-pokracovani-temne-fantasy-romance\/"},"modified":"2025-01-15T10:00:47","modified_gmt":"2025-01-15T09:00:47","slug":"64239-pokracovani-temne-fantasy-romance","status":"publish","type":"post","link":"https:\/\/www.luxor.cz\/blog\/recenze\/64239-pokracovani-temne-fantasy-romance\/","title":{"rendered":"Pokra\u010dov\u00e1n\u00ed temn\u00e9 fantasy romance"},"content":{"rendered":"<p style=\"font-weight: 400;\">U\u017e na \u00favod v\u00e1m prozrad\u00edm, \u017ee mn\u011b se <em>Purpurea<\/em> l\u00edbila v\u00edce ne\u017e prvn\u00ed d\u00edl, ve kter\u00e9m jsem m\u011bla probl\u00e9m se Signinou naivitou a Sylesovi jsem oby\u010dejn\u00e9ho st\u00e1jn\u00edka nev\u011b\u0159ila ani na chvilku. Druh\u00fd d\u00edl mi p\u0159ijde co do vykreslen\u00ed spole\u010dnosti uv\u011b\u0159iteln\u011bj\u0161\u00ed a Signa chyt\u0159ej\u0161\u00ed. Rovn\u011b\u017e jsem v\u00a0n\u011bm na\u0161la m\u00e9n\u011b p\u0159eklep\u016f a chyb, na kter\u00e9 jsem v\u00a0<em>Beladon\u011b<\/em> hodn\u011b nad\u00e1vala, tak\u017ee <em>Purpureu<\/em> rozhodn\u011b hodnot\u00edm p\u0159\u00edzniv\u011bji.<\/p>\n<p style=\"font-weight: 400;\">P\u0159\u00edb\u011bh za\u010d\u00edn\u00e1 ve chv\u00edli, kdy prvn\u00ed d\u00edl skon\u010dil. Vra\u017edou lorda Wakefielda, z\u00a0n\u00ed\u017e s\u00e1m Osud obvin\u00ed Elijaha. Kdy\u017e ho policie posl\u00e9ze skute\u010dn\u011b uv\u011bzn\u00ed, jsou Signa i Blythe odhodlan\u00e9 dok\u00e1zat jeho nevinu a vyp\u00e1trat skute\u010dn\u00e9ho vraha. Signa p\u0159itom douf\u00e1 ve Smrtono\u0161ovu pomoc, ale uk\u00e1\u017ee se, \u017ee Osud j\u00ed komunikaci s\u00a0n\u00edm znemo\u017enil. Nav\u00edc se u Signy za\u010d\u00ednaj\u00ed projevovat v\u00e1\u017en\u00e9 zdravotn\u00ed komplikace, kdykoli p\u0159ech\u00e1z\u00ed mezi sv\u011btem \u017eiv\u00fdch a mrtv\u00fdch. P\u0159esto je odhodl\u00e1na naj\u00edt zp\u016fsob, jak se s\u00a0milovan\u00fdm mu\u017eem znovu spojit.<\/p>\n<p style=\"font-weight: 400;\">I kdy\u017e u\u017e z\u00edskala sv\u00e9 d\u011bdictv\u00ed, rozhodla se prozat\u00edm z\u016fstat na Thorn Grove, kde po mnoha letech kone\u010dn\u011b na\u0161la miluj\u00edc\u00ed rodinu, a zachr\u00e1nit Elijaha. T\u00ed\u017e\u00ed ji p\u0159itom spousta tajemstv\u00ed. Fakt, \u017ee je Smrtka. \u017de z\u00a0vra\u017edy podez\u0159\u00edv\u00e1 Byrona, a nav\u00edc d\u011bsiv\u00e1 pravda o skute\u010dn\u00e9m osudu Percyho. Dok\u00e1\u017ee v\u0161ak tohle tajemstv\u00ed uchovat nav\u017edy, nebo brzy vytane na povrch a zni\u010d\u00ed jej\u00ed vztah s\u00a0Hawthornov\u00fdmi?<\/p>\n<p style=\"font-weight: 400;\">Osud ov\u0161em tak\u00e9 nelen\u00ed a rozehraje nebezpe\u010dnou hru. Vyd\u00e1v\u00e1 se za prince Arise a hodl\u00e1 se Sign\u011b dvo\u0159it a z\u00edskat ji pro sebe. V\u011b\u0159\u00ed toti\u017e, \u017ee je reinkarnac\u00ed jeho milovan\u00e9 man\u017eelky \u017divy, o ni\u017e ho p\u0159ed stalet\u00edmi Smrtono\u0161 p\u0159ipravil. A pr\u00e1v\u011b proto sv\u00e9ho bratra tolik nen\u00e1vid\u00ed a hodl\u00e1 se mu po\u0159\u00e1dn\u011b pomst\u00edt. To on Signu stvo\u0159il jako Smrtono\u0161ovu partnerku, ov\u0161em s\u00a0t\u00edm, \u017ee mu m\u011bla zlomit srdce. Signa si ov\u0161em k\u00a0p\u0159ekvapen\u00ed v\u0161ech dok\u00e1\u017ee ps\u00e1t sv\u016fj osud sama. A stejn\u011b tak jej\u00ed sest\u0159enice Blythe, kter\u00e1 jej obehr\u00e1la u\u017e t\u0159ikr\u00e1t a rozhodn\u011b s\u00a0t\u00edm nem\u00edn\u00ed p\u0159estat. Poda\u0159\u00ed se ob\u011bma d\u00edvk\u00e1m porazit tak mocnou bytost v\u00a0jej\u00ed vlastn\u00ed h\u0159e? Bude Signa nakonec schopn\u00e1 z\u016fstat s\u00a0milovan\u00fdm Smrtono\u0161em, nebo se ho bude muset pro z\u00e1chranu Hawthornov\u00fdch vzd\u00e1t?<\/p>\n<p style=\"font-weight: 400;\">Kniha je op\u011bt kr\u00e1sn\u011b temn\u00e1 a z\u00e1rove\u0148 pln\u00e1 l\u00e1sky. Nejen t\u00e9 romantick\u00e9, ale i t\u00e9 mezi \u010dleny rodiny a p\u0159\u00e1teli. Dozv\u00edd\u00e1me se tu rovn\u011b\u017e v\u00edce o minulosti Smrtono\u0161e i Osudu a o tom, co se odehr\u00e1v\u00e1 na pozad\u00ed. O \u010dem lid\u00e9 nemaj\u00ed ani tu\u0161en\u00ed.<\/p>\n<p style=\"font-weight: 400;\">Velmi se mi l\u00edbilo, \u017ee Osud nen\u00ed vykreslen\u00fd jako stoprocentn\u00ed z\u00e1por\u00e1k. I p\u0159es jeho z\u00e1\u0161\u0165 ke Smrtono\u0161ovi, kter\u00fd si z\u00edskal srdce snad v\u0161ech \u010dten\u00e1\u0159\u016f, a jeho hrubost a nafoukanost s\u00a0n\u00edm \u010dasto i souc\u00edt\u00edm. Rozhodn\u011b nejde o \u010dernob\u00edlou postavu a j\u00e1 u\u017e se moc t\u011b\u0161\u00edm na jeho dal\u0161\u00ed v\u00fdvoj v\u00a0z\u00e1v\u011bre\u010dn\u00e9m d\u00edle trilogie.<\/p>\n<p style=\"font-weight: 400;\">Do p\u0159\u00edb\u011bhu se rovn\u011b\u017e v\u00edce zapojila Blythe, kter\u00e1 u\u017e se zotavila z\u00a0otravy a nyn\u00ed m\u016f\u017ee naplno projevit s\u00edlu sv\u00e9ho charakteru i sv\u00e9 na onu dobu pom\u011brn\u011b netradi\u010dn\u00ed n\u00e1zory. Jej\u00ed postavu jsem si zde opravdu obl\u00edbila. Nav\u00edc proch\u00e1z\u00ed zaj\u00edmav\u00fdm v\u00fdvojem. D\u00edky tomu, \u017ee byla n\u011bkolikr\u00e1t bl\u00edzko smrti, z\u00edsk\u00e1 schopnost vid\u011bt Smrtono\u0161e. Stane se tak pro Signu cenn\u00fdm par\u0165\u00e1kem v\u00a0boji proti Osudu. A to i p\u0159esto, \u017ee vztah obou sest\u0159enic poznamen\u00e1 st\u00edn minul\u00fdch ud\u00e1lost\u00ed.<\/p>\n<p style=\"font-weight: 400;\">Jak u\u017e jsem zmi\u0148ovala v\u00a0\u00favodu, <em>Purpurea<\/em> se mi v\u00a0mnoha ohledech l\u00edbila v\u00edce ne\u017e <em>Beladona<\/em>, p\u0159i\u0161la mi propracovan\u011bj\u0161\u00ed, vysp\u011blej\u0161\u00ed. Moc se tedy t\u011b\u0161\u00edm na t\u0159et\u00ed d\u00edl, jak\u00fd dramatick\u00fd p\u0159\u00edb\u011bh n\u00e1m autorka naserv\u00edruje tentokr\u00e1t.<\/p>\n<p style=\"font-weight: 400;\">\u00a0<\/p>\n<p style=\"font-weight: 400;\">\u00a0<\/p>\n<p style=\"font-weight: 400;\">Petra Kamlachov\u00e1<\/p>\n<p>Autor:\u00a0Petra Kamlachov\u00e1<\/p>\n","protected":false},"excerpt":{"rendered":"<p>Beladona loni vzbudila pom\u011brn\u011b velk\u00fd z\u00e1jem fanou\u0161k\u016f young adult knih a letos jsme se do\u010dkali pokra\u010dov\u00e1n\u00ed s\u00a0n\u00e1zvem Purpurea.<\/p>\n","protected":false},"author":2,"featured_media":324413,"comment_status":"open","ping_status":"open","sticky":false,"template":"","format":"standard","meta":{"_acf_changed":false,"_monsterinsights_skip_tracking":false,"_monsterinsights_sitenote_active":false,"_monsterinsights_sitenote_note":"","_monsterinsights_sitenote_category":0,"_EventAllDay":false,"_EventTimezone":"","_EventStartDate":"","_EventEndDate":"","_EventStartDateUTC":"","_EventEndDateUTC":"","_EventShowMap":false,"_EventShowMapLink":false,"_EventURL":"","_EventCost":"","_EventCostDescription":"","_EventCurrencySymbol":"","_EventCurrencyCode":"","_EventCurrencyPosition":"","_EventDateTimeSeparator":"","_EventTimeRangeSeparator":"","_EventOrganizerID":[],"_EventVenueID":[],"_OrganizerEmail":"","_OrganizerPhone":"","_OrganizerWebsite":"","_VenueAddress":"","_VenueCity":"","_VenueCountry":"","_VenueProvince":"","_VenueState":"","_VenueZip":"","_VenuePhone":"","_VenueURL":"","_VenueStateProvince":"","_VenueLat":"","_VenueLng":"","_VenueShowMap":false,"_VenueShowMapLink":false,"twitterCardType":"","cardImageID":0,"cardImage":"","cardTitle":"","cardDesc":"","cardImageAlt":"","cardPlayer":"","cardPlayerWidth":0,"cardPlayerHeight":0,"cardPlayerStream":"","cardPlayerCodec":"","footnotes":""},"categories":[7],"tags":[21832],"class_list":["post-324412","post","type-post","status-publish","format-standard","has-post-thumbnail","hentry","category-recenze","tag-literarni-kavarna"],"acf":{"related_products":null},"_links":{"self":[{"href":"https:\/\/www.luxor.cz\/blog\/wp-json\/wp\/v2\/posts\/324412","targetHints":{"allow":["GET"]}}],"collection":[{"href":"https:\/\/www.luxor.cz\/blog\/wp-json\/wp\/v2\/posts"}],"about":[{"href":"https:\/\/www.luxor.cz\/blog\/wp-json\/wp\/v2\/types\/post"}],"author":[{"embeddable":true,"href":"https:\/\/www.luxor.cz\/blog\/wp-json\/wp\/v2\/users\/2"}],"replies":[{"embeddable":true,"href":"https:\/\/www.luxor.cz\/blog\/wp-json\/wp\/v2\/comments?post=324412"}],"version-history":[{"count":0,"href":"https:\/\/www.luxor.cz\/blog\/wp-json\/wp\/v2\/posts\/324412\/revisions"}],"wp:featuredmedia":[{"embeddable":true,"href":"https:\/\/www.luxor.cz\/blog\/wp-json\/wp\/v2\/media\/324413"}],"wp:attachment":[{"href":"https:\/\/www.luxor.cz\/blog\/wp-json\/wp\/v2\/media?parent=324412"}],"wp:term":[{"taxonomy":"category","embeddable":true,"href":"https:\/\/www.luxor.cz\/blog\/wp-json\/wp\/v2\/categories?post=324412"},{"taxonomy":"post_tag","embeddable":true,"href":"https:\/\/www.luxor.cz\/blog\/wp-json\/wp\/v2\/tags?post=324412"}],"curies":[{"name":"wp","href":"https:\/\/api.w.org\/{rel}","templated":true}]}}