{"id":324410,"date":"2025-01-17T10:00:47","date_gmt":"2025-01-17T09:00:47","guid":{"rendered":"https:\/\/www.luxor.cz\/blog\/nezarazene\/64240-pripad-ktery-se-odehrava-na-jihu-portugalskeho-prostredi-a-ciste-logicky-detektiv\/"},"modified":"2025-01-17T10:00:47","modified_gmt":"2025-01-17T09:00:47","slug":"64240-pripad-ktery-se-odehrava-na-jihu-portugalskeho-prostredi-a-ciste-logicky-detektiv","status":"publish","type":"post","link":"https:\/\/www.luxor.cz\/blog\/recenze\/64240-pripad-ktery-se-odehrava-na-jihu-portugalskeho-prostredi-a-ciste-logicky-detektiv\/","title":{"rendered":"P\u0159\u00edpad, kter\u00fd se odehr\u00e1v\u00e1 na jihu portugalsk\u00e9ho prost\u0159ed\u00ed a \u010dist\u011b logick\u00fd detektiv"},"content":{"rendered":"<p style=\"font-weight: 400;\">V r\u00e1mci v\u00fdm\u011bnn\u00e9ho programu doraz\u00ed do portugalsk\u00e9ho Fara komisa\u0159 Leander Lost z Hamburku a kolegov\u00e9 Rosadov\u00e1 a Esteves zat\u00edm v\u016fbec netu\u0161\u00ed, co od podivn\u00e9ho t\u00fdpka v \u010dern\u00e9m obleku \u010dekat. Nov\u00e1 posila se m\u00e1 k jejich t\u00fdmu p\u0159ipojit na obdob\u00ed jednoho roku, ale ji\u017e od za\u010d\u00e1tku se jejich spolupr\u00e1ce pozd\u00e1v\u00e1 b\u00fdt pom\u011brn\u011b rozpa\u010ditou. Spole\u010dn\u011b s nov\u00fdm kolegou za\u010d\u00ednaj\u00ed detektivov\u00e9 z Algrave vy\u0161et\u0159ovat podez\u0159el\u00e9 \u00famrt\u00ed m\u00edstn\u00edho soukrom\u00e9ho o\u010dka.<\/p>\n<p style=\"font-weight: 400;\">Komisa\u0159 Lost se hned prvn\u00ed den slu\u017eby p\u0159edvede v cel\u00e9 sv\u00e9 par\u00e1d\u011b a uk\u00e1\u017ee koleg\u016fm metody, kter\u00e9 temperamentn\u00edm a p\u0159\u00e1telsk\u00fdm ji\u017ean\u016fm p\u0159ipadaj\u00ed m\u00edrn\u011b \u0159e\u010deno nestandardn\u00ed.<\/p>\n<p style=\"font-weight: 400;\">Na\u0161t\u011bst\u00ed brzy vyjde najevo jejich prav\u00fd d\u016fvod a Lost neopust\u00ed m\u00edsto p\u016fsoben\u00ed ji\u017e po prvn\u00edm dni. \u010cten\u00e1\u0159i se tud\u00ed\u017e dostane propracovan\u00fd a m\u00edsty vtipn\u00fd i dojemn\u00fd p\u0159\u00edb\u011bh, kter\u00fd slibuje (doufejme) nad\u011bjnou novou s\u00e9rii, z\u00e1bavn\u00e9ho vy\u0161et\u0159ovatele a nemal\u00fd potenci\u00e1l pro portugalsk\u00fd turismus.\u00a0<\/p>\n<p style=\"font-weight: 400;\">Atmosf\u00e9ra, v n\u00ed\u017e vy\u0161et\u0159ov\u00e1n\u00ed prob\u00edh\u00e1, je \u010dten\u00e1\u0159i vykreslov\u00e1na v z\u00e1\u0159iv\u00fdch barv\u00e1ch azurov\u00e9ho pob\u0159e\u017e\u00ed, d\u00fdch\u00e1 na v\u00e1s s p\u0159\u00edm\u011bs\u00ed soli a von\u00ed jihem Evropy na ka\u017ed\u00e9 str\u00e1nce.<\/p>\n<p style=\"font-weight: 400;\">A\u0165 u\u017e jste m\u011bli to \u0161t\u011bst\u00ed nav\u0161t\u00edvit malebn\u00e1 m\u00edsta pob\u0159e\u017e\u00ed Algrave, nebo dosud ne, stejn\u011b jako j\u00e1, budete si jist\u011b v duchu bookovat letenku a vyhled\u00e1vat na internetu v\u0161echny zm\u00edn\u011bn\u00e9 dobroty.\u00a0<\/p>\n<p style=\"font-weight: 400;\">Celkov\u011b hodnot\u00edm \u010dten\u00ed velmi kladn\u00fdm dojmem. Krom\u011b slibn\u00e9ho p\u0159\u00edb\u011bhu, kter\u00fd vypad\u00e1 nejd\u0159\u00edve celkem oby\u010dejn\u011b, m\u016f\u017eete o\u010dek\u00e1vat setk\u00e1n\u00ed s\u00a0hrdinou, jeho\u017e chov\u00e1n\u00ed V\u00e1s bude minim\u00e1ln\u011b fascinovat.<\/p>\n<p style=\"font-weight: 400;\">\u00a0<\/p>\n<p style=\"font-weight: 400;\">\u00a0<\/p>\n<p style=\"font-weight: 400;\">Kate\u0159ina M\u00e1lkov\u00e1<\/p>\n<p>Autor:\u00a0Kate\u0159ina M\u00e1lkov\u00e1<\/p>\n","protected":false},"excerpt":{"rendered":"<p>Pokud se moment\u00e1ln\u011b tou\u017e\u00edte aspo\u0148 v duchu vymanit z pochmurn\u00e9ho po\u010das\u00ed a p\u0159em\u00edstit se na slunn\u00e9 portugalsk\u00e9 pob\u0159e\u017e\u00ed, m\u00e1te r\u00e1di detektivky a hled\u00e1te p\u0159\u00edb\u011bh se zaj\u00edmav\u00fdm nov\u00fdm hrdinou, kniha autora jm\u00e9nem Gil Ribeiro je pro v\u00e1s to prav\u00e9 o\u0159echov\u00e9.<\/p>\n","protected":false},"author":2,"featured_media":324411,"comment_status":"open","ping_status":"open","sticky":false,"template":"","format":"standard","meta":{"_acf_changed":false,"_monsterinsights_skip_tracking":false,"_monsterinsights_sitenote_active":false,"_monsterinsights_sitenote_note":"","_monsterinsights_sitenote_category":0,"_EventAllDay":false,"_EventTimezone":"","_EventStartDate":"","_EventEndDate":"","_EventStartDateUTC":"","_EventEndDateUTC":"","_EventShowMap":false,"_EventShowMapLink":false,"_EventURL":"","_EventCost":"","_EventCostDescription":"","_EventCurrencySymbol":"","_EventCurrencyCode":"","_EventCurrencyPosition":"","_EventDateTimeSeparator":"","_EventTimeRangeSeparator":"","_EventOrganizerID":[],"_EventVenueID":[],"_OrganizerEmail":"","_OrganizerPhone":"","_OrganizerWebsite":"","_VenueAddress":"","_VenueCity":"","_VenueCountry":"","_VenueProvince":"","_VenueState":"","_VenueZip":"","_VenuePhone":"","_VenueURL":"","_VenueStateProvince":"","_VenueLat":"","_VenueLng":"","_VenueShowMap":false,"_VenueShowMapLink":false,"twitterCardType":"","cardImageID":0,"cardImage":"","cardTitle":"","cardDesc":"","cardImageAlt":"","cardPlayer":"","cardPlayerWidth":0,"cardPlayerHeight":0,"cardPlayerStream":"","cardPlayerCodec":"","footnotes":""},"categories":[7],"tags":[21832],"class_list":["post-324410","post","type-post","status-publish","format-standard","has-post-thumbnail","hentry","category-recenze","tag-literarni-kavarna"],"acf":{"related_products":null},"_links":{"self":[{"href":"https:\/\/www.luxor.cz\/blog\/wp-json\/wp\/v2\/posts\/324410","targetHints":{"allow":["GET"]}}],"collection":[{"href":"https:\/\/www.luxor.cz\/blog\/wp-json\/wp\/v2\/posts"}],"about":[{"href":"https:\/\/www.luxor.cz\/blog\/wp-json\/wp\/v2\/types\/post"}],"author":[{"embeddable":true,"href":"https:\/\/www.luxor.cz\/blog\/wp-json\/wp\/v2\/users\/2"}],"replies":[{"embeddable":true,"href":"https:\/\/www.luxor.cz\/blog\/wp-json\/wp\/v2\/comments?post=324410"}],"version-history":[{"count":0,"href":"https:\/\/www.luxor.cz\/blog\/wp-json\/wp\/v2\/posts\/324410\/revisions"}],"wp:featuredmedia":[{"embeddable":true,"href":"https:\/\/www.luxor.cz\/blog\/wp-json\/wp\/v2\/media\/324411"}],"wp:attachment":[{"href":"https:\/\/www.luxor.cz\/blog\/wp-json\/wp\/v2\/media?parent=324410"}],"wp:term":[{"taxonomy":"category","embeddable":true,"href":"https:\/\/www.luxor.cz\/blog\/wp-json\/wp\/v2\/categories?post=324410"},{"taxonomy":"post_tag","embeddable":true,"href":"https:\/\/www.luxor.cz\/blog\/wp-json\/wp\/v2\/tags?post=324410"}],"curies":[{"name":"wp","href":"https:\/\/api.w.org\/{rel}","templated":true}]}}