{"id":324406,"date":"2025-01-24T10:00:52","date_gmt":"2025-01-24T09:00:52","guid":{"rendered":"https:\/\/www.luxor.cz\/blog\/nezarazene\/64243-atropa-bella-dona\/"},"modified":"2025-01-24T10:00:52","modified_gmt":"2025-01-24T09:00:52","slug":"64243-atropa-bella-dona","status":"publish","type":"post","link":"https:\/\/www.luxor.cz\/blog\/recenze\/64243-atropa-bella-dona\/","title":{"rendered":"Atropa Bella Dona"},"content":{"rendered":"<p style=\"font-weight: 400;\">\u0160estn\u00e1ct\u00e9 stolet\u00ed a rudolfinsk\u00e1 Praha. M\u011bsto, do kter\u00e9ho se sj\u00ed\u017ed\u011bj\u00ed v\u0161elijac\u00ed alchymist\u00e9 a masti\u010dk\u00e1\u0159i.<\/p>\n<p style=\"font-weight: 400;\">Tento p\u0159\u00edb\u011bh n\u00e1s v\u0161ak nejprve zavede do mal\u00e9 vesni\u010dky v\u00a0podh\u016f\u0159\u00ed. Pozn\u00e1me tam rodinu l\u00e9\u010ditelek, \u010darod\u011bjek a bylink\u00e1\u0159ek, kter\u00e9 sv\u00e9 um\u011bn\u00ed p\u0159ed\u00e1vaj\u00ed z\u00a0matky na dceru. Tou dcerou je And\u011bla, d\u00edvka, kter\u00e9 nesta\u010d\u00ed mal\u00e1 vesnice, r\u00e1da by se dostala do velk\u00e9 Prahy a m\u011bla svou vysn\u011bnou apatyku.<\/p>\n<p style=\"font-weight: 400;\">\u00a0Miluji bylinky a lidov\u00e9 l\u00e9\u010ditelstv\u00ed. Kdy\u017e jsem si p\u0159e\u010detla anotaci, nev\u00e1hala jsem ani chvilku a knihu jsem si pot\u0159ebovala p\u0159e\u010d\u00edst. A bylo to skv\u011bl\u00e9. Co se bylinek a jejich \u00fa\u010dink\u016f t\u00fdk\u00e1, dozv\u011bd\u011bla jsem se spoustu nov\u00e9ho. M\u00edsty byl p\u0159\u00edb\u011bh skoro jako herb\u00e1\u0159, kter\u00fd si m\u016f\u017eete prolistovat, kdy\u017e budete pot\u0159ebovat v\u00a0p\u0159\u00edrod\u011b naj\u00edt pomoc na n\u011bjak\u00fd ten neduh. Krom\u011b bylinek je tu i skv\u011ble pops\u00e1no, jak funguje lidsk\u00e9 t\u011blo, co a jak v\u00a0n\u011bm souvis\u00ed a t\u0159eba si najdete pomoc i na n\u011bjak\u00fd v\u00e1\u0161 zdravotn\u00ed probl\u00e9m. P\u0159\u00edroda je p\u0159eci jenom mocn\u00e1 \u010darod\u011bjka.<\/p>\n<p style=\"font-weight: 400;\">\u00a0Krom\u011b toho byl i samotn\u00fd p\u0159\u00edb\u011bh velice poutav\u00fd. Hlavn\u00ed hrdinku And\u011blu si zamilujete od prvn\u00edch \u0159\u00e1dk\u016f a budete j\u00ed fandit a pro\u017e\u00edvat s\u00a0n\u00ed jej\u00ed dobrodru\u017estv\u00ed. Cel\u00fd p\u0159\u00edb\u011bh je mil\u00fd a \u00fasm\u011bvn\u00fd. Vypr\u00e1v\u011bn\u00ed je sice tro\u0161ku pomalej\u0161\u00ed, ale i tak m\u011b bavilo. Chv\u00edlemi mi p\u0159i\u0161el jako poh\u00e1dka, chv\u00edlemi to v\u0161ak byla poh\u00e1dka pro dosp\u011bl\u00e9.<\/p>\n<p style=\"font-weight: 400;\">\u00a0Potk\u00e1te tu spoustu skute\u010dn\u00fdch postav t\u00e9 doby. A\u0165 u\u017e je to kat Mydl\u00e1\u0159, Jan Jesenius, magistr Kelly nebo samotn\u00fd c\u00edsa\u0159 Rudolf II. M\u00edsty jsem m\u011bla pocit, \u017ee \u010dtu opravdov\u00fd p\u0159\u00edb\u011bh a m\u011bla jsem nutk\u00e1n\u00ed si o And\u011ble vyhledat dal\u0161\u00ed informace. Tu v\u00a0historii skute\u010dn\u011b nenajdete, ale t\u0159eba m\u016f\u017eete zjistit v\u00edce o prvn\u00ed lidsk\u00e9 pitv\u011b, o kter\u00e9 je v\u00a0knize tak\u00e9 \u0159e\u010d.<\/p>\n<p style=\"font-weight: 400;\">Ne\u010dekejte \u017e\u00e1dnou velkou akci, sp\u00ed\u0161e pomal\u00e9 a v\u00edce popisn\u00e9 vypr\u00e1v\u011bn\u00ed. Ale i tak p\u0159\u00edb\u011bh zaujme. A konec? Tak ten se tv\u00e1\u0159\u00ed, \u017ee by t\u0159eba mohlo b\u00fdt i pokra\u010dov\u00e1n\u00ed. Ale kdo v\u00ed\u2026<\/p>\n<p style=\"font-weight: 400;\">\u00a0<\/p>\n<p style=\"font-weight: 400;\">\u00a0<\/p>\n<p style=\"font-weight: 400;\">Eva Francov\u00e1<\/p>\n<p>Autor:\u00a0Eva Francov\u00e1<\/p>\n","protected":false},"excerpt":{"rendered":"<p>P\u0159eneste se na dv\u016fr Rudolfa II. a poznejte alchymisty, l\u00e9\u010ditele i \u0161arlat\u00e1ny. Ale hlavn\u011b And\u011blu, vyhl\u00e1\u0161enou \u010darod\u011bjku a bylink\u00e1\u0159ku.<\/p>\n","protected":false},"author":2,"featured_media":324407,"comment_status":"open","ping_status":"open","sticky":false,"template":"","format":"standard","meta":{"_acf_changed":false,"_monsterinsights_skip_tracking":false,"_monsterinsights_sitenote_active":false,"_monsterinsights_sitenote_note":"","_monsterinsights_sitenote_category":0,"_EventAllDay":false,"_EventTimezone":"","_EventStartDate":"","_EventEndDate":"","_EventStartDateUTC":"","_EventEndDateUTC":"","_EventShowMap":false,"_EventShowMapLink":false,"_EventURL":"","_EventCost":"","_EventCostDescription":"","_EventCurrencySymbol":"","_EventCurrencyCode":"","_EventCurrencyPosition":"","_EventDateTimeSeparator":"","_EventTimeRangeSeparator":"","_EventOrganizerID":[],"_EventVenueID":[],"_OrganizerEmail":"","_OrganizerPhone":"","_OrganizerWebsite":"","_VenueAddress":"","_VenueCity":"","_VenueCountry":"","_VenueProvince":"","_VenueState":"","_VenueZip":"","_VenuePhone":"","_VenueURL":"","_VenueStateProvince":"","_VenueLat":"","_VenueLng":"","_VenueShowMap":false,"_VenueShowMapLink":false,"twitterCardType":"","cardImageID":0,"cardImage":"","cardTitle":"","cardDesc":"","cardImageAlt":"","cardPlayer":"","cardPlayerWidth":0,"cardPlayerHeight":0,"cardPlayerStream":"","cardPlayerCodec":"","footnotes":""},"categories":[7],"tags":[21832],"class_list":["post-324406","post","type-post","status-publish","format-standard","has-post-thumbnail","hentry","category-recenze","tag-literarni-kavarna"],"acf":{"related_products":null},"_links":{"self":[{"href":"https:\/\/www.luxor.cz\/blog\/wp-json\/wp\/v2\/posts\/324406","targetHints":{"allow":["GET"]}}],"collection":[{"href":"https:\/\/www.luxor.cz\/blog\/wp-json\/wp\/v2\/posts"}],"about":[{"href":"https:\/\/www.luxor.cz\/blog\/wp-json\/wp\/v2\/types\/post"}],"author":[{"embeddable":true,"href":"https:\/\/www.luxor.cz\/blog\/wp-json\/wp\/v2\/users\/2"}],"replies":[{"embeddable":true,"href":"https:\/\/www.luxor.cz\/blog\/wp-json\/wp\/v2\/comments?post=324406"}],"version-history":[{"count":0,"href":"https:\/\/www.luxor.cz\/blog\/wp-json\/wp\/v2\/posts\/324406\/revisions"}],"wp:featuredmedia":[{"embeddable":true,"href":"https:\/\/www.luxor.cz\/blog\/wp-json\/wp\/v2\/media\/324407"}],"wp:attachment":[{"href":"https:\/\/www.luxor.cz\/blog\/wp-json\/wp\/v2\/media?parent=324406"}],"wp:term":[{"taxonomy":"category","embeddable":true,"href":"https:\/\/www.luxor.cz\/blog\/wp-json\/wp\/v2\/categories?post=324406"},{"taxonomy":"post_tag","embeddable":true,"href":"https:\/\/www.luxor.cz\/blog\/wp-json\/wp\/v2\/tags?post=324406"}],"curies":[{"name":"wp","href":"https:\/\/api.w.org\/{rel}","templated":true}]}}