{"id":324394,"date":"2025-02-21T10:00:57","date_gmt":"2025-02-21T09:00:57","guid":{"rendered":"https:\/\/www.luxor.cz\/blog\/nezarazene\/64253-pribeh-obycejne-neobycejneho-kluka\/"},"modified":"2025-02-21T10:00:57","modified_gmt":"2025-02-21T09:00:57","slug":"64253-pribeh-obycejne-neobycejneho-kluka","status":"publish","type":"post","link":"https:\/\/www.luxor.cz\/blog\/recenze\/64253-pribeh-obycejne-neobycejneho-kluka\/","title":{"rendered":"P\u0159\u00edb\u011bh oby\u010dejn\u011b neoby\u010dejn\u00e9ho kluka"},"content":{"rendered":"<p>Dan Krej\u010d\u00edk, zn\u00e1m\u00fd herec, kter\u00e9mu v\u0161ak osud p\u016fvodn\u011b chystal jinou cestu. M\u011bl b\u00fdt p\u00e1tou generac\u00ed, kter\u00e1 bude d\u00e1l \u0159\u00eddit rodinn\u00fd podnik \u2013 poh\u0159ebn\u00ed \u00fastav. Dan se rozhodl jinak a ve sv\u00e9 knize n\u00e1m uk\u00e1\u017ee cestu, kter\u00e1 n\u011bkdy nebyla rozhodn\u011b jednoduch\u00e1, ale na\u0161t\u011bst\u00ed ho dovedla tam, kde cht\u011bl b\u00fdt.<\/p>\n<p>Prvn\u00ed knihu \u2013 Nad\u011blen\u00ed \u2013 jsem \u010detla p\u0159esn\u011b p\u0159ed dv\u011bma lety. Byla jsem z\u00a0n\u00ed nad\u0161en\u00e1. Nav\u00edc jsem ji \u010detla v\u00a0nelehk\u00e9 \u017eivotn\u00ed situaci a mysl\u00edm, \u017ee mi moc pomohla. Tentokr\u00e1t jsem H\u00e1jemstv\u00ed \u010detla na \u0160t\u011bdr\u00fd den a mus\u00edm \u0159\u00edci, \u017ee v\u00edc milej\u0161\u00ed knihu jsem si nemohla vybrat. Cel\u00fd p\u0159\u00edb\u011bh je skv\u011ble sepsan\u00fd a dok\u00e1\u017ee zas\u00e1hnout p\u0159\u00edmo do srd\u00ed\u010dka.<\/p>\n<p>Dozv\u00edme se zde rodinnou historii. Rozhodn\u011b zaj\u00edmav\u00e9 \u010dten\u00ed o tom, jak se Danova prababi\u010dka dostala k\u00a0poh\u0159ebnictv\u00ed a mysl\u00edm, \u017ee podobn\u00fdch p\u0159\u00edb\u011bh\u016f moc nenajdete.<\/p>\n<p>Dan n\u00e1m p\u0159in\u00e1\u0161\u00ed velmi osobn\u00ed zpov\u011b\u010f. Je to otev\u0159en\u00e9, up\u0159\u00edmn\u00e9, intimn\u00ed. Pust\u00ed n\u00e1s do sv\u00fdch my\u0161lenek a pocit\u016f. Je tu uk\u00e1z\u00e1n skv\u011bl\u00fd vztah rodi\u010d\u016f a d\u011bt\u00ed, ale p\u0159ijdou i t\u011b\u017e\u0161\u00ed a smutn\u011bj\u0161\u00ed chv\u00edle, kdy se \u010dlov\u011bk mus\u00ed poprat se \u017eivotem.<\/p>\n<p>Cel\u00fd p\u0159\u00edb\u011bh je mil\u00fd, \u00fasm\u011bvn\u00fd (nechyb\u00ed tu ani po\u0159\u00e1dn\u00e1 d\u00e1vka \u010dern\u00e9ho humoru) i dojemn\u00fd. Nejednou jsem si pobre\u010dela a pro\u017e\u00edvala nelehk\u00e9 chv\u00edle. N\u011bkter\u00e9 \u010d\u00e1sti m\u011b opravdu hodn\u011b zas\u00e1hly.<\/p>\n<p>Nev\u00edm, jestli se d\u00e1 n\u011bkoho poznat jen p\u0159es knihu, kterou napsal, ale pokud ano, tak Dan je neskute\u010dn\u011b citliv\u00fd, chytr\u00fd, mil\u00fd a hodn\u00fd \u010dlov\u011bk. V\u011b\u0159\u00edm, \u017ee komukoliv vstoup\u00ed do \u017eivota, ten m\u00e1 \u0161t\u011bst\u00ed, \u017ee takov\u00e9ho \u010dlov\u011bka poznal.<\/p>\n<p>N\u00e1dhern\u00e1 kn\u00ed\u017eka!<\/p>\n<p>\u00a0<\/p>\n<p>\u00a0<\/p>\n<p>Eva Francov\u00e1<\/p>\n<p>Autor:\u00a0Eva Francov\u00e1<\/p>\n","protected":false},"excerpt":{"rendered":"<p>Jak jde dohromady poh\u0159ebn\u00ed \u00fastav a herectv\u00ed? Mo\u017en\u00e1 v\u00e1s to p\u0159ekvap\u00ed, ale i v\u00a0takto rozd\u00edln\u00fdch povol\u00e1n\u00edch se d\u00e1 naj\u00edt mnoh\u00e9, co je spojuje.<\/p>\n","protected":false},"author":2,"featured_media":324395,"comment_status":"open","ping_status":"open","sticky":false,"template":"","format":"standard","meta":{"_acf_changed":false,"_monsterinsights_skip_tracking":false,"_monsterinsights_sitenote_active":false,"_monsterinsights_sitenote_note":"","_monsterinsights_sitenote_category":0,"_EventAllDay":false,"_EventTimezone":"","_EventStartDate":"","_EventEndDate":"","_EventStartDateUTC":"","_EventEndDateUTC":"","_EventShowMap":false,"_EventShowMapLink":false,"_EventURL":"","_EventCost":"","_EventCostDescription":"","_EventCurrencySymbol":"","_EventCurrencyCode":"","_EventCurrencyPosition":"","_EventDateTimeSeparator":"","_EventTimeRangeSeparator":"","_EventOrganizerID":[],"_EventVenueID":[],"_OrganizerEmail":"","_OrganizerPhone":"","_OrganizerWebsite":"","_VenueAddress":"","_VenueCity":"","_VenueCountry":"","_VenueProvince":"","_VenueState":"","_VenueZip":"","_VenuePhone":"","_VenueURL":"","_VenueStateProvince":"","_VenueLat":"","_VenueLng":"","_VenueShowMap":false,"_VenueShowMapLink":false,"twitterCardType":"","cardImageID":0,"cardImage":"","cardTitle":"","cardDesc":"","cardImageAlt":"","cardPlayer":"","cardPlayerWidth":0,"cardPlayerHeight":0,"cardPlayerStream":"","cardPlayerCodec":"","footnotes":""},"categories":[7],"tags":[21832],"class_list":["post-324394","post","type-post","status-publish","format-standard","has-post-thumbnail","hentry","category-recenze","tag-literarni-kavarna"],"acf":{"related_products":null},"_links":{"self":[{"href":"https:\/\/www.luxor.cz\/blog\/wp-json\/wp\/v2\/posts\/324394","targetHints":{"allow":["GET"]}}],"collection":[{"href":"https:\/\/www.luxor.cz\/blog\/wp-json\/wp\/v2\/posts"}],"about":[{"href":"https:\/\/www.luxor.cz\/blog\/wp-json\/wp\/v2\/types\/post"}],"author":[{"embeddable":true,"href":"https:\/\/www.luxor.cz\/blog\/wp-json\/wp\/v2\/users\/2"}],"replies":[{"embeddable":true,"href":"https:\/\/www.luxor.cz\/blog\/wp-json\/wp\/v2\/comments?post=324394"}],"version-history":[{"count":0,"href":"https:\/\/www.luxor.cz\/blog\/wp-json\/wp\/v2\/posts\/324394\/revisions"}],"wp:featuredmedia":[{"embeddable":true,"href":"https:\/\/www.luxor.cz\/blog\/wp-json\/wp\/v2\/media\/324395"}],"wp:attachment":[{"href":"https:\/\/www.luxor.cz\/blog\/wp-json\/wp\/v2\/media?parent=324394"}],"wp:term":[{"taxonomy":"category","embeddable":true,"href":"https:\/\/www.luxor.cz\/blog\/wp-json\/wp\/v2\/categories?post=324394"},{"taxonomy":"post_tag","embeddable":true,"href":"https:\/\/www.luxor.cz\/blog\/wp-json\/wp\/v2\/tags?post=324394"}],"curies":[{"name":"wp","href":"https:\/\/api.w.org\/{rel}","templated":true}]}}