{"id":324384,"date":"2025-03-03T10:00:49","date_gmt":"2025-03-03T09:00:49","guid":{"rendered":"https:\/\/www.luxor.cz\/blog\/nezarazene\/64258-pohled-z-druhe-strany\/"},"modified":"2025-03-03T10:00:49","modified_gmt":"2025-03-03T09:00:49","slug":"64258-pohled-z-druhe-strany","status":"publish","type":"post","link":"https:\/\/www.luxor.cz\/blog\/recenze\/64258-pohled-z-druhe-strany\/","title":{"rendered":"Pohled z druh\u00e9 strany"},"content":{"rendered":"<p style=\"font-weight: 400;\">Ob\u010das b\u00fdv\u00e1 zaj\u00edmav\u00e9, kdy\u017e m\u00e1 \u010dten\u00e1\u0159 mo\u017enost p\u0159e\u010d\u00edst si p\u0159\u00edb\u011bh i z\u00a0pohledu druh\u00e9 strany. Zvl\u00e1\u0161\u0165, kdy\u017e m\u00e1me nezodpov\u011bzen\u00e9 ot\u00e1zky.<\/p>\n<p style=\"font-weight: 400;\">Zat\u00edmco byl \u010dten\u00e1\u0159 zvykl\u00fd na charismatickou postavu snad nejlep\u0161\u00edho bojovn\u00edka Mohir\u016f, Nikolase, nyn\u00ed m\u00e1me mo\u017enost ho vn\u00edmat zcela jinak.<\/p>\n<p style=\"font-weight: 400;\">P\u0159izn\u00e1v\u00e1m, \u017ee se mi v\u00a0p\u0159edchoz\u00edch d\u00edlech l\u00edbil charakter Nikolasoy postavy. Byl tajemn\u00fd, odv\u00e1\u017en\u00fd, d\u016fv\u011bryhodn\u00fd, loaj\u00e1ln\u00ed, starostliv\u00fd, uctiv\u00fd a celkov\u011b p\u016fsobil velmi mu\u017en\u011b, a\u017e to jisk\u0159ilo. Zkr\u00e1tka skute\u010dn\u00fd profesion\u00e1l, ten nejlep\u0161\u00ed mezi sv\u00fdmi.<\/p>\n<p style=\"font-weight: 400;\">\u00a0V\u00a0p\u0159ede\u0161l\u00fdch d\u00edlech, byla hlavn\u00ed hrdinkou Sara. Nyn\u00ed se dozv\u00edd\u00e1me, jak vn\u00edmal ka\u017edou situaci s\u00e1m Nikolas. Vid\u00edme, \u017ee sice na prvn\u00ed pohled mohl Nikolas p\u016fsobit pevn\u00fd jako sk\u00e1la, ale ve skute\u010dnosti musel po celou dobu \u0159e\u0161it sv\u016fj vlastn\u00ed vnit\u0159n\u00ed boj.<\/p>\n<p style=\"font-weight: 400;\">Ka\u017ed\u00fd Mohir m\u00e1 i svou d\u00e9monskou str\u00e1nku, sv\u00e9ho Moriho. Aby d\u00e9mon uvnit\u0159 \u010dlov\u011bka nez\u00edskal moc nad \u010dlov\u011bkem, je pot\u0159eba se s\u00a0n\u00edm nau\u010dit pracovat. Je to n\u011bco, co se ka\u017ed\u00fd Mohir u\u010d\u00ed u\u017e odmala.<\/p>\n<p style=\"font-weight: 400;\">Sara takovou p\u0159\u00edle\u017eitost nem\u011bla. A\u017e do t\u00e9to chv\u00edle nev\u011bd\u011bla, \u017ee je tak\u00e9 Mohirka. Netu\u0161ila, jakou vl\u00e1dne moc\u00ed, \u017ee je mo\u017en\u00e9 se zdokonalovat a b\u00fdt v\u00fdjime\u010dn\u00e1, nezdoln\u00e1.<\/p>\n<p style=\"font-weight: 400;\">Kniha Bojovn\u00edk, od zn\u00e1m\u00e9 autorky Karen Lynch, je ji\u017e \u010dtvrtou knihou ze s\u00e9rie Nezdoln\u00e1. Nebojte, je\u0161t\u011b nen\u00ed tou posledn\u00ed. A proto\u017ee je kniha Bojovn\u00edk specifick\u00e1, jedn\u00e1 se o retelling, v\u016fbec nevad\u00ed, pokud jste p\u0159ede\u0161l\u00e9 knihy ne\u010detli. Na druhou stranu je to velk\u00e1 \u0161koda a rozhodn\u011b bych doporu\u010dovala si je p\u0159e\u010d\u00edst.<\/p>\n<p style=\"font-weight: 400;\">V\u00edm, jak je t\u011b\u017ek\u00e9 se u kni\u017en\u00edch s\u00e9ri\u00ed n\u011bkdy rychle zorientovat v\u00a0jejich po\u0159ad\u00ed. Pro snadn\u011bj\u0161\u00ed vyhled\u00e1v\u00e1n\u00ed, knihy vy\u0161ly v\u00a0tomto po\u0159ad\u00ed-Nezdoln\u00e1-Kniha prvn\u00ed, \u00dato\u010di\u0161t\u011b, Samot\u00e1\u0159ka, Bojovn\u00edk.<\/p>\n<p style=\"font-weight: 400;\">A\u017e do t\u00e9to chv\u00edle, jsme se mohli jen dohadovat, co se asi Nikolasovi honilo hlavou. Sami uzn\u00e1te, \u017ee jeho chov\u00e1n\u00ed nebylo zrovna typick\u00e9. Siln\u00e1 p\u0159ita\u017elivost, kter\u00e1 Nikolase k\u00a0Sa\u0159e p\u0159itahovala, nebyla ale v\u016fbec pouh\u00fdm cht\u00ed\u010dem nebo fyzickou n\u00e1klonost\u00ed. Ob\u010das jsem m\u011bla pocit, \u017ee Saru snad nen\u00e1vid\u00ed nebo mu je p\u0159\u00edt\u011b\u017e\u00ed. Ve skute\u010dnosti bylo v\u0161e ale \u00fapln\u011b jinak.<\/p>\n<p style=\"font-weight: 400;\">Ve sv\u011bt\u011b tak oby\u010dejn\u00e9m, jako se jev\u00ed n\u00e1m lidem, se v\u0161ak d\u011bj\u00ed po celou dobu i v\u011bci magick\u00e9. Jen o nich v\u011bt\u0161ina lid\u00ed nem\u00e1 ani tu\u0161en\u00ed. O up\u00edrech jsme u\u017e sly\u0161eli v\u0161ichni, ale co ti ostatn\u00ed? Co tvorov\u00e9, o kter\u00fdch jste zat\u00edm nem\u011bli pon\u011bt\u00ed, \u017ee jsou po celou dobu tady s\u00a0n\u00e1mi?<\/p>\n<p style=\"font-weight: 400;\">Sara Greyov\u00e1 je neskute\u010dn\u011b siln\u00e1 a schopn\u00e1 v\u0161eho, co\u017e ale zat\u00edm ani sama o sob\u011b nev\u00ed. P\u016fsob\u00ed tak k\u0159ehce, docela drze, ob\u010das a\u017e nemotorn\u011b a o\u010dividn\u011b m\u00e1 \u0161est\u00fd smysl, jak se dostat do pot\u00ed\u017e\u00ed.<\/p>\n<p style=\"font-weight: 400;\">U\u017e jen zji\u0161t\u011bn\u00ed, \u017ee jej\u00ed nejlep\u0161\u00ed kamar\u00e1di jsou vlkodlaci, \u017ee \u017eije na jejich \u00fazem\u00ed, zp\u016fsobilo Sa\u0159e men\u0161\u00ed \u0161ok. O to p\u0159ekvapiv\u011bj\u0161\u00ed a p\u016fsobiv\u011bj\u0161\u00ed se zd\u00e1 b\u00fdt jej\u00ed vnit\u0159n\u00ed s\u00edla a odhodl\u00e1n\u00ed \u010delit pravd\u011b a jednomu z\u00a0nejsiln\u011bj\u0161\u00edch up\u00edr\u016f, kte\u0159\u00ed v\u016fbec jsou. P\u0159ijmout vlastn\u00ed identitu nemus\u00ed b\u00fdt v\u016fbec snadn\u00e9.<\/p>\n<p style=\"font-weight: 400;\">Vn\u00edmat skute\u010dnou s\u00edlu Nikolasovy l\u00e1sky k\u00a0Sa\u0159e a jeho p\u0159\u00e1telstv\u00ed s\u00a0Chrisem, bylo napl\u0148uj\u00edc\u00ed.<\/p>\n<p style=\"font-weight: 400;\">Nikolas je sice o n\u011bjak\u00fdch 200 let star\u0161\u00ed a mnohem zku\u0161en\u011bj\u0161\u00ed, ale n\u011bco tu st\u00e1le nehraje.<\/p>\n<p style=\"font-weight: 400;\">Kniha Bojovn\u00edk nen\u00ed jen dopln\u011bn\u00edm skl\u00e1da\u010dky do cel\u00e9ho p\u0159\u00edb\u011bhu. Je jej\u00ed ned\u00edlnou sou\u010d\u00e1st\u00ed. Zamilujete si v\u0161echny bytosti a s\u00a0nap\u011bt\u00edm budete ot\u00e1\u010det str\u00e1nku za str\u00e1nkou.<\/p>\n<p style=\"font-weight: 400;\">Autorka knihy dok\u00e1zala mistrn\u011b propojit sv\u011bt nadp\u0159irozena se sv\u011btem\u00a0re\u00e1ln\u00fdm. A i kdy\u017e jsem na za\u010d\u00e1tku Knihy prvn\u00ed zav\u00e1hala, nikdy nebudu litovat, \u017ee jsem \u010detla d\u00e1l a nechala se pohltit t\u00edmto p\u0159\u00edb\u011bhem.<\/p>\n<p style=\"font-weight: 400;\">\u00a0<\/p>\n<p style=\"font-weight: 400;\">\u00a0<\/p>\n<p style=\"font-weight: 400;\">Eva Mare\u0161ov\u00e1<\/p>\n<p>Autor:\u00a0Eva Mare\u0161ov\u00e1<\/p>\n","protected":false},"excerpt":{"rendered":"<p>Tajemstv\u00ed, kter\u00e9 v\u00a0sob\u011b oba nos\u00ed, je hlub\u0161\u00ed a pouto tak siln\u00e9, \u017ee je prakticky nemo\u017en\u00e9 ho zp\u0159etrhat. M\u00e1 to jeden h\u00e1\u010dek, v\u011bci se \u010dasto ned\u011bj\u00ed podle pl\u00e1nu.<\/p>\n","protected":false},"author":2,"featured_media":324385,"comment_status":"open","ping_status":"open","sticky":false,"template":"","format":"standard","meta":{"_acf_changed":false,"_monsterinsights_skip_tracking":false,"_monsterinsights_sitenote_active":false,"_monsterinsights_sitenote_note":"","_monsterinsights_sitenote_category":0,"_EventAllDay":false,"_EventTimezone":"","_EventStartDate":"","_EventEndDate":"","_EventStartDateUTC":"","_EventEndDateUTC":"","_EventShowMap":false,"_EventShowMapLink":false,"_EventURL":"","_EventCost":"","_EventCostDescription":"","_EventCurrencySymbol":"","_EventCurrencyCode":"","_EventCurrencyPosition":"","_EventDateTimeSeparator":"","_EventTimeRangeSeparator":"","_EventOrganizerID":[],"_EventVenueID":[],"_OrganizerEmail":"","_OrganizerPhone":"","_OrganizerWebsite":"","_VenueAddress":"","_VenueCity":"","_VenueCountry":"","_VenueProvince":"","_VenueState":"","_VenueZip":"","_VenuePhone":"","_VenueURL":"","_VenueStateProvince":"","_VenueLat":"","_VenueLng":"","_VenueShowMap":false,"_VenueShowMapLink":false,"twitterCardType":"","cardImageID":0,"cardImage":"","cardTitle":"","cardDesc":"","cardImageAlt":"","cardPlayer":"","cardPlayerWidth":0,"cardPlayerHeight":0,"cardPlayerStream":"","cardPlayerCodec":"","footnotes":""},"categories":[7],"tags":[21832],"class_list":["post-324384","post","type-post","status-publish","format-standard","has-post-thumbnail","hentry","category-recenze","tag-literarni-kavarna"],"acf":{"related_products":null},"_links":{"self":[{"href":"https:\/\/www.luxor.cz\/blog\/wp-json\/wp\/v2\/posts\/324384","targetHints":{"allow":["GET"]}}],"collection":[{"href":"https:\/\/www.luxor.cz\/blog\/wp-json\/wp\/v2\/posts"}],"about":[{"href":"https:\/\/www.luxor.cz\/blog\/wp-json\/wp\/v2\/types\/post"}],"author":[{"embeddable":true,"href":"https:\/\/www.luxor.cz\/blog\/wp-json\/wp\/v2\/users\/2"}],"replies":[{"embeddable":true,"href":"https:\/\/www.luxor.cz\/blog\/wp-json\/wp\/v2\/comments?post=324384"}],"version-history":[{"count":0,"href":"https:\/\/www.luxor.cz\/blog\/wp-json\/wp\/v2\/posts\/324384\/revisions"}],"wp:featuredmedia":[{"embeddable":true,"href":"https:\/\/www.luxor.cz\/blog\/wp-json\/wp\/v2\/media\/324385"}],"wp:attachment":[{"href":"https:\/\/www.luxor.cz\/blog\/wp-json\/wp\/v2\/media?parent=324384"}],"wp:term":[{"taxonomy":"category","embeddable":true,"href":"https:\/\/www.luxor.cz\/blog\/wp-json\/wp\/v2\/categories?post=324384"},{"taxonomy":"post_tag","embeddable":true,"href":"https:\/\/www.luxor.cz\/blog\/wp-json\/wp\/v2\/tags?post=324384"}],"curies":[{"name":"wp","href":"https:\/\/api.w.org\/{rel}","templated":true}]}}