{"id":324382,"date":"2025-03-05T10:00:05","date_gmt":"2025-03-05T09:00:05","guid":{"rendered":"https:\/\/www.luxor.cz\/blog\/nezarazene\/64261-nikdo-tu-nenecha-druheho-ve-stychu\/"},"modified":"2025-03-05T10:00:05","modified_gmt":"2025-03-05T09:00:05","slug":"64261-nikdo-tu-nenecha-druheho-ve-stychu","status":"publish","type":"post","link":"https:\/\/www.luxor.cz\/blog\/recenze\/64261-nikdo-tu-nenecha-druheho-ve-stychu\/","title":{"rendered":"Nikdo tu nenech\u00e1 druh\u00e9ho ve \u0161tychu"},"content":{"rendered":"<div>\n<p class=\"Textbody\">Hlavn\u00ed d\u011bji\u0161t\u011b p\u0159\u00edb\u011bhu je kr\u00e1mek, kter\u00fd provozuje Marta Hallerov\u00e1. Marta je siln\u00e1 a odhodlan\u00e1 \u017eena, kter\u00e1 vychov\u00e1v\u00e1 sv\u00e9 t\u0159i dcery sama, proto\u017ee jej\u00ed man\u017eel padl ve v\u00e1lce. Nejstar\u0161\u00ed dcera Herta je matce oddan\u00e1 a pom\u00e1h\u00e1 j\u00ed v kr\u00e1mku stejn\u011b jako jej\u00ed dv\u011b mlad\u0161\u00ed sestry. Prost\u0159edn\u00ed dcera Frieda je velice kr\u00e1sn\u00e1, pln\u00e1 energie a talentov\u011b nadan\u00e1. Jej\u00edm snem je st\u00e1t se here\u010dkou, co\u017e se matce nel\u00edb\u00ed. Nejmlad\u0161\u00ed dcera Ida je velice chytr\u00e1 a m\u00e1 na to studovat na st\u0159edn\u00ed a pot\u00e9 vysok\u00e9 \u0161kole. Bohu\u017eel, v Dingelbachu je pohroma, kdy\u017e cht\u011bj\u00ed d\u011bv\u010data d\u00e1l studovat, proto\u017ee je p\u0159eci jasn\u00e9, \u017ee se d\u00edvky maj\u00ed provdat za sedl\u00e1ka a pracovat na statku.<\/p>\n<\/div>\n<div>\n<p class=\"Textbody\">Zpo\u010d\u00e1tku jsem m\u011bla co d\u011blat, abych se zorientovala v mnoha jm\u00e9nech, proto\u017ee v t\u00e9to knize nen\u00ed \u00fapln\u011b jedna hlavn\u00ed postava. D\u011bn\u00ed se nejv\u00edce odehr\u00e1v\u00e1 v kr\u00e1mku, kde se lid\u00e9 sch\u00e1zej\u00ed, aby se dozv\u011bd\u011bli nov\u00e9 drby a sd\u00edleli sv\u00e9 radosti i starosti. Kr\u00e1mek je takov\u00fdm centrem vesnick\u00e9ho \u017eivota, kde se prol\u00ednaj\u00ed osudy v\u0161ech postav.<\/p>\n<\/div>\n<div>\n<p class=\"Textbody\">P\u0159\u00edb\u011bh se to\u010d\u00ed tak\u00e9 kolem mlad\u00e9ho u\u010ditele Hohnermanna, kter\u00fd skr\u00fdv\u00e1 city k Fried\u011b, a selky Helgy, kter\u00e1 nen\u00ed \u0161\u0165astn\u00e1 v man\u017eelstv\u00ed s Ottou Sch\u00fctzem. Dal\u0161\u00ed v\u00fdznamnou postavou je majitelka tov\u00e1rny Ilsa K\u00fcpperov\u00e1, kter\u00e1 se sna\u017e\u00ed po v\u00e1lce d\u00e1t tov\u00e1rnu do po\u0159\u00e1dku, aby o ni nep\u0159i\u0161la a neupadla do konkursu. Krom\u011b t\u011bchto postav se v knize objevuje mnoho dal\u0161\u00edch d\u016fle\u017eit\u00fdch postav, kter\u00e9 tvo\u0159\u00ed d\u011bj knihy a p\u0159in\u00e1\u0161ej\u00ed do p\u0159\u00edb\u011bhu dal\u0161\u00ed vrstvy a z\u00e1pletky.<\/p>\n<\/div>\n<div>\n<p class=\"Textbody\">Anne Jacobsov\u00e1 mistrn\u011b vykresluje atmosf\u00e9ru vesnick\u00e9ho \u017eivota a vztahy mezi postavami. V Dingelbachu si lid\u00e9 pom\u00e1haj\u00ed v dobr\u00e9m i zl\u00e9m, a\u0165 u\u017e jde o rodinn\u00e9 probl\u00e9my, nebo o spole\u010densk\u00e9 ud\u00e1losti.<\/p>\n<\/div>\n<div>\n<p class=\"Textbody\">P\u0159\u00edb\u011bh Kr\u00e1mek na vsi je pln\u00fd emoc\u00ed a nap\u011bt\u00ed. Marta Hallerov\u00e1 se sna\u017e\u00ed udr\u017eet rodinu pohromad\u011b a z\u00e1rove\u0148 \u010delit v\u00fdzv\u00e1m, kter\u00e9 p\u0159in\u00e1\u0161\u00ed v\u00fdchova t\u0159\u00ed dcer v t\u011b\u017ek\u00fdch podm\u00ednk\u00e1ch. Herta, Frieda a Ida maj\u00ed ka\u017ed\u00e1 sv\u00e9 sny a touhy, kter\u00e9 se \u010dasto st\u0159et\u00e1vaj\u00ed s realitou vesnick\u00e9ho \u017eivota. Kniha n\u00e1m ukazuje, jak t\u011b\u017ek\u00e9 m\u016f\u017ee b\u00fdt prosadit sv\u00e9 sny a ambice v prost\u0159ed\u00ed, kde se ct\u00ed tradice a o\u010dek\u00e1v\u00e1n\u00ed.<\/p>\n<\/div>\n<div>\n<p class=\"Textbody\">Autorka m\u00e1 k tomuto p\u0159\u00edb\u011bhu citov\u00e9 pouto, proto\u017ee vypr\u00e1v\u00ed p\u0159\u00edb\u011bh sv\u00e9 vlastn\u00ed matky, kterou zn\u00e1zor\u0148uje v tomto p\u0159\u00edb\u011bhu postava Friedy. Friediny dal\u0161\u00ed osudy se dozv\u00edme v dal\u0161\u00edch svazc\u00edch, kter\u00e9 autorka slibuje.<\/p>\n<\/div>\n<div>\n<p class=\"Textbody\">Kr\u00e1mek na vsi je poutav\u00fd a dojemn\u00fd rom\u00e1n, kter\u00fd \u010dten\u00e1\u0159e nut\u00ed k zamy\u0161len\u00ed nad silou rodinn\u00fdch vazeb a odhodl\u00e1n\u00edm \u010delit \u017eivotn\u00edm v\u00fdzv\u00e1m. Anne Jacobsov\u00e1 n\u00e1m p\u0159in\u00e1\u0161\u00ed p\u0159\u00edb\u011bh, kter\u00fd je nejen o l\u00e1sce a ztr\u00e1t\u011b, ale tak\u00e9 o odvaze a s\u00edle j\u00edt za sv\u00fdmi sny. Pokud hled\u00e1te knihu, kter\u00e1 v\u00e1s vt\u00e1hne do d\u011bje a p\u0159im\u011bje v\u00e1s p\u0159em\u00fd\u0161let o \u017eivot\u011b a vztaz\u00edch, Kr\u00e1mek na vsi je tou spr\u00e1vnou volbou.<\/p>\n<p class=\"Textbody\">\u00a0<\/p>\n<p class=\"Textbody\">\u00a0<\/p>\n<\/div>\n<div>\n<p class=\"Standard\">Simona Krchov\u00e1<\/p>\n<\/div>\n<p>Autor:\u00a0Simona Krchov\u00e1<\/p>\n","protected":false},"excerpt":{"rendered":"<p>Anne Jacobsov\u00e1 n\u00e1s ve sv\u00e9m rom\u00e1nu Kr\u00e1mek na vsi zav\u00e1d\u00ed do malebn\u00e9 n\u011bmeck\u00e9 vesnice Dingelbach, kde se odehr\u00e1v\u00e1 p\u0159\u00edb\u011bh pln\u00fd emoc\u00ed, rodinn\u00fdch vztah\u016f a spole\u010densk\u00fdch tradic.\u00a0<\/p>\n","protected":false},"author":2,"featured_media":324383,"comment_status":"open","ping_status":"open","sticky":false,"template":"","format":"standard","meta":{"_acf_changed":false,"_monsterinsights_skip_tracking":false,"_monsterinsights_sitenote_active":false,"_monsterinsights_sitenote_note":"","_monsterinsights_sitenote_category":0,"_EventAllDay":false,"_EventTimezone":"","_EventStartDate":"","_EventEndDate":"","_EventStartDateUTC":"","_EventEndDateUTC":"","_EventShowMap":false,"_EventShowMapLink":false,"_EventURL":"","_EventCost":"","_EventCostDescription":"","_EventCurrencySymbol":"","_EventCurrencyCode":"","_EventCurrencyPosition":"","_EventDateTimeSeparator":"","_EventTimeRangeSeparator":"","_EventOrganizerID":[],"_EventVenueID":[],"_OrganizerEmail":"","_OrganizerPhone":"","_OrganizerWebsite":"","_VenueAddress":"","_VenueCity":"","_VenueCountry":"","_VenueProvince":"","_VenueState":"","_VenueZip":"","_VenuePhone":"","_VenueURL":"","_VenueStateProvince":"","_VenueLat":"","_VenueLng":"","_VenueShowMap":false,"_VenueShowMapLink":false,"twitterCardType":"","cardImageID":0,"cardImage":"","cardTitle":"","cardDesc":"","cardImageAlt":"","cardPlayer":"","cardPlayerWidth":0,"cardPlayerHeight":0,"cardPlayerStream":"","cardPlayerCodec":"","footnotes":""},"categories":[7],"tags":[21832],"class_list":["post-324382","post","type-post","status-publish","format-standard","has-post-thumbnail","hentry","category-recenze","tag-literarni-kavarna"],"acf":{"related_products":null},"_links":{"self":[{"href":"https:\/\/www.luxor.cz\/blog\/wp-json\/wp\/v2\/posts\/324382","targetHints":{"allow":["GET"]}}],"collection":[{"href":"https:\/\/www.luxor.cz\/blog\/wp-json\/wp\/v2\/posts"}],"about":[{"href":"https:\/\/www.luxor.cz\/blog\/wp-json\/wp\/v2\/types\/post"}],"author":[{"embeddable":true,"href":"https:\/\/www.luxor.cz\/blog\/wp-json\/wp\/v2\/users\/2"}],"replies":[{"embeddable":true,"href":"https:\/\/www.luxor.cz\/blog\/wp-json\/wp\/v2\/comments?post=324382"}],"version-history":[{"count":0,"href":"https:\/\/www.luxor.cz\/blog\/wp-json\/wp\/v2\/posts\/324382\/revisions"}],"wp:featuredmedia":[{"embeddable":true,"href":"https:\/\/www.luxor.cz\/blog\/wp-json\/wp\/v2\/media\/324383"}],"wp:attachment":[{"href":"https:\/\/www.luxor.cz\/blog\/wp-json\/wp\/v2\/media?parent=324382"}],"wp:term":[{"taxonomy":"category","embeddable":true,"href":"https:\/\/www.luxor.cz\/blog\/wp-json\/wp\/v2\/categories?post=324382"},{"taxonomy":"post_tag","embeddable":true,"href":"https:\/\/www.luxor.cz\/blog\/wp-json\/wp\/v2\/tags?post=324382"}],"curies":[{"name":"wp","href":"https:\/\/api.w.org\/{rel}","templated":true}]}}