{"id":324380,"date":"2025-03-07T10:00:44","date_gmt":"2025-03-07T09:00:44","guid":{"rendered":"https:\/\/www.luxor.cz\/blog\/nezarazene\/64262-intriky-zla-znameni-a-carodejnictvi\/"},"modified":"2025-03-07T10:00:44","modified_gmt":"2025-03-07T09:00:44","slug":"64262-intriky-zla-znameni-a-carodejnictvi","status":"publish","type":"post","link":"https:\/\/www.luxor.cz\/blog\/recenze\/64262-intriky-zla-znameni-a-carodejnictvi\/","title":{"rendered":"Intriky, zl\u00e1 znamen\u00ed a \u010darod\u011bjnictv\u00ed"},"content":{"rendered":"<p style=\"font-weight: 400;\">Margareta je dvorn\u00ed d\u00e1ma d\u00e1nsk\u00e9 princezny Anny, kter\u00e1 se m\u00e1 provdat za skotsk\u00e9ho kr\u00e1le Jakuba VI. Otce ani matku nem\u00e1. Odkojena byla ciz\u00ed \u017eenou a d\u00edky vzd\u00e1len\u00e9mu p\u0159\u00edbuzensk\u00e9mu vztahu m\u011bla to \u0161t\u011bst\u00ed, \u017ee se ocitla u kr\u00e1lovsk\u00e9ho dvora. Jej\u00ed \u201cml\u00e9\u010dn\u00e1\u201d sestra Ilsa v\u0161ak \u017eije v chudob\u011b a protlouk\u00e1 se \u017eivotem rozhodn\u011b drsn\u011bji. Margareta, dote\u010f velmi d\u016fv\u011b\u0159iv\u00e1 a naivn\u00ed d\u00edvka, mus\u00ed vystoupit ze sv\u00e9 komfortn\u00ed z\u00f3ny, doprov\u00e1zet princeznu na nebezpe\u010dn\u00e9 cest\u011b za jej\u00edm mu\u017eem a st\u00e1t se kr\u00e1lovninou inform\u00e1torkou.<\/p>\n<p style=\"font-weight: 400;\">Geillis je oby\u010dejn\u00e1 slu\u017eebn\u00e1 v dom\u011b bohat\u00e9 rodiny ve Skotsku. Ve sv\u00e9m volnu se v\u0161ak u\u010d\u00ed o tajemstv\u00ed a s\u00edle bylinek a tak\u00e9 jak se st\u00e1t porodn\u00ed b\u00e1bou. \u010cist\u00e1 du\u0161e, kter\u00e1 je donucena se p\u0159idat ke skupin\u011b osob pracuj\u00edc\u00edch pro mocn\u00e9ho hrab\u011bte Bothwella, jen\u017e ze v\u0161eho nejv\u00edc tou\u017e\u00ed po moci. Tito lid\u00e9 maj\u00ed na sv\u011bdom\u00ed nejen intriky a spiknut\u00ed, ale i krveprolit\u00ed.<\/p>\n<p style=\"font-weight: 400;\"><strong><em>\u201cV\u017edy\u0165 jsou to jen slova, \u0159\u00edkala si. Jen\u017ee slova jsou my\u0161lenky, pl\u00e1ny, vzpom\u00ednky a sliby. Vych\u00e1zej\u00ed z minulosti a p\u0159edpov\u00eddaj\u00ed budoucnost. Nic nen\u00ed nebezpe\u010dn\u011bj\u0161\u00edho.\u201d <\/em><\/strong><\/p>\n<p style=\"font-weight: 400;\">Cesty Geillis a Margarety se protnou d\u00edky chladnokrevn\u00e9 Illis, kter\u00e1 m\u00e1 jasn\u00fd pl\u00e1n\u2026 \u010ceho se mus\u00ed ob\u011b \u017eeny \u00fa\u010dastnit, \u010deho budou sv\u011bdky a jak\u00fd osud v t\u00e9 dob\u011b postihne stovky \u017een?<\/p>\n<p style=\"font-weight: 400;\">\u010e\u00e1bel p\u0159eb\u00edr\u00e1 nadvl\u00e1du nad Skotskem a \u010darod\u011bjnick\u00e9 procesy jsou v\u0161udyp\u0159\u00edtomn\u00e9. Sta\u010d\u00ed se jen n\u011bkomu trochu znel\u00edbit a va\u0161e kroky povedou na hranici\u2026<\/p>\n<p style=\"font-weight: 400;\"><strong><em>\u201cS \u017eenami je to jinak. Jakmile n\u011bkdo zm\u00edn\u00ed \u010d\u00e1ry a kouzla, hned cel\u00fd sv\u011bt ze\u0161\u00edl\u00ed. Z oby\u010dejn\u00fdch lid\u00ed se stane krvela\u010dn\u00e1 l\u016fza.\u201d <\/em><\/strong><\/p>\n<p style=\"font-weight: 400;\">Ze za\u010d\u00e1tku je t\u011b\u017e\u0161\u00ed se v postav\u00e1ch zorientovat. M\u011bla jsem trochu probl\u00e9m si zapamatovat kdo je Skot a kdo D\u00e1n, ale jakmile se p\u0159\u00edb\u011bh rozjede v\u0161e zapadne na sv\u00e1 m\u00edsta\u2026<\/p>\n<p style=\"font-weight: 400;\">Samoz\u0159ejm\u011b ne v\u0161echny postavy jsou v knize sympatick\u00e9. N\u011bkter\u00e9 budete vylo\u017een\u011b nen\u00e1vid\u011bt a budou ve v\u00e1s vyvol\u00e1vat odpor a siln\u00e9 opovr\u017een\u00ed. Ov\u0161em dv\u011b hlavn\u00ed \u017eeny si zamilujete a t\u011b\u017ek\u00e9 chv\u00edle s nimi budete siln\u011b pro\u017e\u00edvat. Tak\u017ee klobouk dol\u016f p\u0159ed autorkou, charaktery postav jsou opravdu skv\u011ble zpracovan\u00e9 a d\u00edky tomu z v\u00e1s dok\u00e1\u017ee dostat v\u0161echny emoce, p\u0159esn\u011b tak, jak pot\u0159ebuje.\u00a0<\/p>\n<p style=\"font-weight: 400;\">\u00a0<\/p>\n<p style=\"font-weight: 400;\">\u00a0<\/p>\n<p style=\"font-weight: 400;\">Mark\u00e9ta Posp\u00ed\u0161ilov\u00e1<\/p>\n<p>Autor:\u00a0Mark\u00e9ta Posp\u00ed\u0161ilov\u00e1<\/p>\n","protected":false},"excerpt":{"rendered":"<p>Historick\u00fd rom\u00e1n, kter\u00fd je opravdu temn\u00fd od za\u010d\u00e1tku a\u017e do konce. Ka\u017ed\u00e1 zem\u011b m\u00e1 ve sv\u00fdch d\u011bjin\u00e1ch i ukrutnou dobu zla a bolesti a nejinak tomu je i ve Skotsku. \u010carod\u011bjnick\u00e9 procesy pat\u0159\u00ed mezi nejbrut\u00e1ln\u011bj\u0161\u00ed obdob\u00ed skotsk\u00e9 historie.<\/p>\n","protected":false},"author":2,"featured_media":324381,"comment_status":"open","ping_status":"open","sticky":false,"template":"","format":"standard","meta":{"_acf_changed":false,"_monsterinsights_skip_tracking":false,"_monsterinsights_sitenote_active":false,"_monsterinsights_sitenote_note":"","_monsterinsights_sitenote_category":0,"_EventAllDay":false,"_EventTimezone":"","_EventStartDate":"","_EventEndDate":"","_EventStartDateUTC":"","_EventEndDateUTC":"","_EventShowMap":false,"_EventShowMapLink":false,"_EventURL":"","_EventCost":"","_EventCostDescription":"","_EventCurrencySymbol":"","_EventCurrencyCode":"","_EventCurrencyPosition":"","_EventDateTimeSeparator":"","_EventTimeRangeSeparator":"","_EventOrganizerID":[],"_EventVenueID":[],"_OrganizerEmail":"","_OrganizerPhone":"","_OrganizerWebsite":"","_VenueAddress":"","_VenueCity":"","_VenueCountry":"","_VenueProvince":"","_VenueState":"","_VenueZip":"","_VenuePhone":"","_VenueURL":"","_VenueStateProvince":"","_VenueLat":"","_VenueLng":"","_VenueShowMap":false,"_VenueShowMapLink":false,"twitterCardType":"","cardImageID":0,"cardImage":"","cardTitle":"","cardDesc":"","cardImageAlt":"","cardPlayer":"","cardPlayerWidth":0,"cardPlayerHeight":0,"cardPlayerStream":"","cardPlayerCodec":"","footnotes":""},"categories":[7],"tags":[21832],"class_list":["post-324380","post","type-post","status-publish","format-standard","has-post-thumbnail","hentry","category-recenze","tag-literarni-kavarna"],"acf":{"related_products":null},"_links":{"self":[{"href":"https:\/\/www.luxor.cz\/blog\/wp-json\/wp\/v2\/posts\/324380","targetHints":{"allow":["GET"]}}],"collection":[{"href":"https:\/\/www.luxor.cz\/blog\/wp-json\/wp\/v2\/posts"}],"about":[{"href":"https:\/\/www.luxor.cz\/blog\/wp-json\/wp\/v2\/types\/post"}],"author":[{"embeddable":true,"href":"https:\/\/www.luxor.cz\/blog\/wp-json\/wp\/v2\/users\/2"}],"replies":[{"embeddable":true,"href":"https:\/\/www.luxor.cz\/blog\/wp-json\/wp\/v2\/comments?post=324380"}],"version-history":[{"count":0,"href":"https:\/\/www.luxor.cz\/blog\/wp-json\/wp\/v2\/posts\/324380\/revisions"}],"wp:featuredmedia":[{"embeddable":true,"href":"https:\/\/www.luxor.cz\/blog\/wp-json\/wp\/v2\/media\/324381"}],"wp:attachment":[{"href":"https:\/\/www.luxor.cz\/blog\/wp-json\/wp\/v2\/media?parent=324380"}],"wp:term":[{"taxonomy":"category","embeddable":true,"href":"https:\/\/www.luxor.cz\/blog\/wp-json\/wp\/v2\/categories?post=324380"},{"taxonomy":"post_tag","embeddable":true,"href":"https:\/\/www.luxor.cz\/blog\/wp-json\/wp\/v2\/tags?post=324380"}],"curies":[{"name":"wp","href":"https:\/\/api.w.org\/{rel}","templated":true}]}}