{"id":324378,"date":"2025-03-09T10:00:20","date_gmt":"2025-03-09T09:00:20","guid":{"rendered":"https:\/\/www.luxor.cz\/blog\/nezarazene\/64263-ozivly-duch-se-msti\/"},"modified":"2025-03-09T10:00:20","modified_gmt":"2025-03-09T09:00:20","slug":"64263-ozivly-duch-se-msti","status":"publish","type":"post","link":"https:\/\/www.luxor.cz\/blog\/recenze\/64263-ozivly-duch-se-msti\/","title":{"rendered":"O\u017eivl\u00fd duch se mst\u00ed"},"content":{"rendered":"<p style=\"font-weight: 400;\">Julie Wolfov\u00e1 nepoch\u00e1z\u00ed zrovna z\u00a0n\u00f3bl spole\u010dnosti. Jej\u00ed otec byl oby\u010dejn\u00fdm drobn\u00fdm kov\u00e1\u0159em. O to v\u00edc ji t\u011b\u0161\u00ed, \u017ee m\u00e1 mo\u017enost b\u00fdt na sv\u00e9 narozeniny na tak v\u00fdjime\u010dn\u00e9m m\u00edst\u011b. M\u00edst\u011b, o kter\u00e9m v\u017edy snila. Jej\u00ed p\u0159en\u00e1dhern\u00e1 zelen\u00e1 r\u00f3ba je sice jen vyp\u016fj\u010den\u00e1, ale to v\u00ed jen ona sama. M\u016f\u017ee se tak t\u011b\u0161it z\u00e1vistiv\u00fdm pohled\u016fm okoln\u00edch dam.<\/p>\n<p style=\"font-weight: 400;\">P\u0159esto\u017ee se Julie s\u00a0inspektorem Leopoldem von Herzfeldtem sch\u00e1z\u00ed ji\u017e n\u011bjak\u00fd ten p\u00e1tek, st\u00e1le nem\u016f\u017ee uv\u011b\u0159it tomu, \u017ee si tak dlouhou dobu rozum\u00ed. Ka\u017ed\u00fd poch\u00e1z\u00ed z\u00a0jin\u00e9 spole\u010densk\u00e9 vrstvy. Sama je p\u0159itom ji\u017e svobodnou matkou \u010dty\u0159let\u00e9 dcerky. Ne\u010dekala n\u011bco takov\u00e9ho.<\/p>\n<p style=\"font-weight: 400;\">Jak se uk\u00e1zalo, nejednalo se o b\u011b\u017enou sch\u016fzku. M\u011bla b\u00fdt v\u00fdjime\u010dn\u00e1, stejn\u011b jako m\u00edsto. V\u0161e prob\u00edhalo podle pl\u00e1nu, ov\u0161em jen do doby, ne\u017e se p\u0159ed nimi objevil policejn\u00ed rada. A jak v\u0161ichni v\u00edme, \u017ee \u0161\u00e9fovi se odmlouvat nem\u00e1.<\/p>\n<p style=\"font-weight: 400;\">Platy v\u00a0c\u00edrkvi pr\u00fd nejsou nijak vysok\u00e9, a tak si i kosteln\u00edk tajn\u011b p\u0159ivyd\u011bl\u00e1val. Nic netu\u0161\u00edc\u00ed turisty vodil do podzemn\u00ed krypty, kde nebyla nouze a po\u0159\u00e1dnou d\u00e1vku hr\u016fzy, pokud si n\u011bkdo p\u0159iplatil. Dne\u0161n\u00ed prohl\u00eddka podzem\u00ed v\u0161ak bude jin\u00e1, ne\u017e kdokoliv o\u010dek\u00e1val. Ano, jsou tam mumifikovan\u00e1 t\u011bla a tis\u00edce lebek a kost\u00ed. Je tam zima a pr\u016fvan, tak\u017ee je dost mo\u017en\u00e9, \u017ee v\u00e1m najednou zhasne sv\u00ed\u010dka, kterou dr\u017e\u00edte v\u00a0ruce a obklop\u00ed v\u00e1s d\u011bsiv\u00e1 tma a v\u0161udy p\u0159\u00edtomn\u00fd pach smrti.<\/p>\n<p style=\"font-weight: 400;\">Lid\u00e9 by p\u0159\u00edsahali, \u017ee zde ob\u010das vid\u011bli ducha, p\u0159\u00edzrak, ale kdo v\u00ed, co to ve skute\u010dnosti bylo? Dnes je tomu ale jinak. V\u00a0rohu na n\u011b civ\u00ed skute\u010dn\u00e1 mrtvola mu\u017ee. V\u00a0obli\u010deji m\u00e1 v\u00fdraz p\u0159edsmrtn\u00e9 hr\u016fzy, jako kdyby vid\u011bl ducha. Probl\u00e9m je, \u017ee na n\u011bco takov\u00e9ho on s\u00e1m nikdy nev\u011b\u0159il. A jak se tam v\u016fbec dostal?<\/p>\n<p style=\"font-weight: 400;\">Policejn\u00ed rada proto povol\u00e1 toho nejlep\u0161\u00edho. Inspektora, kter\u00e9mu v\u011b\u0159\u00ed natolik, \u017ee mu prozrad\u00ed, \u017ee je s\u00e1m tak\u00e9 \u017did, stejn\u011b jako byla ob\u011b\u0165. Nem\u011bl by se to tak nikdo dozv\u011bd\u011bt, aby z\u00a0toho tisk a lid\u00e9 zase neud\u011blali n\u011bco jin\u00e9ho, ne\u017e by to mohlo b\u00fdt. Ostatn\u011b, mus\u00ed mu vyj\u00edt vst\u0159\u00edc, v\u017edy\u0165 Lea na\u010dapal na rande s\u00a0kolegyn\u00ed z\u00a0pr\u00e1ce, a to je p\u0159\u00edsn\u011b zak\u00e1z\u00e1no. I tak je mnoha lidem u\u017e proti srsti, \u017ee u nich na odd\u011blen\u00ed pracuje \u017eena.<\/p>\n<p style=\"font-weight: 400;\">Leovi nezb\u00fdv\u00e1 nic jin\u00e9ho, ne\u017e se op\u011bt obr\u00e1tit s\u00a0prosbou o radu ke zn\u00e1m\u00e9mu hrobn\u00edkovi Augustinu Rothmeyerovi. Augustinova schovanka Anna m\u00e1 v\u0161ak tak\u00e9 sv\u00e1 tajemstv\u00ed. Minim\u00e1ln\u011b o jednom by se Augustin nem\u011bl nikdy dozv\u011bd\u011bt.<\/p>\n<p style=\"font-weight: 400;\">V\u00edde\u0148 roku 1895 je pln\u00e1 ko\u010d\u00e1r\u016f, p\u00e1n\u016f v\u00a0obleku nebo ve fraku s\u00a0cylindrem a \u017een v\u00a0kr\u00e1sn\u00fdch r\u00f3b\u00e1ch, slu\u017eebn\u00fdch, chudoby, v\u00edry, antisemitismu i mu\u017esk\u00e9ho ega.<\/p>\n<p style=\"font-weight: 400;\">Oliver P\u00f6tzsch, autor knihy Hrobn\u00edk a vra\u017eda v\u00a0krypt\u011b (krimin\u00e1ln\u00ed p\u0159\u00edb\u011bh ze star\u00e9 V\u00eddn\u011b), um\u00ed naprosto excelentn\u011b do d\u011bj\u016f sv\u00fdch p\u0159\u00edb\u011bh\u016f zapracovat historick\u00e1 fakta. Jako kdyby p\u0159i psan\u00ed skute\u010dn\u011b danou dobou \u017eil a vn\u00edmal jej\u00ed celistvost. V\u0161\u00edm\u00e1 si detail\u016f i rozd\u00edl\u016f. Postavy maj\u00ed nejen svou pracovn\u00ed linii, ale d\u00e1l postupuje i jejich osobn\u00ed \u017eivot. V\u00a0m\u017eiku se tak p\u0159enesete do doby minul\u00e9, kterou u\u017e zn\u00e1me jen z\u00a0film\u016f, knih a vypr\u00e1v\u011bn\u00ed. P\u0159esto\u017ee je nov\u00fd titul dal\u0161\u00ed knihou v\u00a0s\u00e9rii, d\u00e1 se \u010d\u00edst i samostatn\u011b. Bylo by v\u0161ak \u0161koda se ochudit o dva p\u0159ede\u0161l\u00e9 d\u00edly, kter\u00fdmi jsou Hrobn\u00edk a kniha Hrobn\u00edk a d\u00edvka. D\u00edky p\u0159ede\u0161l\u00fdm knih\u00e1m m\u00e1te mo\u017enost vid\u011bt v\u00fdvoj postav od jejich za\u010d\u00e1tku. Autor s\u00e1m se proslavil ji\u017e knihami ze s\u00e9rie Katova dcera, kter\u00e9 se staly bestsellerem a byly p\u0159elo\u017eeny do dvaceti r\u016fzn\u00fdch jazyk\u016f.<\/p>\n<p style=\"font-weight: 400;\">Pokud m\u00e1te r\u00e1di nap\u011bt\u00ed, nep\u0159edv\u00eddateln\u00e9 zvraty, tajemno nebo historii, pak z\u00a0knihy ur\u010dit\u011b budete nad\u0161en\u00ed.<\/p>\n<p style=\"font-weight: 400;\">\u00a0<\/p>\n<p style=\"font-weight: 400;\">\u00a0<\/p>\n<p style=\"font-weight: 400;\">Eva Mare\u0161ov\u00e1<\/p>\n<p>Autor:\u00a0Eva Mare\u0161ov\u00e1<\/p>\n","protected":false},"excerpt":{"rendered":"<p>Duchov\u00e9 tu jsou s\u00a0n\u00e1mi z\u0159ejm\u011b tak dlouho, jako lidstvo samo. Paranorm\u00e1ln\u00ed jevy, kter\u00fdch se velk\u00e1 \u010d\u00e1st populace boj\u00ed, ale dal\u0161\u00ed \u010d\u00e1st lid\u00ed fascinuje a vyhled\u00e1vaj\u00ed je. Hrobn\u00edk nen\u00ed ve sv\u00e9 pr\u00e1ci nov\u00e1\u010dkem, ale a\u017e do t\u00e9to chv\u00edle nic takov\u00e9ho s\u00e1m neza\u017eil.<\/p>\n","protected":false},"author":2,"featured_media":324379,"comment_status":"open","ping_status":"open","sticky":false,"template":"","format":"standard","meta":{"_acf_changed":false,"_monsterinsights_skip_tracking":false,"_monsterinsights_sitenote_active":false,"_monsterinsights_sitenote_note":"","_monsterinsights_sitenote_category":0,"_EventAllDay":false,"_EventTimezone":"","_EventStartDate":"","_EventEndDate":"","_EventStartDateUTC":"","_EventEndDateUTC":"","_EventShowMap":false,"_EventShowMapLink":false,"_EventURL":"","_EventCost":"","_EventCostDescription":"","_EventCurrencySymbol":"","_EventCurrencyCode":"","_EventCurrencyPosition":"","_EventDateTimeSeparator":"","_EventTimeRangeSeparator":"","_EventOrganizerID":[],"_EventVenueID":[],"_OrganizerEmail":"","_OrganizerPhone":"","_OrganizerWebsite":"","_VenueAddress":"","_VenueCity":"","_VenueCountry":"","_VenueProvince":"","_VenueState":"","_VenueZip":"","_VenuePhone":"","_VenueURL":"","_VenueStateProvince":"","_VenueLat":"","_VenueLng":"","_VenueShowMap":false,"_VenueShowMapLink":false,"twitterCardType":"","cardImageID":0,"cardImage":"","cardTitle":"","cardDesc":"","cardImageAlt":"","cardPlayer":"","cardPlayerWidth":0,"cardPlayerHeight":0,"cardPlayerStream":"","cardPlayerCodec":"","footnotes":""},"categories":[7],"tags":[21832],"class_list":["post-324378","post","type-post","status-publish","format-standard","has-post-thumbnail","hentry","category-recenze","tag-literarni-kavarna"],"acf":{"related_products":null},"_links":{"self":[{"href":"https:\/\/www.luxor.cz\/blog\/wp-json\/wp\/v2\/posts\/324378","targetHints":{"allow":["GET"]}}],"collection":[{"href":"https:\/\/www.luxor.cz\/blog\/wp-json\/wp\/v2\/posts"}],"about":[{"href":"https:\/\/www.luxor.cz\/blog\/wp-json\/wp\/v2\/types\/post"}],"author":[{"embeddable":true,"href":"https:\/\/www.luxor.cz\/blog\/wp-json\/wp\/v2\/users\/2"}],"replies":[{"embeddable":true,"href":"https:\/\/www.luxor.cz\/blog\/wp-json\/wp\/v2\/comments?post=324378"}],"version-history":[{"count":0,"href":"https:\/\/www.luxor.cz\/blog\/wp-json\/wp\/v2\/posts\/324378\/revisions"}],"wp:featuredmedia":[{"embeddable":true,"href":"https:\/\/www.luxor.cz\/blog\/wp-json\/wp\/v2\/media\/324379"}],"wp:attachment":[{"href":"https:\/\/www.luxor.cz\/blog\/wp-json\/wp\/v2\/media?parent=324378"}],"wp:term":[{"taxonomy":"category","embeddable":true,"href":"https:\/\/www.luxor.cz\/blog\/wp-json\/wp\/v2\/categories?post=324378"},{"taxonomy":"post_tag","embeddable":true,"href":"https:\/\/www.luxor.cz\/blog\/wp-json\/wp\/v2\/tags?post=324378"}],"curies":[{"name":"wp","href":"https:\/\/api.w.org\/{rel}","templated":true}]}}