{"id":324376,"date":"2025-03-11T10:00:35","date_gmt":"2025-03-11T09:00:35","guid":{"rendered":"https:\/\/www.luxor.cz\/blog\/nezarazene\/64264-s-nepritelem-po-boku\/"},"modified":"2025-03-11T10:00:35","modified_gmt":"2025-03-11T09:00:35","slug":"64264-s-nepritelem-po-boku","status":"publish","type":"post","link":"https:\/\/www.luxor.cz\/blog\/recenze\/64264-s-nepritelem-po-boku\/","title":{"rendered":"S nep\u0159\u00edtelem po boku"},"content":{"rendered":"<p style=\"font-weight: 400;\">\u017divot se s\u00a0Misery Larkovou do t\u00e9to chv\u00edle v\u016fbec nemazlil. U\u017e jako malou j\u00ed poslali coby z\u00e1stavu do sv\u011bta lid\u00ed. O sv\u016fj \u017eivot se musela nau\u010dit z\u00e1hy sama bojovat. Co jin\u00e9ho j\u00ed tak\u00e9 zb\u00fdvalo?<\/p>\n<p style=\"font-weight: 400;\">M\u011bla to b\u00fdt pocta. \u00dakol, kter\u00fd j\u00ed sv\u011b\u0159ili, aby t\u00edm zajistila bezpe\u010d\u00ed sv\u00e9mu up\u00edrsk\u00e9mu lidu. Nemohla tu\u0161it, \u017ee to nen\u00ed naposledy.<\/p>\n<p style=\"font-weight: 400;\">Ve sv\u011bt\u011b, kde se o svou moc a bezpe\u010d\u00ed d\u011bl\u00ed lid\u00e9, vlkodlaci a up\u00ed\u0159i, jsou v\u017edy hranice tenk\u00e9. Jedni se boj\u00ed druh\u00fdch a druh\u00fdm se p\u0159\u00edmo hnus\u00ed ti dal\u0161\u00ed. Nastavit rovnov\u00e1hu mezi t\u0159emi rozd\u00edln\u00fdmi sv\u011bty nem\u016f\u017ee b\u00fdt nikdy snadn\u00e9. Zejm\u00e9na tehdy, kdy\u017e se k\u00a0moci dostanou ty nespr\u00e1vn\u00e9 bytosti.<\/p>\n<p style=\"font-weight: 400;\">I p\u0159es svou odli\u0161nost, se Misery poda\u0159ilo naj\u00edt si jednoho \u010dlov\u011bka, ke kter\u00e9mu m\u011bla vcelku bl\u00edzko. Jako mal\u00e1 se sezn\u00e1mila se Serenou. D\u00edvkou, kter\u00e1 m\u011bla b\u00fdt jej\u00ed souputnic\u00ed, aby u\u017e nep\u016fsobila tolik pot\u00ed\u017e\u00ed. Jak moc hlubok\u00e9 mohou b\u00fdt city up\u00edra? M\u00e1 v\u016fbec n\u011bjak\u00e9, nebo v\u017edy mysl\u00ed jen na vlastn\u00ed prosp\u011bch?<\/p>\n<p style=\"font-weight: 400;\">Misery to nev\u011bd\u011bla. Nev\u011bd\u011bla to a\u017e do t\u00e9 doby, ne\u017e se j\u00ed jednoho dne Serena p\u0159estala oz\u00fdvat. Je st\u00e1le na\u017eivu? V\u00a0byt\u011b po n\u00ed z\u016fstal jen kocour. Kocour, kter\u00fd Misery z\u00a0podstaty sv\u00e9 du\u0161e nen\u00e1vid\u00ed a nejrad\u011bji by ji zmrza\u010dil.<\/p>\n<p style=\"font-weight: 400;\">Misery nem\u011bla mo\u017enost d\u00e1l svou kamar\u00e1dku hledat. V\u00a0t\u00e9m\u011b\u0159 stejnou dobu si jej\u00ed p\u0159\u00edtomnost toti\u017e vy\u017e\u00e1dal ten nejvy\u0161\u0161\u00ed, p\u0159edseda Rady up\u00edr\u016f. No, a bohu\u017eel tak\u00e9 jej\u00ed \u201emiluj\u00edc\u00ed\u201c otec. \u0160koda, \u017e\u00edt anonymn\u011b ve sv\u011bt\u011b lid\u00ed nebylo zase tak \u0161patn\u00e9. Alespo\u0148 v\u011bd\u011bla, na \u010dem je.<\/p>\n<p style=\"font-weight: 400;\">Od sv\u00e9ho otce by \u010dekala cokoliv, ale ne svatbu. Ne napl\u00e1nov\u00e1n\u00ed svatby s\u00a0\u00fahlavn\u00edm nep\u0159\u00edtelem. Pro\u010d by se m\u011bla znovu ob\u011btovat? M\u00e1te pravdu, pokud se domn\u00edv\u00e1te, \u017ee se jej\u00edm man\u017eelem nem\u00e1 st\u00e1t nikdo jin\u00fd ne\u017e \u010dlen vlkodla\u010d\u00ed sme\u010dky.<\/p>\n<p style=\"font-weight: 400;\">Moc mo\u017enost\u00ed Misery nezb\u00fdv\u00e1. Nikdo netu\u0161\u00ed, zda je mo\u017en\u00e9 takov\u00e9 man\u017eelstv\u00ed v\u016fbec p\u0159e\u017e\u00edt. Nikdo netu\u0161\u00ed, zda se skute\u010dn\u011b poda\u0159\u00ed d\u00edky s\u0148atku sjednat k\u0159ehk\u00e9 p\u0159\u00edm\u011b\u0159\u00ed mezi vlkodlaky, up\u00edry a lidmi.<\/p>\n<p style=\"font-weight: 400;\">Ali Hazelwood napsala besteller Nev\u011bsta s\u00a0jasn\u011b dan\u00fdm c\u00edlem. Nav\u00e1zat na up\u00ed\u0159\u00ed s\u00e1gu, kter\u00e1 je mezi lidmi st\u00e1le hodn\u011b obl\u00edben\u00e1. Vlkodla\u010d\u00ed alfa je v\u0161ak mnohem v\u00edc. Perfektn\u011b propracovan\u00fd charakter postavy, kter\u00fd v\u00e1s bude doh\u00e1n\u011bt k\u00a0\u0161\u00edlenstv\u00ed. Nem\u016f\u017eete si b\u00fdt ni\u010d\u00edm jisti, ale nap\u011bt\u00ed stoup\u00e1 do takov\u00fdch v\u00fd\u0161in, \u017ee se st\u00e1v\u00e1 jen t\u011b\u017eko zvladateln\u00fdm.<\/p>\n<p style=\"font-weight: 400;\">Dynamick\u00fd d\u011bj, charaktery postav, kter\u00e9 se b\u011bhem p\u0159\u00edb\u011bhu p\u0159irozen\u011b vyv\u00edj\u00ed, z\u00e1ke\u0159n\u00e9 intriky, sexu\u00e1ln\u00ed nap\u011bt\u00ed, vzru\u0161uj\u00edc\u00ed sc\u00e9ny, touha, v\u00e1\u0161e\u0148, emoce a zvraty, kter\u00e9 rozhodn\u011b ne\u010dek\u00e1te, to v\u0161e \u010dten\u00e1\u0159e zcela pohlt\u00ed.<\/p>\n<p style=\"font-weight: 400;\">Ali Hazelwood p\u0159esn\u011b v\u00ed, na kterou strunu lidsk\u00e9 mysli zahr\u00e1t. Ostatn\u011b to je jeden z\u00a0d\u016fvod\u016f, pro\u010d jsou jej\u00ed knihy u \u010dten\u00e1\u0159\u016f tak obl\u00edben\u00e9. M\u016f\u017eeme si\u00a0p\u0159ipomenout knihy Teorie l\u00e1sky, \u0160ach a mat nebo Hlava pln\u00e1 l\u00e1sky.<\/p>\n<p style=\"font-weight: 400;\">\u00a0<\/p>\n<p style=\"font-weight: 400;\">\u00a0<\/p>\n<p style=\"font-weight: 400;\">Eva Mare\u0161ov\u00e1<\/p>\n<p>Autor:\u00a0Eva Mare\u0161ov\u00e1<\/p>\n","protected":false},"excerpt":{"rendered":"<p>Uznejte sami, kter\u00fd norm\u00e1ln\u00ed miluj\u00edc\u00ed rodi\u010d pojmenuje svou jedinou dceru Misery? Bylo by to smutn\u00e9 u\u017e samo o sob\u011b, kdyby v\u0161ak Misery nebyla nejen relativn\u011b zap\u0161kl\u00e1 a nejist\u00e1 osoba, ale hlavn\u011b up\u00edrka. Co hor\u0161\u00edho by se j\u00ed je\u0161t\u011b mohlo st\u00e1t?<\/p>\n","protected":false},"author":2,"featured_media":324377,"comment_status":"open","ping_status":"open","sticky":false,"template":"","format":"standard","meta":{"_acf_changed":false,"_monsterinsights_skip_tracking":false,"_monsterinsights_sitenote_active":false,"_monsterinsights_sitenote_note":"","_monsterinsights_sitenote_category":0,"_EventAllDay":false,"_EventTimezone":"","_EventStartDate":"","_EventEndDate":"","_EventStartDateUTC":"","_EventEndDateUTC":"","_EventShowMap":false,"_EventShowMapLink":false,"_EventURL":"","_EventCost":"","_EventCostDescription":"","_EventCurrencySymbol":"","_EventCurrencyCode":"","_EventCurrencyPosition":"","_EventDateTimeSeparator":"","_EventTimeRangeSeparator":"","_EventOrganizerID":[],"_EventVenueID":[],"_OrganizerEmail":"","_OrganizerPhone":"","_OrganizerWebsite":"","_VenueAddress":"","_VenueCity":"","_VenueCountry":"","_VenueProvince":"","_VenueState":"","_VenueZip":"","_VenuePhone":"","_VenueURL":"","_VenueStateProvince":"","_VenueLat":"","_VenueLng":"","_VenueShowMap":false,"_VenueShowMapLink":false,"twitterCardType":"","cardImageID":0,"cardImage":"","cardTitle":"","cardDesc":"","cardImageAlt":"","cardPlayer":"","cardPlayerWidth":0,"cardPlayerHeight":0,"cardPlayerStream":"","cardPlayerCodec":"","footnotes":""},"categories":[7],"tags":[21832],"class_list":["post-324376","post","type-post","status-publish","format-standard","has-post-thumbnail","hentry","category-recenze","tag-literarni-kavarna"],"acf":{"related_products":null},"_links":{"self":[{"href":"https:\/\/www.luxor.cz\/blog\/wp-json\/wp\/v2\/posts\/324376","targetHints":{"allow":["GET"]}}],"collection":[{"href":"https:\/\/www.luxor.cz\/blog\/wp-json\/wp\/v2\/posts"}],"about":[{"href":"https:\/\/www.luxor.cz\/blog\/wp-json\/wp\/v2\/types\/post"}],"author":[{"embeddable":true,"href":"https:\/\/www.luxor.cz\/blog\/wp-json\/wp\/v2\/users\/2"}],"replies":[{"embeddable":true,"href":"https:\/\/www.luxor.cz\/blog\/wp-json\/wp\/v2\/comments?post=324376"}],"version-history":[{"count":0,"href":"https:\/\/www.luxor.cz\/blog\/wp-json\/wp\/v2\/posts\/324376\/revisions"}],"wp:featuredmedia":[{"embeddable":true,"href":"https:\/\/www.luxor.cz\/blog\/wp-json\/wp\/v2\/media\/324377"}],"wp:attachment":[{"href":"https:\/\/www.luxor.cz\/blog\/wp-json\/wp\/v2\/media?parent=324376"}],"wp:term":[{"taxonomy":"category","embeddable":true,"href":"https:\/\/www.luxor.cz\/blog\/wp-json\/wp\/v2\/categories?post=324376"},{"taxonomy":"post_tag","embeddable":true,"href":"https:\/\/www.luxor.cz\/blog\/wp-json\/wp\/v2\/tags?post=324376"}],"curies":[{"name":"wp","href":"https:\/\/api.w.org\/{rel}","templated":true}]}}