{"id":324372,"date":"2025-03-15T10:00:32","date_gmt":"2025-03-15T09:00:32","guid":{"rendered":"https:\/\/www.luxor.cz\/blog\/nezarazene\/64266-doba-temna-zacina\/"},"modified":"2025-03-15T10:00:32","modified_gmt":"2025-03-15T09:00:32","slug":"64266-doba-temna-zacina","status":"publish","type":"post","link":"https:\/\/www.luxor.cz\/blog\/recenze\/64266-doba-temna-zacina\/","title":{"rendered":"Doba temna za\u010d\u00edn\u00e1"},"content":{"rendered":"<p style=\"font-weight: 400;\">Knihy Jarom\u00edra Jindry jsou pohlazen\u00edm na du\u0161i. Nap\u00ednav\u00e9, historicky zaj\u00edmav\u00e9, zkr\u00e1tka brilantn\u011b napsan\u00e9. P\u0159\u00edb\u011bhy, v\u00a0nich\u017e se m\u00eds\u00ed skute\u010dn\u00e1 historie na\u0161eho \u00fazem\u00ed a vl\u00e1dc\u016f s\u00a0fiktivn\u00edmi p\u0159\u00edb\u011bhy, kter\u00e9 se ale ur\u010dit\u011b mohly st\u00e1t. P\u0159i \u010dten\u00ed historick\u00e9ho rom\u00e1nu z\u00edsk\u00e1te dojem, \u017ee jste danou dobu kone\u010dn\u011b pochopili a vlastn\u011b bylo opravdu zaj\u00edmav\u00e9 do n\u00ed nahl\u00e9dnout. Historie v\u00e1s do t\u00e9to chv\u00edle nikdy nezaj\u00edmala? Jarom\u00edr Jindra v\u00e1s p\u0159esv\u011bd\u010d\u00ed, \u017ee doba \u010das\u016f minul\u00fdch byla nejen zaj\u00edmav\u00e1 a pln\u00e1 kr\u00e1l\u016f, \u0161lechtic\u016f, poddan\u00fdch, komorn\u00fdch apod., ale i z\u00e1ludnost\u00ed, tajemstv\u00ed a snahy o udr\u017een\u00ed si moci. V\u017edy je nejd\u016fle\u017eit\u011bj\u0161\u00ed z\u016fstat na\u017eivu.<\/p>\n<p style=\"font-weight: 400;\">Je z\u0159ejm\u00e9, \u017ee si autor knihy velmi obl\u00edbil obdob\u00ed vl\u00e1dy Karla IV., proto\u017ee kniha Karel IV.-Hrozba temn\u00fdch \u010das\u016f je ji\u017e n\u011bkolik\u00e1t\u00e1 v\u00a0\u0159ad\u011b. P\u0159e\u010d\u00edst jste si tak ji\u017e mohli nap\u0159. knihy Karel IV.-Vzpoura v\u00e9vod\u016f (kterou jsem okam\u017eit\u011b za\u0159adila mezi sv\u00e9 obl\u00edben\u00e9), ale i Karel IV.- Proklet\u00e9 d\u011bdictv\u00ed nebo Karel IV.- St\u00edny minulosti. A to jsou jen n\u011bkter\u00e9 knihy z\u00a0mnoha. Autor samoz\u0159ejm\u011b vydal mnoho kr\u00e1sn\u00fdch a velmi \u010dtiv\u00fdch knih. R\u00e1da bych jmenovala nap\u0159. knihy Sny um\u00edraj\u00ed s\u00a0kr\u00e1li, Spiklenci z\u00a0l\u00e1sky, P\u0159\u00edpad zazd\u011bn\u00e9 \u0161lechti\u010dky nebo Jed pro kralevice.<\/p>\n<p style=\"font-weight: 400;\">Matou\u0161 Rozoumek \u017eije d\u00e1l na sv\u00e9m Vild\u0161tejn\u011b. Z\u00e1sluhy za sv\u00e9 slu\u017eby v\u00a0obdob\u00ed vl\u00e1dy Jana Lucembursk\u00e9ho mu st\u00e1le d\u00e1vaj\u00ed v\u00fdhody, kter\u00e9 ale z\u00a0\u00facty a respektu k sou\u010dasn\u00e9mu kr\u00e1li v\u017edy pokorn\u011b odm\u00edtne. I p\u0159esto je zn\u00e1t, \u017ee se jeho vztah s\u00a0\u010desk\u00fdm kr\u00e1lem a \u0159\u00edmsk\u00fdm c\u00edsa\u0159em Karlem IV. zm\u011bnil. I Karel IV. zm\u011bnu v\u00a0jejich vztahu vn\u00edm\u00e1 stejn\u011b. Ani jeden netu\u0161\u00ed, pro\u010d p\u0159esn\u011b tomu tak je.<\/p>\n<p style=\"font-weight: 400;\">Kdy\u017e Honza Z\u00e1me\u010dn\u00edk doraz\u00ed na Vild\u0161tejn, je v\u0159ele p\u0159ijat. Z\u00e1hy se tak Matou\u0161 s\u00a0Hedvikou dozv\u00eddaj\u00ed, \u017ee se jejich syn Karel o\u017eenil, ani\u017e by jim dal v\u011bd\u011bt. To nen\u00ed ale zdaleka ta nejp\u0159ekvapiv\u011bj\u0161\u00ed zpr\u00e1va. Kr\u00e1l pos\u00edl\u00e1 pro Matou\u0161e, aby znovu vyu\u017eil jeho slu\u017eeb. Je p\u0159ece nejlep\u0161\u00ed z\u00a0nejlep\u0161\u00edch. Matou\u0161ovi kroky v\u0161ak nepovedou do Prahy, jak se domn\u00edval. Kr\u00e1l moment\u00e1ln\u011b pob\u00fdv\u00e1 v\u00a0Norimberku. Na\u0161t\u011bst\u00ed m\u00e1 s sebou i Matou\u0161ova syna Karla, a tak se alespo\u0148 po dvou letech kone\u010dn\u011b uvid\u00ed.<\/p>\n<p style=\"font-weight: 400;\">Matou\u0161 vyhov\u00ed kr\u00e1lov\u011b \u017e\u00e1dosti, p\u0159esto\u017ee je dokonce dost pravd\u011bpodobn\u00e9, \u017ee bude muset \u010delit nezvykl\u00e9mu nebezpe\u010d\u00ed. Vypr\u00e1v\u00ed se, \u017ee se v\u00a0kraji objevila nestv\u016fra z\u00a0pekel, kter\u00e1 napad\u00e1 \u017eeny a d\u00edvky a jejich t\u011bla pak zohav\u00ed. P\u0159esto\u017ee se tomu n\u011bkter\u00fdm nechce v\u011b\u0159it a maj\u00ed za to, \u017ee by se mohlo jednat jen o b\u00e1chorku, brzy se uk\u00e1\u017ee, \u017ee \u017eeny opravdu n\u011bkdo vra\u017ed\u00ed.<\/p>\n<p style=\"font-weight: 400;\">Bylo by mnohem snaz\u0161\u00ed \u010delit b\u011bsn\u00edc\u00edmu \u010dlov\u011bku ne\u017e pekeln\u00e9mu monstru, kter\u00e9 \u017een\u00e1m sv\u00fdm jedin\u00fdm kousnut\u00edm prokousne hrdlo a z\u00e1hy \u010d\u00e1st tv\u00e1\u0159e, jako kdyby tam nikdy \u017e\u00e1dn\u00e1 nebyla. S\u00a0t\u00edm nem\u011bl nikdo \u017e\u00e1dn\u00e9 zku\u0161enosti.<\/p>\n<p style=\"font-weight: 400;\">Jedno je jist\u00e9, miz\u00ed pouze \u017eeny a d\u00edvky a mezi lidmi v\u00a0podhrad\u00ed i vesnice od vesnice se \u0161\u00ed\u0159\u00ed strach. Kdyby jen strach, ale i nov\u00e1 vlna v\u00edry v\u00a0podob\u011b trestu z\u00a0pekel. Vesnicemi proch\u00e1z\u00ed prorok, kter\u00fd prav\u00ed, \u017ee Satan vypustil na zemi p\u0159\u00ed\u0161ernou \u010f\u00e1belskou obludu, dokud\u2026<\/p>\n<p style=\"font-weight: 400;\">Nap\u00ednav\u00fd p\u0159\u00edb\u011bh o kr\u00e1li Karlu IV., jeho kr\u00e1sn\u00e9 choti Ann\u011b Sv\u00eddnick\u00e9 a mu\u017e\u016f, kte\u0159\u00ed jsou jim natolik oddan\u00ed, \u017ee v\u00a0\u00fact\u011b ke sv\u00e9mu vl\u00e1dci jsou ochotni ob\u011btovat vlastn\u00ed \u017eivot. Jejich v\u00edra v\u00a0moudrost vlada\u0159e i Boha jim nedovol\u00ed zapochybovat, \u017ee je jejich kon\u00e1n\u00ed spr\u00e1vn\u00e9. \u017divot p\u0159ij\u00edmaj\u00ed s\u00a0pokorou, proto\u017ee ka\u017ed\u00fd v\u00ed, kde je jeho m\u00edsto.<\/p>\n<p style=\"font-weight: 400;\">Nov\u00e1 kniha autora Jarom\u00edra Jindy je excelentn\u00ed. Autor m\u00e1 jedine\u010dn\u00fd styl psan\u00ed. P\u0159\u00edb\u011bh je op\u0159eden\u00fd tajemnem, podmaniv\u00fd, \u010dtiv\u00fd, nap\u00ednav\u00fd, ale zejm\u00e9na v\u011brohodn\u00fd. Jsem r\u00e1da, \u017ee jsem vyd\u00e1n\u00ed t\u00e9to kniha v\u010das zaznamenala a bude m\u00edt \u010destn\u00e9 m\u00edsto v\u00a0m\u00e9 knihovn\u011b.<\/p>\n<p style=\"font-weight: 400;\">\u00a0<\/p>\n<p style=\"font-weight: 400;\">\u00a0<\/p>\n<p style=\"font-weight: 400;\">Eva Mare\u0161ov\u00e1<\/p>\n<p>Autor:\u00a0Eva Mare\u0161ov\u00e1<\/p>\n","protected":false},"excerpt":{"rendered":"<p>P\u0159\u00edb\u011bh z doby, kdy loajalita, \u010destnost, ctnost a pravda m\u011bly je\u0161t\u011b svou v\u00e1hu a lid\u00ed, kte\u0159\u00ed takov\u00e9 hodnoty vyzn\u00e1vali, si ostatn\u00ed um\u011bli v\u00e1\u017eit. Respekt a \u00facta nebyly jen pr\u00e1zdn\u00e9 slovo. Doba, kdy se krajem za\u010dal \u0161\u00ed\u0159it strach a smrt.<\/p>\n","protected":false},"author":2,"featured_media":324373,"comment_status":"open","ping_status":"open","sticky":false,"template":"","format":"standard","meta":{"_acf_changed":false,"_monsterinsights_skip_tracking":false,"_monsterinsights_sitenote_active":false,"_monsterinsights_sitenote_note":"","_monsterinsights_sitenote_category":0,"_EventAllDay":false,"_EventTimezone":"","_EventStartDate":"","_EventEndDate":"","_EventStartDateUTC":"","_EventEndDateUTC":"","_EventShowMap":false,"_EventShowMapLink":false,"_EventURL":"","_EventCost":"","_EventCostDescription":"","_EventCurrencySymbol":"","_EventCurrencyCode":"","_EventCurrencyPosition":"","_EventDateTimeSeparator":"","_EventTimeRangeSeparator":"","_EventOrganizerID":[],"_EventVenueID":[],"_OrganizerEmail":"","_OrganizerPhone":"","_OrganizerWebsite":"","_VenueAddress":"","_VenueCity":"","_VenueCountry":"","_VenueProvince":"","_VenueState":"","_VenueZip":"","_VenuePhone":"","_VenueURL":"","_VenueStateProvince":"","_VenueLat":"","_VenueLng":"","_VenueShowMap":false,"_VenueShowMapLink":false,"twitterCardType":"","cardImageID":0,"cardImage":"","cardTitle":"","cardDesc":"","cardImageAlt":"","cardPlayer":"","cardPlayerWidth":0,"cardPlayerHeight":0,"cardPlayerStream":"","cardPlayerCodec":"","footnotes":""},"categories":[7],"tags":[21832],"class_list":["post-324372","post","type-post","status-publish","format-standard","has-post-thumbnail","hentry","category-recenze","tag-literarni-kavarna"],"acf":{"related_products":null},"_links":{"self":[{"href":"https:\/\/www.luxor.cz\/blog\/wp-json\/wp\/v2\/posts\/324372","targetHints":{"allow":["GET"]}}],"collection":[{"href":"https:\/\/www.luxor.cz\/blog\/wp-json\/wp\/v2\/posts"}],"about":[{"href":"https:\/\/www.luxor.cz\/blog\/wp-json\/wp\/v2\/types\/post"}],"author":[{"embeddable":true,"href":"https:\/\/www.luxor.cz\/blog\/wp-json\/wp\/v2\/users\/2"}],"replies":[{"embeddable":true,"href":"https:\/\/www.luxor.cz\/blog\/wp-json\/wp\/v2\/comments?post=324372"}],"version-history":[{"count":0,"href":"https:\/\/www.luxor.cz\/blog\/wp-json\/wp\/v2\/posts\/324372\/revisions"}],"wp:featuredmedia":[{"embeddable":true,"href":"https:\/\/www.luxor.cz\/blog\/wp-json\/wp\/v2\/media\/324373"}],"wp:attachment":[{"href":"https:\/\/www.luxor.cz\/blog\/wp-json\/wp\/v2\/media?parent=324372"}],"wp:term":[{"taxonomy":"category","embeddable":true,"href":"https:\/\/www.luxor.cz\/blog\/wp-json\/wp\/v2\/categories?post=324372"},{"taxonomy":"post_tag","embeddable":true,"href":"https:\/\/www.luxor.cz\/blog\/wp-json\/wp\/v2\/tags?post=324372"}],"curies":[{"name":"wp","href":"https:\/\/api.w.org\/{rel}","templated":true}]}}