{"id":324370,"date":"2025-03-24T10:00:48","date_gmt":"2025-03-24T09:00:48","guid":{"rendered":"https:\/\/www.luxor.cz\/blog\/nezarazene\/64270-uzasny-zacatek-nove-fantasy-serie\/"},"modified":"2025-03-24T10:00:48","modified_gmt":"2025-03-24T09:00:48","slug":"64270-uzasny-zacatek-nove-fantasy-serie","status":"publish","type":"post","link":"https:\/\/www.luxor.cz\/blog\/recenze\/64270-uzasny-zacatek-nove-fantasy-serie\/","title":{"rendered":"\u00da\u017easn\u00fd za\u010d\u00e1tek nov\u00e9 fantasy s\u00e9rie"},"content":{"rendered":"<p style=\"font-weight: 400;\">Autorka bestsellerov\u00e9 s\u00e9rie <em>Rozt\u0159\u00ed\u0161t\u011bn\u00e1<\/em> Tahereh Mafi n\u00e1s zav\u00e1d\u00ed do kr\u00e1lovstv\u00ed Ard\u00fanie, kde pospolu mohou \u017e\u00edt lid\u00e9 i d\u017einov\u00e9, a\u010dkoli rozhodn\u011b nejsou rovnopr\u00e1vn\u00ed. D\u017einov\u00e9 nesm\u00ed pou\u017e\u00edvat svou magii, jinak jim hroz\u00ed trest smrti.<\/p>\n<p style=\"font-weight: 400;\">Hlavn\u00ed hrdinka Al\u00edz\u00e9 je d\u017ein. Sirotek nucen\u00fd \u017eivit se t\u011b\u017ekou prac\u00ed. Ned\u00e1vno se ale na ni usm\u00e1lo \u0161t\u011bst\u00ed, kdy\u017e se stala slu\u017eebnou v\u00a0bohat\u00e9m dom\u011b Baz\u016f. Krom\u011b toho si je\u0161t\u011b p\u0159ivyd\u011bl\u00e1v\u00e1 jako \u0161vadlena. P\u0159esto v\u0161ak nic nen\u00ed r\u016f\u017eov\u00e9. Al\u00edz\u00e9 toti\u017e pron\u00e1sleduje Ibl\u00eds, samotn\u00fd \u010f\u00e1bel. Kv\u016fli jeho p\u00ed\u0161e byli kdysi d\u017einov\u00e9 prokleti, p\u0159i\u0161li o sv\u00e9 kr\u00e1lovstv\u00ed a museli se nau\u010dit \u017e\u00edt s\u00a0lidmi, kte\u0159\u00ed je p\u0159ipravili t\u00e9m\u011b\u0159 o v\u0161e. Al\u00edz\u00e9 netu\u0161\u00ed, pro\u010d j\u00ed \u010f\u00e1bel neust\u00e1le nav\u0161t\u011bvuje, ale a\u0165 se sna\u017e\u00ed sebev\u00edc, nem\u016f\u017ee se ho nijak zbavit.<\/p>\n<p style=\"font-weight: 400;\">A pak j\u00ed jedn\u00e9 noci uk\u00e1\u017ee tv\u00e1\u0159 nejkr\u00e1sn\u011bj\u0161\u00edho mu\u017ee, jak\u00e9ho kdy vid\u011bla. A i on vid\u00ed ji.<\/p>\n<p style=\"font-weight: 400;\">T\u00edm mu\u017eem nen\u00ed nikdo jin\u00fd ne\u017e korunn\u00ed princ Kamran, kter\u00fd nedok\u00e1\u017ee na zjeven\u00ed kr\u00e1sn\u00e9 d\u00edvky zapomenout. Kdy\u017e se v\u0161ak setkaj\u00ed na ulici, princ pojme podez\u0159en\u00ed, \u017ee Al\u00edz\u00e9 rozhodn\u011b nen\u00ed oby\u010dejnou slu\u017ekou. Mo\u017en\u00e1 je \u0161pionkou nebo n\u00e1jemnou vra\u017eedkyn\u00ed. Sousedn\u00ed kr\u00e1lovstv\u00ed Tulan se chyst\u00e1 na v\u00e1lku a \u010dasto naj\u00edm\u00e1 na \u0161pinavou pr\u00e1ci d\u017einy.<\/p>\n<p style=\"font-weight: 400;\">Al\u00edzino tajemstv\u00ed je v\u0161ak mnohem nebezpe\u010dn\u011bj\u0161\u00ed. V\u00a0\u017eil\u00e1ch j\u00ed toti\u017e koluje led. Velmi vz\u00e1cn\u00e1 moc, o n\u00ed\u017e hovo\u0159\u00ed d\u00e1vn\u00e9 proroctv\u00ed. Al\u00edz\u00e9 je p\u0159edur\u010dena st\u00e1t se kr\u00e1lovnou d\u017ein\u016f a mo\u017en\u00e1 zm\u011bnit sou\u010dasn\u00fd \u0159\u00e1d sv\u011bta. Kr\u00e1l, Kamran\u016fv d\u011bde\u010dek, chce napln\u011bn\u00ed proroctv\u00ed zabr\u00e1nit za ka\u017edou cenu. Kamran je ale n\u00e1hle rozpolcen\u00fd mezi v\u011brnost\u00ed sv\u00e9mu kr\u00e1li i sv\u00e9 zemi, a t\u00edm, co mu na\u0161ept\u00e1v\u00e1 jeho srdce. Dok\u00e1\u017eou si ale dva tak rozd\u00edln\u00ed jedinci k\u00a0sob\u011b naj\u00edt cestu, nebo je jak\u00e1koli \u0161ance na bl\u00edzk\u00fd vztah p\u0159edem odsouzena k\u00a0z\u00e1hub\u011b?<\/p>\n<p style=\"font-weight: 400;\">A co m\u00e1 za lubem Ibl\u00eds? Pro\u010d ty dva svedl dohromady? A \u010demu Al\u00edz\u00e9 pot\u0159ebuje?<\/p>\n<p style=\"font-weight: 400;\">Tempo vypr\u00e1v\u011bn\u00ed je sice pomalej\u0161\u00ed, ale p\u0159esto se jedn\u00e1 o strhuj\u00edc\u00ed za\u010d\u00e1tek nov\u00e9 romantasy s\u00e9rie. Sv\u011bt je pom\u011brn\u011b dob\u0159e vykreslen\u00fd a zaj\u00edmav\u00fd a oba hlavn\u00ed hrdiny jsem si obl\u00edbila. U\u017e na za\u010d\u00e1tku m\u011b zaujal fakt, \u017ee Al\u00edz\u00e9 st\u00e1le trp\u00ed zimou a nem\u016f\u017ee se zah\u0159\u00e1t. Bylo mi j\u00ed hodn\u011b l\u00edto. Nejzaj\u00edmav\u011bj\u0161\u00ed mi ale p\u0159i\u0161ly jej\u00ed neust\u00e1le se m\u011bn\u00edc\u00ed o\u010di. Nav\u00edc je to chytr\u00e1 \u017eena, kter\u00e1 zn\u00e1 sv\u00e9 postaven\u00ed i limity, sna\u017e\u00ed se moc nevynikat, neupozor\u0148ovat na sebe, zkr\u00e1tka p\u0159e\u017e\u00edt. Kamran je pak hodn\u011b zvl\u00e1\u0161tn\u00ed a netypick\u00fd princ, jeliko\u017e trp\u00ed melancholick\u00fdmi a\u017e depresivn\u00edmi stavy, p\u0159esto\u017ee se to v\u00a0jeho chov\u00e1n\u00ed odr\u00e1\u017e\u00ed jen z\u0159\u00eddka. Tahle dvojice m\u011b ka\u017edop\u00e1dn\u011b opravdu bavila a moc m\u011b zaj\u00edm\u00e1, kam se jejich p\u0159\u00edb\u011bh posune d\u00e1l.<\/p>\n<p style=\"font-weight: 400;\">Skv\u011ble zpracovan\u00fd byl rovn\u011b\u017e p\u0159\u00edb\u011bh o zk\u00e1ze p\u016fvodn\u00ed civilizace d\u017ein\u016f, kter\u00fd byl zaj\u00edmav\u00fdm ztv\u00e1rn\u011bn\u00edm biblick\u00e9ho vypr\u00e1v\u011bn\u00ed o potop\u011b sv\u011bta a legendy o p\u00e1du Lucifera. Autorka toto v\u00fdborn\u011b propojila se sv\u011btem inspirovan\u00fdm persk\u00fdmi m\u00fdty, kter\u00fd pro m\u011b p\u0159edstavoval zaj\u00edmav\u00e9 osv\u011b\u017een\u00ed od v\u0161ech t\u011bch sv\u011bt\u016f v\u00edl, and\u011bl\u016f a fae.<\/p>\n<p style=\"font-weight: 400;\">Jako korektorka velmi oce\u0148uji skv\u011ble odvedenou pr\u00e1ci koleg\u016f, jeliko\u017e m\u011b p\u0159i \u010dten\u00ed po dlouh\u00e9 dob\u011b neru\u0161ilo mno\u017estv\u00ed p\u0159eklep\u016f a chyb\u011bj\u00edc\u00edch \u010d\u00e1rek a podobn\u011b. Rovn\u011b\u017e se mi moc l\u00edbilo grafick\u00e9 zpracov\u00e1n\u00ed knihy, konkr\u00e9tn\u011b kv\u011btinov\u00e9 ornamenty na za\u010d\u00e1tku kapitol, d\u00edky nim\u017e jsem si hned vzpomn\u011bla na <em>Bezmocnou<\/em>, kter\u00e1 m\u00e1 n\u011bco podobn\u00e9ho.<\/p>\n<p style=\"font-weight: 400;\">A\u010dkoli se <em>Nitky proroctv\u00ed<\/em> ne\u0159ad\u00ed mezi m\u00e9 leto\u0161n\u00ed top knihy, rozhodn\u011b to bylo p\u0159\u00edjemn\u00e9 \u010dten\u00ed a j\u00e1 si ur\u010dit\u011b r\u00e1da p\u0159e\u010dtu pokra\u010dov\u00e1n\u00ed.<\/p>\n<p style=\"font-weight: 400;\">\u00a0<\/p>\n<p style=\"font-weight: 400;\">\u00a0<\/p>\n<p style=\"font-weight: 400;\">Petra Kamlachov\u00e1<\/p>\n<p>Autor:\u00a0Petra Kamlachov\u00e1<\/p>\n","protected":false},"excerpt":{"rendered":"<p>M\u00e1m r\u00e1da fantasy z\u00a0orient\u00e1ln\u00edho prost\u0159ed\u00ed, proto\u017ee takov\u00fdch u n\u00e1s moc nevych\u00e1z\u00ed. Proto jsem vd\u011b\u010dn\u011b s\u00e1hla po Nitk\u00e1ch proroctv\u00ed, a mus\u00edm \u0159\u00edct, \u017ee to byla \u0161\u0165astn\u00e1 volba.<\/p>\n","protected":false},"author":2,"featured_media":324371,"comment_status":"open","ping_status":"open","sticky":false,"template":"","format":"standard","meta":{"_acf_changed":false,"_monsterinsights_skip_tracking":false,"_monsterinsights_sitenote_active":false,"_monsterinsights_sitenote_note":"","_monsterinsights_sitenote_category":0,"_EventAllDay":false,"_EventTimezone":"","_EventStartDate":"","_EventEndDate":"","_EventStartDateUTC":"","_EventEndDateUTC":"","_EventShowMap":false,"_EventShowMapLink":false,"_EventURL":"","_EventCost":"","_EventCostDescription":"","_EventCurrencySymbol":"","_EventCurrencyCode":"","_EventCurrencyPosition":"","_EventDateTimeSeparator":"","_EventTimeRangeSeparator":"","_EventOrganizerID":[],"_EventVenueID":[],"_OrganizerEmail":"","_OrganizerPhone":"","_OrganizerWebsite":"","_VenueAddress":"","_VenueCity":"","_VenueCountry":"","_VenueProvince":"","_VenueState":"","_VenueZip":"","_VenuePhone":"","_VenueURL":"","_VenueStateProvince":"","_VenueLat":"","_VenueLng":"","_VenueShowMap":false,"_VenueShowMapLink":false,"twitterCardType":"","cardImageID":0,"cardImage":"","cardTitle":"","cardDesc":"","cardImageAlt":"","cardPlayer":"","cardPlayerWidth":0,"cardPlayerHeight":0,"cardPlayerStream":"","cardPlayerCodec":"","footnotes":""},"categories":[7],"tags":[21832],"class_list":["post-324370","post","type-post","status-publish","format-standard","has-post-thumbnail","hentry","category-recenze","tag-literarni-kavarna"],"acf":{"related_products":null},"_links":{"self":[{"href":"https:\/\/www.luxor.cz\/blog\/wp-json\/wp\/v2\/posts\/324370","targetHints":{"allow":["GET"]}}],"collection":[{"href":"https:\/\/www.luxor.cz\/blog\/wp-json\/wp\/v2\/posts"}],"about":[{"href":"https:\/\/www.luxor.cz\/blog\/wp-json\/wp\/v2\/types\/post"}],"author":[{"embeddable":true,"href":"https:\/\/www.luxor.cz\/blog\/wp-json\/wp\/v2\/users\/2"}],"replies":[{"embeddable":true,"href":"https:\/\/www.luxor.cz\/blog\/wp-json\/wp\/v2\/comments?post=324370"}],"version-history":[{"count":0,"href":"https:\/\/www.luxor.cz\/blog\/wp-json\/wp\/v2\/posts\/324370\/revisions"}],"wp:featuredmedia":[{"embeddable":true,"href":"https:\/\/www.luxor.cz\/blog\/wp-json\/wp\/v2\/media\/324371"}],"wp:attachment":[{"href":"https:\/\/www.luxor.cz\/blog\/wp-json\/wp\/v2\/media?parent=324370"}],"wp:term":[{"taxonomy":"category","embeddable":true,"href":"https:\/\/www.luxor.cz\/blog\/wp-json\/wp\/v2\/categories?post=324370"},{"taxonomy":"post_tag","embeddable":true,"href":"https:\/\/www.luxor.cz\/blog\/wp-json\/wp\/v2\/tags?post=324370"}],"curies":[{"name":"wp","href":"https:\/\/api.w.org\/{rel}","templated":true}]}}