{"id":324366,"date":"2025-03-28T10:00:08","date_gmt":"2025-03-28T09:00:08","guid":{"rendered":"https:\/\/www.luxor.cz\/blog\/nezarazene\/64272-scenar-teto-knihy-napsal-sam-zivot\/"},"modified":"2025-03-28T10:00:08","modified_gmt":"2025-03-28T09:00:08","slug":"64272-scenar-teto-knihy-napsal-sam-zivot","status":"publish","type":"post","link":"https:\/\/www.luxor.cz\/blog\/recenze\/64272-scenar-teto-knihy-napsal-sam-zivot\/","title":{"rendered":"Sc\u00e9n\u00e1\u0159 t\u00e9to knihy napsal s\u00e1m \u017eivot"},"content":{"rendered":"<p style=\"font-weight: 400;\">Matka s\u00a0dcerou maj\u00ed v\u017edy siln\u00e9 pouto. Nen\u00ed proto divu, \u017ee vnikla siln\u00e1 a zaj\u00edmav\u00e1 kniha, ve kter\u00e9 se dozv\u00edte mnoho o osobn\u00edm i profesn\u00edm \u017eivot\u011b Heleny T\u0159e\u0161t\u00edkov\u00e9. O tom, jak\u00e1 byla jako mal\u00e1, pro\u010d nikdy neemigrovala a jak se sezn\u00e1mila se sv\u00fdm mu\u017eem. Ale pozn\u00e1me i hlavn\u00ed postavy z\u00a0jejich dokument\u016f, jak je potkala a jak se nav\u017edy zapsaly do jej\u00edho \u017eivota.<\/p>\n<p style=\"font-weight: 400;\">Pan\u00ed Helena vypr\u00e1v\u00ed tak poutav\u011b, \u017ee jsem se do knihy za\u010detla a nevn\u00edmala okol\u00ed. Kolikr\u00e1t mi p\u0159i\u0161lo, \u017ee ne\u010dtu \u201ejen\u201c knihu rozhovor\u016f, ale \u017ee \u010dtu klasick\u00fd rom\u00e1n. Nemohla jsem ji odlo\u017eit, dohled\u00e1vala jsem si hned dal\u0161\u00ed informace, o kter\u00fdch jsem \u010detla. No prost\u011b, byla jsem \u00fapln\u011b nad\u0161en\u00e1.<\/p>\n<p style=\"font-weight: 400;\">Je tu skv\u011ble uk\u00e1z\u00e1n \u017eivot pan\u00ed T\u0159e\u0161t\u00edkov\u00e9 podle toho, na jak\u00e9m dokumentu zrovna pracovala. T\u00edm pozn\u00e1me, jak ji dan\u00e9 d\u00edlo ovlivnilo i v\u00a0soukrom\u00e9m \u017eivot\u011b, kam ji to posunulo, co j\u00ed to p\u0159ineslo.<\/p>\n<p style=\"font-weight: 400;\">J\u00e1 sama jsem Helenu T\u0159e\u0161t\u00edkovou poznala a\u017e d\u00edky Man\u017eelsk\u00fdm etud\u00e1m, kter\u00e9 m\u011b velmi zaujaly (a jsem moc r\u00e1da, \u017ee jsem se v\u00a0knize dozv\u011bd\u011bla, \u017ee se st\u00e1le nat\u00e1\u010dej\u00ed). D\u00edky nim jsem se pod\u00edvala i na dal\u0161\u00ed dokumenty. Zdaleka jsem v\u0161ak nevid\u011bla v\u0161echny a d\u00edky t\u00e9to knize m\u00e1m soupis v\u0161ech, co je\u0161t\u011b pot\u0159ebuji vid\u011bt. Je skv\u011bl\u00e9, \u017ee sou\u010d\u00e1st\u00ed knihy je i filmografie, kde m\u00e1te v\u0161echna d\u00edla p\u0159ehledn\u011b uvedena.<\/p>\n<p style=\"font-weight: 400;\">M\u00e1m moc r\u00e1da knihy rozhovor\u016f a mus\u00edm \u0159\u00edci, \u017ee tato m\u011b z\u00a0t\u011bch ned\u00e1vno \u010dten\u00fdch rozhodn\u011b zaujala nejv\u00edce.<\/p>\n<p style=\"font-weight: 400;\">\u00a0<\/p>\n<p style=\"font-weight: 400;\">\u00a0<\/p>\n<p style=\"font-weight: 400;\">Eva Francov\u00e1<\/p>\n<p>Autor:\u00a0Eva Francov\u00e1<\/p>\n","protected":false},"excerpt":{"rendered":"<p>Kdo by neznal Man\u017eelsk\u00e9 etudy? Jejich \u00fasp\u011bch p\u0159ibl\u00ed\u017eil Helenu T\u0159e\u0161t\u00edkovou \u0161irok\u00e9mu obecenstvu. Ale jak\u00e1 je ona sama? Poj\u010fte j\u00ed poznat.<\/p>\n","protected":false},"author":2,"featured_media":324367,"comment_status":"open","ping_status":"open","sticky":false,"template":"","format":"standard","meta":{"_acf_changed":false,"_monsterinsights_skip_tracking":false,"_monsterinsights_sitenote_active":false,"_monsterinsights_sitenote_note":"","_monsterinsights_sitenote_category":0,"_EventAllDay":false,"_EventTimezone":"","_EventStartDate":"","_EventEndDate":"","_EventStartDateUTC":"","_EventEndDateUTC":"","_EventShowMap":false,"_EventShowMapLink":false,"_EventURL":"","_EventCost":"","_EventCostDescription":"","_EventCurrencySymbol":"","_EventCurrencyCode":"","_EventCurrencyPosition":"","_EventDateTimeSeparator":"","_EventTimeRangeSeparator":"","_EventOrganizerID":[],"_EventVenueID":[],"_OrganizerEmail":"","_OrganizerPhone":"","_OrganizerWebsite":"","_VenueAddress":"","_VenueCity":"","_VenueCountry":"","_VenueProvince":"","_VenueState":"","_VenueZip":"","_VenuePhone":"","_VenueURL":"","_VenueStateProvince":"","_VenueLat":"","_VenueLng":"","_VenueShowMap":false,"_VenueShowMapLink":false,"twitterCardType":"","cardImageID":0,"cardImage":"","cardTitle":"","cardDesc":"","cardImageAlt":"","cardPlayer":"","cardPlayerWidth":0,"cardPlayerHeight":0,"cardPlayerStream":"","cardPlayerCodec":"","footnotes":""},"categories":[7],"tags":[21832],"class_list":["post-324366","post","type-post","status-publish","format-standard","has-post-thumbnail","hentry","category-recenze","tag-literarni-kavarna"],"acf":{"related_products":null},"_links":{"self":[{"href":"https:\/\/www.luxor.cz\/blog\/wp-json\/wp\/v2\/posts\/324366","targetHints":{"allow":["GET"]}}],"collection":[{"href":"https:\/\/www.luxor.cz\/blog\/wp-json\/wp\/v2\/posts"}],"about":[{"href":"https:\/\/www.luxor.cz\/blog\/wp-json\/wp\/v2\/types\/post"}],"author":[{"embeddable":true,"href":"https:\/\/www.luxor.cz\/blog\/wp-json\/wp\/v2\/users\/2"}],"replies":[{"embeddable":true,"href":"https:\/\/www.luxor.cz\/blog\/wp-json\/wp\/v2\/comments?post=324366"}],"version-history":[{"count":0,"href":"https:\/\/www.luxor.cz\/blog\/wp-json\/wp\/v2\/posts\/324366\/revisions"}],"wp:featuredmedia":[{"embeddable":true,"href":"https:\/\/www.luxor.cz\/blog\/wp-json\/wp\/v2\/media\/324367"}],"wp:attachment":[{"href":"https:\/\/www.luxor.cz\/blog\/wp-json\/wp\/v2\/media?parent=324366"}],"wp:term":[{"taxonomy":"category","embeddable":true,"href":"https:\/\/www.luxor.cz\/blog\/wp-json\/wp\/v2\/categories?post=324366"},{"taxonomy":"post_tag","embeddable":true,"href":"https:\/\/www.luxor.cz\/blog\/wp-json\/wp\/v2\/tags?post=324366"}],"curies":[{"name":"wp","href":"https:\/\/api.w.org\/{rel}","templated":true}]}}