{"id":324364,"date":"2025-03-30T10:00:35","date_gmt":"2025-03-30T08:00:35","guid":{"rendered":"https:\/\/www.luxor.cz\/blog\/nezarazene\/64274-nejzajimavejsi-povesti-a-baje-evropy-v-podani-ladislava-spacka\/"},"modified":"2025-03-30T10:00:35","modified_gmt":"2025-03-30T08:00:35","slug":"64274-nejzajimavejsi-povesti-a-baje-evropy-v-podani-ladislava-spacka","status":"publish","type":"post","link":"https:\/\/www.luxor.cz\/blog\/recenze\/64274-nejzajimavejsi-povesti-a-baje-evropy-v-podani-ladislava-spacka\/","title":{"rendered":"Nejzaj\u00edmav\u011bj\u0161\u00ed pov\u011bsti a b\u00e1je Evropy v pod\u00e1n\u00ed Ladislava \u0160pa\u010dka"},"content":{"rendered":"<p style=\"font-weight: 400;\">A proto\u017ee Ladislav \u0160pa\u010dek je zn\u00e1m\u00fd jako mistr etikety, v\u0161e za\u010dalo vypr\u00e1v\u011bn\u00edm jeho mal\u00e9 t\u0159\u00edlet\u00e9 vnu\u010dce Viktorce o tom, jak by se m\u011bla chovat ve \u0161kolce, v rodin\u011b, na ulici, na n\u00e1v\u0161t\u011bv\u011b, u stolu, v restauraci \u010di t\u0159eba v hotelu.\u00a0 D\u011bde\u010dek v\u0161e vysv\u011btluje s trp\u011blivost\u00ed a laskavost\u00ed, a t\u00edm si z\u00edsk\u00e1v\u00e1 z\u00e1jem nejen Viktor\u010din, ale i v\u0161ech d\u011bt\u00ed, kter\u00fdm rodi\u010de \u010dtou tuto knihu.<\/p>\n<p style=\"font-weight: 400;\">Jak Viktorka roste, jej\u00ed z\u00e1jem a zv\u011bdavost se prohlubuje a m\u00e1 na d\u011bde\u010dka st\u00e1le v\u00edce a v\u00edce ot\u00e1zek. S d\u011bde\u010dkem si vypr\u00e1v\u011bj\u00ed nejprve o \u0161koln\u00edm prost\u0159ed\u00ed a situac\u00edch, kter\u00e9 ji obklopuj\u00ed, ale postupem \u010dasu se d\u011bde\u010dek rozhodne Viktorku vzd\u011blat tak\u00e9 informacemi o \u010cesk\u00e9 republice, o Praze, o evropsk\u00fdch metropol\u00edch i o vzd\u00e1len\u00e9m Orientu.\u00a0<\/p>\n<p style=\"font-weight: 400;\">V tomto d\u00edle Viktorka onemocn\u011bla a maminka s n\u00ed kv\u016fli pracovn\u00edm povinnostem nem\u016f\u017ee z\u016fstat doma. Kdo ji pohl\u00edd\u00e1? P\u0159ece nejmilovan\u011bj\u0161\u00ed d\u011bde\u010dek, kter\u00fd m\u00e1 v ruk\u00e1vu st\u00e1le schovan\u00e9 dal\u0161\u00ed zaj\u00edmav\u00e9 p\u0159\u00edb\u011bhy. Tentokr\u00e1t se rozhodne d\u011bde\u010dek zasv\u011btit Viktorku do pov\u011bst\u00ed a b\u00e1j\u00ed star\u00e9 Evropy.<\/p>\n<p style=\"font-weight: 400;\">Samoz\u0159ejm\u011b jako prvn\u00ed se d\u011bde\u010dek vrhne na vypr\u00e1v\u011bn\u00ed o starov\u011bk\u00e9m \u0158ecku, jeho\u017e b\u00e1je a pov\u011bsti jsou nejstar\u0161\u00ed. Nemaj\u00ed historick\u00fd z\u00e1klad, ale ukazuj\u00ed n\u00e1m, jak si sta\u0159\u00ed \u0158ekov\u00e9 p\u0159edstavovali, \u017ee vznikl sv\u011bt a jak\u00e9 hrdinsk\u00e9 \u010diny vykonali jejich p\u0159edkov\u00e9. Poslechneme si o Prometheovi, Sysifovi, Minotaurovi \u010di kr\u00e1sn\u00e9 Ariadn\u011b.<\/p>\n<p style=\"font-weight: 400;\">N\u00e1sleduje pov\u00edd\u00e1n\u00ed o starov\u011bk\u00e9m \u0158\u00edm\u011b, kter\u00e9 zn\u00e1m dob\u0159e jako sv\u00e9 boty, proto\u017ee toto m\u011bsto z cel\u00e9ho srdce zbo\u017e\u0148uji. Ale p\u0159esto jsem si ho s nad\u0161en\u00edm a zaujet\u00edm r\u00e1da p\u0159e\u010detla i v t\u00e9to knize. Samoz\u0159ejm\u011b se dozv\u00edme o tom, jak se zrodil \u0158\u00edm, o vl\u010dici, kter\u00e1 zachr\u00e1nila Romula a Rema a kter\u00e9 z dvoj\u010dat zalo\u017eilo v\u011b\u010dn\u00e9 m\u011bsto. Jak \u0158\u00edman\u00e9 unesli Sabinky, kdo to byl Lucius Brutus a jestli se vyplnila v\u011b\u0161tba z Delf.<\/p>\n<p style=\"font-weight: 400;\">Dal\u0161\u00ed p\u0159\u00edb\u011bhy jsou ze starov\u011bk\u00e9 Francie, st\u0159edov\u011bk\u00e9ho \u0160pan\u011blska, Anglie \u010di \u0160v\u00fdcarska.<\/p>\n<p style=\"font-weight: 400;\">P\u0159e\u010dteme si o kr\u00e1li Artu\u0161ovi i Vil\u00e9mu Tellovi. A nesm\u00edme zapomenout, \u017ee se pod\u00edv\u00e1me i na sever a zabrous\u00edme za siln\u00fdm a mocn\u00fdm bohem Thorem i za lstiv\u00fdm Lokim.<\/p>\n<p style=\"font-weight: 400;\">Velmi p\u011bkn\u011b zpracovan\u00e1 kniha, pln\u00e1 zaj\u00edmav\u00fdch informac\u00ed, kter\u00e9 jsou d\u011btem p\u0159ed\u00e1ny s lehkost\u00ed a velmi poutavou formou. Rozsah text\u016f je tak akor\u00e1t, aby \u010dten\u00e1\u0159\u016fm p\u0159edal v\u0161echna d\u016fle\u017eit\u00e1 sd\u011blen\u00ed, ale nestihl d\u011bti za\u010d\u00edt nudit.\u00a0 S\u00e9rie D\u011bde\u010dku vypr\u00e1v\u011bj se pr\u00e1vem stala velmi obl\u00edbenou a vyhled\u00e1vanou.<\/p>\n<p style=\"font-weight: 400;\">\u00a0<\/p>\n<p style=\"font-weight: 400;\">\u00a0<\/p>\n<p style=\"font-weight: 400;\">Mark\u00e9ta Posp\u00ed\u0161ilov\u00e1<\/p>\n<p>Autor:\u00a0Mark\u00e9ta Posp\u00ed\u0161ilov\u00e1<\/p>\n","protected":false},"excerpt":{"rendered":"<p>Dal\u0161\u00ed ze s\u00e9rie kn\u00ed\u017eek o dobrosrde\u010dn\u00e9m d\u011bde\u010dkovi a jeho zv\u00eddav\u00e9 vnu\u010dce Viktorce. Co\u017ee? Vy s\u00e9rii nezn\u00e1te? Tak to v\u00e1m ji s radost\u00ed p\u0159ibl\u00ed\u017e\u00edm.<\/p>\n","protected":false},"author":2,"featured_media":324365,"comment_status":"open","ping_status":"open","sticky":false,"template":"","format":"standard","meta":{"_acf_changed":false,"_monsterinsights_skip_tracking":false,"_monsterinsights_sitenote_active":false,"_monsterinsights_sitenote_note":"","_monsterinsights_sitenote_category":0,"_EventAllDay":false,"_EventTimezone":"","_EventStartDate":"","_EventEndDate":"","_EventStartDateUTC":"","_EventEndDateUTC":"","_EventShowMap":false,"_EventShowMapLink":false,"_EventURL":"","_EventCost":"","_EventCostDescription":"","_EventCurrencySymbol":"","_EventCurrencyCode":"","_EventCurrencyPosition":"","_EventDateTimeSeparator":"","_EventTimeRangeSeparator":"","_EventOrganizerID":[],"_EventVenueID":[],"_OrganizerEmail":"","_OrganizerPhone":"","_OrganizerWebsite":"","_VenueAddress":"","_VenueCity":"","_VenueCountry":"","_VenueProvince":"","_VenueState":"","_VenueZip":"","_VenuePhone":"","_VenueURL":"","_VenueStateProvince":"","_VenueLat":"","_VenueLng":"","_VenueShowMap":false,"_VenueShowMapLink":false,"twitterCardType":"","cardImageID":0,"cardImage":"","cardTitle":"","cardDesc":"","cardImageAlt":"","cardPlayer":"","cardPlayerWidth":0,"cardPlayerHeight":0,"cardPlayerStream":"","cardPlayerCodec":"","footnotes":""},"categories":[7],"tags":[21832],"class_list":["post-324364","post","type-post","status-publish","format-standard","has-post-thumbnail","hentry","category-recenze","tag-literarni-kavarna"],"acf":{"related_products":null},"_links":{"self":[{"href":"https:\/\/www.luxor.cz\/blog\/wp-json\/wp\/v2\/posts\/324364","targetHints":{"allow":["GET"]}}],"collection":[{"href":"https:\/\/www.luxor.cz\/blog\/wp-json\/wp\/v2\/posts"}],"about":[{"href":"https:\/\/www.luxor.cz\/blog\/wp-json\/wp\/v2\/types\/post"}],"author":[{"embeddable":true,"href":"https:\/\/www.luxor.cz\/blog\/wp-json\/wp\/v2\/users\/2"}],"replies":[{"embeddable":true,"href":"https:\/\/www.luxor.cz\/blog\/wp-json\/wp\/v2\/comments?post=324364"}],"version-history":[{"count":0,"href":"https:\/\/www.luxor.cz\/blog\/wp-json\/wp\/v2\/posts\/324364\/revisions"}],"wp:featuredmedia":[{"embeddable":true,"href":"https:\/\/www.luxor.cz\/blog\/wp-json\/wp\/v2\/media\/324365"}],"wp:attachment":[{"href":"https:\/\/www.luxor.cz\/blog\/wp-json\/wp\/v2\/media?parent=324364"}],"wp:term":[{"taxonomy":"category","embeddable":true,"href":"https:\/\/www.luxor.cz\/blog\/wp-json\/wp\/v2\/categories?post=324364"},{"taxonomy":"post_tag","embeddable":true,"href":"https:\/\/www.luxor.cz\/blog\/wp-json\/wp\/v2\/tags?post=324364"}],"curies":[{"name":"wp","href":"https:\/\/api.w.org\/{rel}","templated":true}]}}