{"id":324360,"date":"2025-04-03T10:00:20","date_gmt":"2025-04-03T08:00:20","guid":{"rendered":"https:\/\/www.luxor.cz\/blog\/nezarazene\/64276-duse-nikdy-neumira\/"},"modified":"2025-04-03T10:00:20","modified_gmt":"2025-04-03T08:00:20","slug":"64276-duse-nikdy-neumira","status":"publish","type":"post","link":"https:\/\/www.luxor.cz\/blog\/recenze\/64276-duse-nikdy-neumira\/","title":{"rendered":"Du\u0161e nikdy neum\u00edr\u00e1"},"content":{"rendered":"<p style=\"font-weight: 400;\">Vincent\u016fv \u017eivot v\u00a0knize sledujeme v\u00a0letech 1872\u20131890 a to d\u00edky dopis\u016fm, p\u0159ev\u00e1\u017en\u011b adresovan\u00fdch jeho bratrovi, a hlavn\u011b d\u00edky jeho obraz\u016fm, na kter\u00fdch sledujeme jeho v\u00fdvoj i moment\u00e1ln\u00ed rozpolo\u017een\u00ed. O Vincentu Van Goghovi jsem \u010detla ji\u017e dva zbeletrizovan\u00e9 \u017eivotopisy a mysl\u00edm, \u017ee nastal \u010das pod\u00edvat se i na jeho skute\u010dn\u00fd \u017eivot.<\/p>\n<p style=\"font-weight: 400;\">Kniha Mistrovsk\u00e9 d\u00edlo je n\u00e1dhern\u00e1 sama o sob\u011b, a tak bude i ide\u00e1ln\u00edm d\u00e1rkem. Je z\u00e1\u017eitkem u\u017e jen v\u00a0n\u00ed listovat a kochat se v\u0161emi kr\u00e1sn\u00fdmi obrazy. Nejsou tu jen obrazy Van Gogha, ale je tu i p\u00e1r od um\u011blc\u016f, jimi\u017e se Van Gogh inspiroval.<\/p>\n<p style=\"font-weight: 400;\">Na za\u010d\u00e1tku knihy n\u00e1m autorka p\u0159ibl\u00ed\u017e\u00ed stru\u010dn\u00fd \u017eivotopis tohoto zn\u00e1m\u00e9ho mal\u00ed\u0159e a pak se ji\u017e pono\u0159\u00edme do dopis\u016f. T\u011bch se zachovalo t\u00e9m\u011b\u0159 2000 a ukazuj\u00ed jeho \u017eivot i jeho my\u0161lenky. A pr\u00e1v\u011b n\u011bkter\u00e9 jeho my\u0161lenky jsou n\u00e1dhern\u00e9. Mnoh\u00e9 jsem si vypsala a budu se k\u00a0nim vracet. P\u00e1r dopis\u016f je v\u00a0knize i oti\u0161t\u011bn\u00fdch a m\u016f\u017eete na nich obdivovat, jak\u00fd m\u011bl Vincent \u00fahledn\u00fd rukopis.<\/p>\n<p style=\"font-weight: 400;\">Um\u011blcovy obrazy jsou opravdu r\u016fznorod\u00e9. M\u011bl rozli\u010dn\u00e1 obdob\u00ed, kter\u00e1 se prom\u00edtla do jeho tvorby. Moc se mi jeho d\u00edla l\u00edb\u00ed a n\u011bkter\u00e1 bych si hned r\u00e1da pov\u011bsila u m\u011b doma, abych se jimi mohla neust\u00e1le kochat.<\/p>\n<p style=\"font-weight: 400;\">D\u00edky tomu, \u017ee jsem o Vincentov\u011b \u017eivot\u011b ji\u017e \u010detla, tak se mi v\u0161e skv\u011ble propojilo a pospojovalo. Ale i kdy\u017e o jeho \u017eivot\u011b nebudete nic v\u011bd\u011bt, i tak v\u011b\u0159\u00edm, \u017ee v\u00e1s kniha zaujme. Autorka vydala v\u00a0zahrani\u010d\u00ed obdobnou knihu i o Alfonsu Muchovi a j\u00e1 budu doufat, \u017ee vyjde i u n\u00e1s. M\u00edt v\u00edce takov\u00fdch knih, to by byla opravdu n\u00e1dhern\u00e1 sb\u00edrka.<\/p>\n<p style=\"font-weight: 400;\">Nemus\u00edte b\u00fdt velk\u00fdm znalcem um\u011bn\u00ed, sta\u010d\u00ed l\u00e1ska ke kr\u00e1sn\u00fdm v\u011bcem.<\/p>\n<p style=\"font-weight: 400;\">\u00a0<\/p>\n<p style=\"font-weight: 400;\">\u00a0<\/p>\n<p style=\"font-weight: 400;\">Eva Francov\u00e1<\/p>\n<p>Autor:\u00a0Eva Francov\u00e1<\/p>\n","protected":false},"excerpt":{"rendered":"<p>Vincent Van Gogh \u2013 mu\u017e, jen\u017e tvo\u0159il mimo\u0159\u00e1dn\u00e1 d\u00edla a pro\u017eil mimo\u0159\u00e1dn\u00fd \u017eivot. D\u00edky podpo\u0159e sv\u00e9ho bratra se mohl skute\u010dn\u011b st\u00e1t t\u00edm, k\u00fdm byl.<\/p>\n","protected":false},"author":2,"featured_media":324361,"comment_status":"open","ping_status":"open","sticky":false,"template":"","format":"standard","meta":{"_acf_changed":false,"_monsterinsights_skip_tracking":false,"_monsterinsights_sitenote_active":false,"_monsterinsights_sitenote_note":"","_monsterinsights_sitenote_category":0,"_EventAllDay":false,"_EventTimezone":"","_EventStartDate":"","_EventEndDate":"","_EventStartDateUTC":"","_EventEndDateUTC":"","_EventShowMap":false,"_EventShowMapLink":false,"_EventURL":"","_EventCost":"","_EventCostDescription":"","_EventCurrencySymbol":"","_EventCurrencyCode":"","_EventCurrencyPosition":"","_EventDateTimeSeparator":"","_EventTimeRangeSeparator":"","_EventOrganizerID":[],"_EventVenueID":[],"_OrganizerEmail":"","_OrganizerPhone":"","_OrganizerWebsite":"","_VenueAddress":"","_VenueCity":"","_VenueCountry":"","_VenueProvince":"","_VenueState":"","_VenueZip":"","_VenuePhone":"","_VenueURL":"","_VenueStateProvince":"","_VenueLat":"","_VenueLng":"","_VenueShowMap":false,"_VenueShowMapLink":false,"twitterCardType":"","cardImageID":0,"cardImage":"","cardTitle":"","cardDesc":"","cardImageAlt":"","cardPlayer":"","cardPlayerWidth":0,"cardPlayerHeight":0,"cardPlayerStream":"","cardPlayerCodec":"","footnotes":""},"categories":[7],"tags":[21832],"class_list":["post-324360","post","type-post","status-publish","format-standard","has-post-thumbnail","hentry","category-recenze","tag-literarni-kavarna"],"acf":{"related_products":null},"_links":{"self":[{"href":"https:\/\/www.luxor.cz\/blog\/wp-json\/wp\/v2\/posts\/324360","targetHints":{"allow":["GET"]}}],"collection":[{"href":"https:\/\/www.luxor.cz\/blog\/wp-json\/wp\/v2\/posts"}],"about":[{"href":"https:\/\/www.luxor.cz\/blog\/wp-json\/wp\/v2\/types\/post"}],"author":[{"embeddable":true,"href":"https:\/\/www.luxor.cz\/blog\/wp-json\/wp\/v2\/users\/2"}],"replies":[{"embeddable":true,"href":"https:\/\/www.luxor.cz\/blog\/wp-json\/wp\/v2\/comments?post=324360"}],"version-history":[{"count":0,"href":"https:\/\/www.luxor.cz\/blog\/wp-json\/wp\/v2\/posts\/324360\/revisions"}],"wp:featuredmedia":[{"embeddable":true,"href":"https:\/\/www.luxor.cz\/blog\/wp-json\/wp\/v2\/media\/324361"}],"wp:attachment":[{"href":"https:\/\/www.luxor.cz\/blog\/wp-json\/wp\/v2\/media?parent=324360"}],"wp:term":[{"taxonomy":"category","embeddable":true,"href":"https:\/\/www.luxor.cz\/blog\/wp-json\/wp\/v2\/categories?post=324360"},{"taxonomy":"post_tag","embeddable":true,"href":"https:\/\/www.luxor.cz\/blog\/wp-json\/wp\/v2\/tags?post=324360"}],"curies":[{"name":"wp","href":"https:\/\/api.w.org\/{rel}","templated":true}]}}