{"id":324356,"date":"2025-04-07T10:00:01","date_gmt":"2025-04-07T08:00:01","guid":{"rendered":"https:\/\/www.luxor.cz\/blog\/nezarazene\/64278-kolik-lzi-se-skryva-za-jednou-krutou-pravdou\/"},"modified":"2025-04-07T10:00:01","modified_gmt":"2025-04-07T08:00:01","slug":"64278-kolik-lzi-se-skryva-za-jednou-krutou-pravdou","status":"publish","type":"post","link":"https:\/\/www.luxor.cz\/blog\/recenze\/64278-kolik-lzi-se-skryva-za-jednou-krutou-pravdou\/","title":{"rendered":"Kolik l\u017e\u00ed se skr\u00fdv\u00e1 za jednou krutou pravdou?"},"content":{"rendered":"<p style=\"font-weight: 400;\">Carl a Helene pot\u0159ebuj\u00ed o\u017eivit sv\u016fj vztah, a tak vyraz\u00ed na dovolenou. Carl preferuje mo\u0159e, Helene chce baz\u00e9n. P\u0159i hled\u00e1n\u00ed vhodn\u00e9ho ubytov\u00e1n\u00ed naraz\u00ed Helene na hezk\u00fd d\u016fm v Santa Cruz, kter\u00fd ob\u011b jejich podm\u00ednky spl\u0148uje. Dohled\u00e1 majitele a pokus\u00ed se ho p\u0159emluvit k v\u00fdm\u011bn\u011b sv\u00fdch dom\u016f. Carl t\u00edmto n\u00e1padem nen\u00ed nad\u0161en\u00fd. R\u00e1d by vyu\u017eil slu\u017eeb n\u011bkter\u00e9ho z luxusn\u00edch hotel\u016f, a nav\u00edc nechce, aby jejich d\u016fm vyu\u017e\u00edval n\u011bkdo ciz\u00ed. Helene si v\u0161ak prosad\u00ed svou a v\u00fdm\u011bna dom\u016f prob\u011bhne.<\/p>\n<p style=\"font-weight: 400;\">Scarlett a Adam, druh\u00fd man\u017eelsk\u00fd p\u00e1r, kter\u00fd je zapojen\u00fd do v\u00fdm\u011bny dom\u016f. Adam je um\u011blec a ve Stockholmu ho \u010dek\u00e1 d\u016fle\u017eit\u00e1 v\u00fdstava. Posledn\u00ed dobou se man\u017eelce t\u00e9m\u011b\u0159 nev\u011bnoval, m\u011bl pln\u00e9 ruce pr\u00e1ce a p\u0159\u00edprava na v\u00fdstavu mu brala cel\u00fd voln\u00fd \u010das. Nav\u00edc Scarlett na tom psychicky nen\u00ed moc dob\u0159e. P\u0159ed 5 lety j\u00ed tragicky zahynul jej\u00ed bratr a ona se z t\u00e9to ztr\u00e1ty dote\u010f zcela nevzpamatovala.<\/p>\n<p style=\"font-weight: 400;\">D\u016fm v Santa Cruz v\u0161ak nevypad\u00e1 tak, jak Carl o\u010dek\u00e1val. Helene mu p\u0159ed t\u00edm ukazovala vybaven\u00ed domu, v\u0161e vypadalo velmi luxusn\u011b, a proto nakonec s v\u00fdm\u011bnou souhlasil. Je bohat\u00fd a zvykl\u00fd na jist\u00fd standard. D\u016fm, kam dorazili je v\u0161ak o\u0161unt\u011bl\u00fd, velmi \u0161pinav\u00fd a v baz\u00e9nu plave chc\u00edpl\u00e1 nafoukl\u00e1 krysa. Helene o st\u011bhov\u00e1n\u00ed do hotelu nechce v\u016fbec sly\u0161et. Cht\u011bj\u00ed p\u0159ece zachr\u00e1nit vztah, m\u00edt soukrom\u00ed a v\u011bnovat se jen sob\u011b navz\u00e1jem. Helene rozhodn\u011b nechce \u017e\u00e1dn\u00e9 turistick\u00e9 m\u00edsto pln\u00e9 dal\u0161\u00edch host\u016f.<\/p>\n<p style=\"font-weight: 400;\">\u0160p\u00ednou to v\u0161ak nekon\u010d\u00ed. Carl m\u00e1 pocit, \u017ee tady je prost\u011b n\u011bco \u0161patn\u011b. Na tom dom\u011b nen\u00ed vlastn\u011b v\u016fbec nic v po\u0159\u00e1dku. Nav\u00edc, celou noc se oz\u00fdv\u00e1 bouch\u00e1n\u00ed v trubk\u00e1ch. Carla to doh\u00e1n\u00ed k \u0161\u00edlenstv\u00ed. Nem\u016f\u017ee sp\u00e1t, a tak se jde porozhl\u00e9dnout odkud zvuk vych\u00e1z\u00ed. V tom mu p\u00edpne upozorn\u011bn\u00ed v mobilu\u2026Bezpe\u010dnostn\u00ed syst\u00e9m v jejich dom\u011b hl\u00e1s\u00ed chybu. Okam\u017eit\u011b si pust\u00ed zp\u011btn\u00fd z\u00e1znam\u2026Kdo sakra je ten \u010dlov\u011bk, kter\u00fd p\u0159ed chv\u00edli vypnul kamery? A jak se dostal do \u0161atny, kterou Carl p\u0159ed odjezdem zamkl?<\/p>\n<p style=\"font-weight: 400;\">Je pot\u0159eba se spojit se \u0160v\u00e9dskem. A koho jin\u00e9ho poslat na v\u00fdzv\u011bdy ne\u017e jejich sousedku, kter\u00e1 d\u0159\u00edve pracovala pro krimin\u00e1lku? Kdyby bylo t\u0159eba, m\u00e1 st\u00e1le dobr\u00e9 kontakty\u2026Co jsou Adam a Scarlett vlastn\u011b za\u010d? Co skr\u00fdvaj\u00ed? A jak\u00e9 dal\u0161\u00ed nevysv\u011btliteln\u00e9 a naprosto \u0161\u00edlen\u00e9 v\u011bci \u010dekaj\u00ed na Carla a Helene v pl\u00e1\u017eov\u00e9m dom\u011b? O co tady v\u016fbec jde?<\/p>\n<p style=\"font-weight: 400;\">Naprosto bravurn\u00ed psychothriller, kter\u00fd v\u00e1s nenech\u00e1 ani chv\u00edli vydechnout. Mysl v\u00e1m jede na pln\u00e9 obr\u00e1tky a sna\u017e\u00edte se v\u0161\u00edmat si ve\u0161ker\u00fdch mali\u010dkost\u00ed a nepatrn\u00fdch zm\u00ednek, kter\u00e9 by v\u00e1m pomohly rozkl\u00ed\u010dovat v\u0161echny vztahy a propojen\u00ed. Popis p\u0159ekr\u00e1sn\u00e9 \u0161v\u00e9dsk\u00e9 krajiny a z\u00e1pad\u016f slunce zcela kontrastuje s l\u00ed\u010den\u00edm nepochopiteln\u00fdch krut\u00fdch \u010din\u016f, vykonan\u00fdch tak systematicky a chladnokrevn\u011b. A a\u017e si p\u0159e\u010dtete doslov autora, garantuji v\u00e1m, \u017ee z\u016fstanete jako opa\u0159en\u00ed. Tam je pr\u00e1v\u011b to nejv\u011bt\u0161\u00ed \u201ewow\u201c, kter\u00e9 v\u00e1s zcela odrovn\u00e1.<\/p>\n<p style=\"font-weight: 400;\">\u00a0<\/p>\n<p style=\"font-weight: 400;\">\u00a0<\/p>\n<p style=\"font-weight: 400;\">Mark\u00e9ta Posp\u00ed\u0161ilov\u00e1<\/p>\n<p>Autor:\u00a0Mark\u00e9ta Posp\u00ed\u0161ilov\u00e1<\/p>\n","protected":false},"excerpt":{"rendered":"<p>Stefan Ahnhem, autor bestsellerov\u00e9 s\u00e9rie s Fabianem Riskem vyd\u00e1v\u00e1 nov\u00fd psychothriller, kter\u00fd v\u00e1s \u0161okuje. Vyl\u00ed\u010d\u00ed v n\u011bm nejen lidskou surovost a nepochopitelnou chladnokrevnost, ale tak\u00e9 oddanou l\u00e1sku, \u0161\u00edlen\u00fd pl\u00e1n a bolestn\u00e9 utrpen\u00ed.<\/p>\n","protected":false},"author":2,"featured_media":324357,"comment_status":"open","ping_status":"open","sticky":false,"template":"","format":"standard","meta":{"_acf_changed":false,"_monsterinsights_skip_tracking":false,"_monsterinsights_sitenote_active":false,"_monsterinsights_sitenote_note":"","_monsterinsights_sitenote_category":0,"_EventAllDay":false,"_EventTimezone":"","_EventStartDate":"","_EventEndDate":"","_EventStartDateUTC":"","_EventEndDateUTC":"","_EventShowMap":false,"_EventShowMapLink":false,"_EventURL":"","_EventCost":"","_EventCostDescription":"","_EventCurrencySymbol":"","_EventCurrencyCode":"","_EventCurrencyPosition":"","_EventDateTimeSeparator":"","_EventTimeRangeSeparator":"","_EventOrganizerID":[],"_EventVenueID":[],"_OrganizerEmail":"","_OrganizerPhone":"","_OrganizerWebsite":"","_VenueAddress":"","_VenueCity":"","_VenueCountry":"","_VenueProvince":"","_VenueState":"","_VenueZip":"","_VenuePhone":"","_VenueURL":"","_VenueStateProvince":"","_VenueLat":"","_VenueLng":"","_VenueShowMap":false,"_VenueShowMapLink":false,"twitterCardType":"","cardImageID":0,"cardImage":"","cardTitle":"","cardDesc":"","cardImageAlt":"","cardPlayer":"","cardPlayerWidth":0,"cardPlayerHeight":0,"cardPlayerStream":"","cardPlayerCodec":"","footnotes":""},"categories":[7],"tags":[21832],"class_list":["post-324356","post","type-post","status-publish","format-standard","has-post-thumbnail","hentry","category-recenze","tag-literarni-kavarna"],"acf":{"related_products":null},"_links":{"self":[{"href":"https:\/\/www.luxor.cz\/blog\/wp-json\/wp\/v2\/posts\/324356","targetHints":{"allow":["GET"]}}],"collection":[{"href":"https:\/\/www.luxor.cz\/blog\/wp-json\/wp\/v2\/posts"}],"about":[{"href":"https:\/\/www.luxor.cz\/blog\/wp-json\/wp\/v2\/types\/post"}],"author":[{"embeddable":true,"href":"https:\/\/www.luxor.cz\/blog\/wp-json\/wp\/v2\/users\/2"}],"replies":[{"embeddable":true,"href":"https:\/\/www.luxor.cz\/blog\/wp-json\/wp\/v2\/comments?post=324356"}],"version-history":[{"count":0,"href":"https:\/\/www.luxor.cz\/blog\/wp-json\/wp\/v2\/posts\/324356\/revisions"}],"wp:featuredmedia":[{"embeddable":true,"href":"https:\/\/www.luxor.cz\/blog\/wp-json\/wp\/v2\/media\/324357"}],"wp:attachment":[{"href":"https:\/\/www.luxor.cz\/blog\/wp-json\/wp\/v2\/media?parent=324356"}],"wp:term":[{"taxonomy":"category","embeddable":true,"href":"https:\/\/www.luxor.cz\/blog\/wp-json\/wp\/v2\/categories?post=324356"},{"taxonomy":"post_tag","embeddable":true,"href":"https:\/\/www.luxor.cz\/blog\/wp-json\/wp\/v2\/tags?post=324356"}],"curies":[{"name":"wp","href":"https:\/\/api.w.org\/{rel}","templated":true}]}}