{"id":324354,"date":"2025-04-09T10:00:29","date_gmt":"2025-04-09T08:00:29","guid":{"rendered":"https:\/\/www.luxor.cz\/blog\/nezarazene\/64279-a-bude-to-zase-jizda\/"},"modified":"2025-04-09T10:00:29","modified_gmt":"2025-04-09T08:00:29","slug":"64279-a-bude-to-zase-jizda","status":"publish","type":"post","link":"https:\/\/www.luxor.cz\/blog\/recenze\/64279-a-bude-to-zase-jizda\/","title":{"rendered":"A bude to zase j\u00edzda\u2026"},"content":{"rendered":"<p style=\"font-weight: 400;\">Je \u00fa\u017easn\u00e9 narazit na \u010dlov\u011bka, kter\u00fd m\u00e1 v\u00a0sob\u011b tolik talentu a chuti tvo\u0159it. Marka Ebena zn\u00e1me v\u0161ichni. Lid\u00e9 si autora knihy zamilovali nejen v\u00a0jeho filmov\u00fdch a divadeln\u00edch rol\u00edch, ale zejm\u00e9na jako moder\u00e1tora zn\u00e1m\u00fdch po\u0159ad\u016f, autora text\u016f a zp\u011bv\u00e1ka. Jeho humor je v\u017edy kultivovan\u00fd a pobav\u00ed tak ka\u017ed\u00e9ho. Je tomu tak ale i v\u00a0soukrom\u00ed?<\/p>\n<p style=\"font-weight: 400;\">Kniha pln\u00e1 sloupk\u016f a fejeton\u016f nab\u00edz\u00ed \u010dten\u00e1\u0159i n\u00e1hled do autorova my\u0161len\u00ed. Nem\u016f\u017eete se p\u0159ece divit, \u017ee je to tak\u00e9 \u201ejen\u201c \u010dlov\u011bk. A tak m\u00e1me jedine\u010dnou mo\u017enost nahl\u00e9dnout do situac\u00ed, kter\u00e9 n\u00e1m l\u00ed\u010d\u00ed se sob\u011b vlastn\u00edm smyslem pro humor.<\/p>\n<p style=\"font-weight: 400;\">\u00dasm\u011bvn\u00e9 p\u0159\u00edb\u011bhy, u kter\u00fdch se budete nejen bavit, ale budete jim perfektn\u011b rozum\u011bt. Nen\u00ed nic lep\u0161\u00edho ne\u017e si p\u0159e\u010d\u00edst o v\u011bcech, kter\u00e9 jsme sami za\u017eili nebo je pro\u017e\u00edv\u00e1me \u010di d\u011bl\u00e1me a s\u00a0\u00falevou zjistit, \u017ee i n\u011bkdo tak slavn\u00fd m\u00e1 na n\u011b stejn\u00fd n\u00e1zor, pohled nebo se u toho dok\u00e1\u017ee \u00fapln\u011b stejn\u011b roz\u010d\u00edlit a zanad\u00e1vat si.<\/p>\n<p style=\"font-weight: 400;\">Na druhou stranu jsou p\u0159\u00edb\u011bhy, kde by jist\u011b \u010dten\u00e1\u0159e ani nenapadlo, \u017ee by se mohly st\u00e1t. O to v\u00edc se pak \u010dlov\u011bk p\u0159i \u010dten\u00ed usm\u00edv\u00e1 a bav\u00ed.<\/p>\n<p style=\"font-weight: 400;\">Pokud se \u010dten\u00e1\u0159i nebude n\u011bkter\u00fd z\u00a0p\u0159\u00edb\u011bh\u016f zamlouvat, nen\u00ed nic snaz\u0161\u00edho, ne\u017e ho vytrhnout a ponechat si pouze takov\u00e9, kter\u00e1 n\u00e1s bav\u00ed. P\u0159esn\u011b toto je toti\u017e autor\u016fv z\u00e1m\u011br. Nemuset zp\u011btn\u011b listovat a hledat, ale nechat si v\u00a0knize jen to, s\u00a0\u010d\u00edm souzn\u00edme. Proto m\u00e1 kniha krou\u017ekovou vazbu, kterou najdeme i u sv\u00fdch z\u00e1pisn\u00edku nebo bloku. Z\u00a0knihy se p\u0159ece listy netrhaj\u00ed!<\/p>\n<p style=\"font-weight: 400;\">Marek Eben nikdy nezklame a sv\u00fdch sofistikovan\u00fdm humorem op\u011bt dok\u00e1zal nejen pobavit, ale tak\u00e9 \u017ee m\u00e1 smysl ps\u00e1t d\u00e1l. Kniha, tak voln\u011b navazuje na svou p\u0159edch\u016fdkyni, sb\u00edrku fejeton\u016f a sloupk\u016f My\u0161lenky za volantem (1.), kter\u00e1 u n\u00e1s vy\u0161la v\u00a0\u0159\u00edjnu 2020.<\/p>\n<p style=\"font-weight: 400;\">Poj\u010fte se za\u010d\u00edst do \u0159\u00e1dk\u016f, kde se dozv\u00edte, kdo v\u00e1m tak\u00e9 m\u016f\u017ee rozb\u00edt pra\u010dku. Pro\u010d stejn\u00e1 velikost oble\u010den\u00ed nen\u00ed stejn\u00e1? Jak jadrn\u011b se lze vyj\u00e1d\u0159it o sv\u00e9 navigaci? A co teprve snad nikdy nekon\u010d\u00edc\u00ed seri\u00e1ly?<\/p>\n<p style=\"font-weight: 400;\">Nem\u00e1 cenu zde vypisovat cel\u00fd v\u00fd\u010det v\u0161ech superlativ, kter\u00e1 m\u011b v\u016f\u010di knize nebo \u00fact\u011b k\u00a0Marku Ebenovi napadaj\u00ed. Zkr\u00e1tka si knihu kupte a uvid\u00edte sami. Je to to nejlep\u0161\u00ed a nejup\u0159\u00edmn\u011bj\u0161\u00ed, co v\u00e1m mohu doporu\u010dit. A v\u011b\u0159te, \u017ee se nenajde ur\u010dit\u011b v\u016fbec nikdo, kdo by m\u011bl v\u00a0\u00famyslu vytrhnout jedinou str\u00e1nku.<\/p>\n<p style=\"font-weight: 400;\">\u00a0<\/p>\n<p style=\"font-weight: 400;\">\u00a0<\/p>\n<p style=\"font-weight: 400;\">Eva Mare\u0161ov\u00e1<\/p>\n<p>Autor:\u00a0Eva Mare\u0161ov\u00e1<\/p>\n","protected":false},"excerpt":{"rendered":"<p>Co se Marku Ebenovi hon\u00ed hlavou b\u011bhem b\u011b\u017en\u00fdch situac\u00ed i nev\u0161edn\u00edch z\u00e1\u017eitk\u016f? V\u011b\u0159te tomu, \u017ee to sam\u00e9, co v\u011bt\u0161in\u011b z\u00a0n\u00e1s. Jen ne ka\u017ed\u00fd to um\u00ed podat s\u00a0notnou d\u00e1vkou up\u0159\u00edmnosti a humoru z\u00e1rove\u0148.<\/p>\n","protected":false},"author":2,"featured_media":324355,"comment_status":"open","ping_status":"open","sticky":false,"template":"","format":"standard","meta":{"_acf_changed":false,"_monsterinsights_skip_tracking":false,"_monsterinsights_sitenote_active":false,"_monsterinsights_sitenote_note":"","_monsterinsights_sitenote_category":0,"_EventAllDay":false,"_EventTimezone":"","_EventStartDate":"","_EventEndDate":"","_EventStartDateUTC":"","_EventEndDateUTC":"","_EventShowMap":false,"_EventShowMapLink":false,"_EventURL":"","_EventCost":"","_EventCostDescription":"","_EventCurrencySymbol":"","_EventCurrencyCode":"","_EventCurrencyPosition":"","_EventDateTimeSeparator":"","_EventTimeRangeSeparator":"","_EventOrganizerID":[],"_EventVenueID":[],"_OrganizerEmail":"","_OrganizerPhone":"","_OrganizerWebsite":"","_VenueAddress":"","_VenueCity":"","_VenueCountry":"","_VenueProvince":"","_VenueState":"","_VenueZip":"","_VenuePhone":"","_VenueURL":"","_VenueStateProvince":"","_VenueLat":"","_VenueLng":"","_VenueShowMap":false,"_VenueShowMapLink":false,"twitterCardType":"","cardImageID":0,"cardImage":"","cardTitle":"","cardDesc":"","cardImageAlt":"","cardPlayer":"","cardPlayerWidth":0,"cardPlayerHeight":0,"cardPlayerStream":"","cardPlayerCodec":"","footnotes":""},"categories":[7],"tags":[21832],"class_list":["post-324354","post","type-post","status-publish","format-standard","has-post-thumbnail","hentry","category-recenze","tag-literarni-kavarna"],"acf":{"related_products":null},"_links":{"self":[{"href":"https:\/\/www.luxor.cz\/blog\/wp-json\/wp\/v2\/posts\/324354","targetHints":{"allow":["GET"]}}],"collection":[{"href":"https:\/\/www.luxor.cz\/blog\/wp-json\/wp\/v2\/posts"}],"about":[{"href":"https:\/\/www.luxor.cz\/blog\/wp-json\/wp\/v2\/types\/post"}],"author":[{"embeddable":true,"href":"https:\/\/www.luxor.cz\/blog\/wp-json\/wp\/v2\/users\/2"}],"replies":[{"embeddable":true,"href":"https:\/\/www.luxor.cz\/blog\/wp-json\/wp\/v2\/comments?post=324354"}],"version-history":[{"count":0,"href":"https:\/\/www.luxor.cz\/blog\/wp-json\/wp\/v2\/posts\/324354\/revisions"}],"wp:featuredmedia":[{"embeddable":true,"href":"https:\/\/www.luxor.cz\/blog\/wp-json\/wp\/v2\/media\/324355"}],"wp:attachment":[{"href":"https:\/\/www.luxor.cz\/blog\/wp-json\/wp\/v2\/media?parent=324354"}],"wp:term":[{"taxonomy":"category","embeddable":true,"href":"https:\/\/www.luxor.cz\/blog\/wp-json\/wp\/v2\/categories?post=324354"},{"taxonomy":"post_tag","embeddable":true,"href":"https:\/\/www.luxor.cz\/blog\/wp-json\/wp\/v2\/tags?post=324354"}],"curies":[{"name":"wp","href":"https:\/\/api.w.org\/{rel}","templated":true}]}}