{"id":324350,"date":"2025-04-14T10:00:17","date_gmt":"2025-04-14T08:00:17","guid":{"rendered":"https:\/\/www.luxor.cz\/blog\/nezarazene\/64284-zuzana-hubenakova-se-vraci-tentokrat-s-knizkou-stale-hratelna\/"},"modified":"2025-04-14T10:00:17","modified_gmt":"2025-04-14T08:00:17","slug":"64284-zuzana-hubenakova-se-vraci-tentokrat-s-knizkou-stale-hratelna","status":"publish","type":"post","link":"https:\/\/www.luxor.cz\/blog\/recenze\/64284-zuzana-hubenakova-se-vraci-tentokrat-s-knizkou-stale-hratelna\/","title":{"rendered":"Zuzana Hube\u0148\u00e1kov\u00e1 se vrac\u00ed, tentokr\u00e1t s kn\u00ed\u017ekou St\u00e1le hrateln\u00e1"},"content":{"rendered":"<p style=\"font-weight: 400;\"><em>Co u\u017e jsme tu od Zuzany Hube\u0148\u00e1kov\u00e9 m\u011bli<\/em><\/p>\n<p style=\"font-weight: 400;\">Autorku tu nem\u00e1me poprv\u00e9, dokonce ani podruh\u00e9. Pot\u00e9, co jsem si p\u0159e\u010detla\u00a0Nejhez\u010d\u00ed mezi kr\u00e1vami jsem se vrhla i na dal\u0161\u00ed autor\u010diny knihy, a m\u011bli jsme tu pak nap\u0159\u00edklad kn\u00ed\u017eku\u00a0Chameleon v lentilk\u00e1ch nebo\u00a0Bobky a fajnov\u00fd ko\u0159en\u00ed.<\/p>\n<p style=\"font-weight: 400;\">Autorka toho ale m\u00e1 na kont\u011b v\u00edc. V\u010detn\u011b t\u00e9to kn\u00ed\u017eky jich dohromady vydala mysl\u00edm dev\u011bt, a to i s tou, na kter\u00e9 spolupracovala s Dominikem Landsmanem. To je ten, co se proslavil t\u00edm, \u017ee zve\u0159ejnil radosti mate\u0159sk\u00e9 z pohledu chlapa. Od t\u00e9 doby jsem o dal\u0161\u00edch chlapech na mate\u0159sk\u00e9 nesly\u0161ela. \u017de by n\u00e1hoda?  <\/p>\n<p style=\"font-weight: 400;\"><em>St\u00e1le hrateln\u00e1<\/em><\/p>\n<p style=\"font-weight: 400;\">Pod vtipn\u00fdm a docela v\u0161e\u0159\u00edkaj\u00edc\u00edm n\u00e1zvem<em>\u00a0St\u00e1le hrateln\u00e1<\/em>\u00a0se skr\u00fdv\u00e1 kn\u00ed\u017eka, kter\u00e1 se stylem podob\u00e1 t\u00e9m\u011b\u0159 v\u0161em autor\u010din\u00fdm ostatn\u00edm. Jsou to humorn\u00e9 report\u00e1\u017en\u00ed fejetony. Pan\u00ed Hube\u0148\u00e1kov\u00e1 m\u00e1 sympatick\u00fd smysl pro humor, kter\u00fd je m\u00e9mu bl\u00edzk\u00fd, a proto si od n\u00ed r\u00e1da p\u0159e\u010dtu cokoli, co nap\u00ed\u0161e.<\/p>\n<p style=\"font-weight: 400;\">Ve St\u00e1le hrateln\u00e1 se st\u0159\u00eddaj\u00ed jak fejetony zam\u011b\u0159en\u00e9 na radosti b\u011b\u017en\u00e9ho \u017eivota matky, tak report\u00e1\u017en\u00ed fejetony zam\u011b\u0159en\u00e9 na nejr\u016fzn\u011bj\u0161\u00ed zam\u011bstn\u00e1n\u00ed a r\u016fzn\u00e9 kratochv\u00edle. To znamen\u00e1, \u017ee si p\u0159e\u010dtete t\u0159eba o kouzlu pr\u00e1ce nazvan\u00e9 mua (jak p\u00ed\u0161e autorka, to nen\u00ed p\u0159eklep, jedn\u00e1 se o zkratku z make up artist, \u010dili um\u011blec pracuj\u00edc\u00ed a tvo\u0159\u00edc\u00ed s kosmetick\u00fdmi produkty). Slovo MUA jsem do te\u010f skute\u010dn\u011b neznala, ani v\u00fdraz \u201enad\u0159\u00edt se, jak m\u00fdval na chlapeck\u00e9m intru\u201c, tak\u017ee po p\u0159e\u010dten\u00ed St\u00e1le hrateln\u00e1 jsem zase o n\u011bco vzd\u011blan\u011bj\u0161\u00ed. Ha!<\/p>\n<p style=\"font-weight: 400;\">Zaujalo m\u011b i vypr\u00e1v\u011bn\u00ed o pr\u00e1ci food stylist\u016f nebo grafologa \u010di sokoln\u00edka, co\u017e mi p\u0159ipom\u00edn\u00e1, \u017ee jsem se cht\u011bla pod\u00edvat, jestli existuje podobn\u00fd \u201ekrou\u017eek\u201c pro d\u011bti. To by se jim zaru\u010den\u011b l\u00edbilo. Ka\u017edop\u00e1dn\u011b\u2026 I kdy\u017e se mi l\u00edb\u00ed vypr\u00e1v\u011bn\u00ed z r\u016fzn\u00fdch zam\u011bstn\u00e1n\u00ed a kon\u00ed\u010dk\u016f, nejrad\u0161i m\u00e1m pov\u00edd\u00e1n\u00ed o b\u011b\u017en\u00e9m \u017eivot\u011b, kde Zuzana um\u00ed vypr\u00e1v\u011bt s t\u00edm spr\u00e1vn\u00fdm gustem, nadhledem a zku\u0161enost\u00ed. Hned jej\u00ed vypr\u00e1v\u011bn\u00ed na za\u010d\u00e1tku o d\u00e1msk\u00e9 j\u00edzd\u011b do Prahy, kdy\u00a0<em>Jedna z n\u00e1s us\u00edn\u00e1 v osm ve\u010der i za ch\u016fze, j\u00e1 m\u00e1m po p\u011btihodinov\u00e9 pa\u0159b\u011b p\u011btidenn\u00ed migr\u00e9nu a t\u0159et\u00ed do party neum\u00ed sp\u00e1t v jin\u00e9 ne\u017e vlastn\u00ed posteli, tak\u017ee jsme ide\u00e1ln\u00ed trojka na to, abychom to divoce rozto\u010dily mezi druhou a sedmou dopoledn\u00ed,<\/em><em>\u00a0<\/em>m\u011b dost\u00e1v\u00e1 do kolen. U vypr\u00e1v\u011bn\u00ed o lichotk\u00e1ch, zvl\u00e1\u0161t\u011b t\u011bch, kter\u00e9 by si chl\u00edpn\u00edci m\u011bli rad\u011bji schovat, jen souhlasn\u011b pokyvuji hlavou a ke konci, p\u0159i popisu snahy doj\u00edt si jen tak na wc, kdy\u017e jste matka, to se ob\u010das uchechtnu i nahlas.<\/p>\n<p style=\"font-weight: 400;\">\u00a0<\/p>\n<p style=\"font-weight: 400;\">\u00a0<\/p>\n<p style=\"font-weight: 400;\">Barbora Cirklov\u00e1<\/p>\n<p>Autor:\u00a0Barbora Cirklov\u00e1<\/p>\n","protected":false},"excerpt":{"rendered":"<p>Ne\u017e se v\u0161echna p\u00edsmenka daj\u00ed dohromady a vznikne z toho kn\u00ed\u017eka hodn\u00e1 tisku, chvilku to trv\u00e1. Ale kdy\u017e se \u010dlov\u011bk do\u010dk\u00e1, stoj\u00ed to za to. To si \u0159\u00edk\u00e1m, kdy\u017e do\u010d\u00edt\u00e1m str\u00e1nky kn\u00ed\u017eky St\u00e1le hrateln\u00e1, kterou napsala Zuzana Hube\u0148\u00e1kov\u00e1.<\/p>\n","protected":false},"author":2,"featured_media":324351,"comment_status":"open","ping_status":"open","sticky":false,"template":"","format":"standard","meta":{"_acf_changed":false,"_monsterinsights_skip_tracking":false,"_monsterinsights_sitenote_active":false,"_monsterinsights_sitenote_note":"","_monsterinsights_sitenote_category":0,"_EventAllDay":false,"_EventTimezone":"","_EventStartDate":"","_EventEndDate":"","_EventStartDateUTC":"","_EventEndDateUTC":"","_EventShowMap":false,"_EventShowMapLink":false,"_EventURL":"","_EventCost":"","_EventCostDescription":"","_EventCurrencySymbol":"","_EventCurrencyCode":"","_EventCurrencyPosition":"","_EventDateTimeSeparator":"","_EventTimeRangeSeparator":"","_EventOrganizerID":[],"_EventVenueID":[],"_OrganizerEmail":"","_OrganizerPhone":"","_OrganizerWebsite":"","_VenueAddress":"","_VenueCity":"","_VenueCountry":"","_VenueProvince":"","_VenueState":"","_VenueZip":"","_VenuePhone":"","_VenueURL":"","_VenueStateProvince":"","_VenueLat":"","_VenueLng":"","_VenueShowMap":false,"_VenueShowMapLink":false,"twitterCardType":"","cardImageID":0,"cardImage":"","cardTitle":"","cardDesc":"","cardImageAlt":"","cardPlayer":"","cardPlayerWidth":0,"cardPlayerHeight":0,"cardPlayerStream":"","cardPlayerCodec":"","footnotes":""},"categories":[7],"tags":[21832],"class_list":["post-324350","post","type-post","status-publish","format-standard","has-post-thumbnail","hentry","category-recenze","tag-literarni-kavarna"],"acf":{"related_products":null},"_links":{"self":[{"href":"https:\/\/www.luxor.cz\/blog\/wp-json\/wp\/v2\/posts\/324350","targetHints":{"allow":["GET"]}}],"collection":[{"href":"https:\/\/www.luxor.cz\/blog\/wp-json\/wp\/v2\/posts"}],"about":[{"href":"https:\/\/www.luxor.cz\/blog\/wp-json\/wp\/v2\/types\/post"}],"author":[{"embeddable":true,"href":"https:\/\/www.luxor.cz\/blog\/wp-json\/wp\/v2\/users\/2"}],"replies":[{"embeddable":true,"href":"https:\/\/www.luxor.cz\/blog\/wp-json\/wp\/v2\/comments?post=324350"}],"version-history":[{"count":0,"href":"https:\/\/www.luxor.cz\/blog\/wp-json\/wp\/v2\/posts\/324350\/revisions"}],"wp:featuredmedia":[{"embeddable":true,"href":"https:\/\/www.luxor.cz\/blog\/wp-json\/wp\/v2\/media\/324351"}],"wp:attachment":[{"href":"https:\/\/www.luxor.cz\/blog\/wp-json\/wp\/v2\/media?parent=324350"}],"wp:term":[{"taxonomy":"category","embeddable":true,"href":"https:\/\/www.luxor.cz\/blog\/wp-json\/wp\/v2\/categories?post=324350"},{"taxonomy":"post_tag","embeddable":true,"href":"https:\/\/www.luxor.cz\/blog\/wp-json\/wp\/v2\/tags?post=324350"}],"curies":[{"name":"wp","href":"https:\/\/api.w.org\/{rel}","templated":true}]}}