{"id":324348,"date":"2025-04-16T10:00:08","date_gmt":"2025-04-16T08:00:08","guid":{"rendered":"https:\/\/www.luxor.cz\/blog\/nezarazene\/64285-laska-pres-dve-stoleti\/"},"modified":"2025-04-16T10:00:08","modified_gmt":"2025-04-16T08:00:08","slug":"64285-laska-pres-dve-stoleti","status":"publish","type":"post","link":"https:\/\/www.luxor.cz\/blog\/recenze\/64285-laska-pres-dve-stoleti\/","title":{"rendered":"L\u00e1ska p\u0159es dv\u011b stolet\u00ed"},"content":{"rendered":"<p style=\"font-weight: 400;\">Audrey je klasick\u00fd teenager. Chce se j\u00ed v\u0161echno a nechce se j\u00ed nic. M\u00e1 mo\u017enost se dostat na vysn\u011bnou univerzitu a za\u010d\u00edt \u017e\u00edt \u017eivot, o kter\u00e9m v\u017edy snila. Trochu j\u00ed to kaz\u00ed ned\u00e1vn\u00fd rozchod s\u00a0p\u0159\u00edtelem Charliem, ale to se st\u00e1v\u00e1. Tak\u00e9 je tu st\u00e1le nedokon\u010den\u00e1 pr\u00e1ce, jej\u00ed\u017e term\u00edn odevzd\u00e1n\u00ed se nezadr\u017eiteln\u011b bl\u00ed\u017e\u00ed.<\/p>\n<p style=\"font-weight: 400;\">K\u00a0dobru si Audrey m\u016f\u017ee p\u0159ipsat, \u017ee i p\u0159es sv\u00e9 rozporupln\u00e9 pocity a melancholick\u00e9 n\u00e1lady, pom\u00e1h\u00e1 sv\u00fdm rodi\u010d\u016fm v\u00a0obchod\u011b a dostane se tak alespo\u0148 mezi lidi. Jinak by byla pravd\u011bpodobn\u011b po\u0159\u00e1d jen doma. Postupn\u011b si tak cht\u011b necht\u011b vytv\u00e1\u0159\u00ed vztah se st\u00e1l\u00fdmi z\u00e1kazn\u00edky obchodu.<\/p>\n<p style=\"font-weight: 400;\">Jedn\u00edm z\u00a0nich je pan Montgomery. Postava, kter\u00e1 je opravdu sympatick\u00e1 a tajemn\u00e1 z\u00e1rove\u0148. Star\u00fd bru\u010doun, kter\u00fd m\u00e1 v\u0161ak dobr\u00e9 srdce. Kdy\u017e se nad t\u00edm tak zamysl\u00edte, zjist\u00edte, \u017ee je v\u017edy tam, kde je ho pot\u0159eba. Za ty roky se stal prakticky invent\u00e1\u0159em mal\u00e9ho kr\u00e1mku jej\u00edch rodi\u010d\u016f. Jako by v\u017edy v\u011bd\u011bl, jak \u010dlov\u011bka popostr\u010dit d\u00e1l. Pom\u00e1hat m\u00e1 smysl.<\/p>\n<p style=\"font-weight: 400;\">Ale tohle, to od n\u011bj Audrey nikdy ne\u010dekala\u2026<\/p>\n<p style=\"font-weight: 400;\">V\u00a0roce 1812 \u017eije osmn\u00e1ctilet\u00e1 Lucy. Jej\u00ed otec je druh\u00fdm nejbohat\u0161\u00edm obchodn\u00edkem a r\u00e1d by si tuto pozici udr\u017eel. Na dce\u0159i mu nez\u00e1le\u017e\u00ed. Je d\u016fle\u017eit\u00e9, aby se Lucy dob\u0159e vdala a t\u00edm p\u0159inesla jemu samotn\u00e9mu dal\u0161\u00ed v\u00fdhody. V\u0161echno ostatn\u00ed je nepodstatn\u00e9.<\/p>\n<p style=\"font-weight: 400;\">Lucy je mlad\u00e1 d\u00e1ma z\u00a0lep\u0161\u00ed spole\u010dnosti a nikdy nebyla zamilovan\u00e1. Jak by tak\u00e9 mohla, kdy\u017e ji otec st\u00e1le dr\u017e\u00ed pod z\u00e1mkem. Je zvykl\u00e1 na spole\u010dnost slu\u017eebnictva. Nejrad\u011bji tr\u00e1v\u00ed \u010das v\u00a0knihovn\u011b a nejv\u00edc ze v\u0161eho miluje vz\u00e1cn\u00e9 chvilky, kdy jej\u00ed otec odjede. M\u00e1m pak chvilky jen pro sebe. C\u00edt\u00ed se voln\u00e1 a dovol\u00ed si ob\u010das i zak\u00e1zan\u00e9 my\u0161lenky. Vlastn\u00ed mal\u00e9 rebelie.<\/p>\n<p style=\"font-weight: 400;\">Lucy brzy \u010dek\u00e1 z\u00e1sadn\u00ed \u017eivotn\u00ed zm\u011bna. Bude se muset vd\u00e1t za \u010dlov\u011bka, kter\u00fd je j\u00ed odporn\u00fd a je dvakr\u00e1t tak star\u0161\u00ed. D\u00edky tomu se nau\u010dila \u017e\u00edt p\u0159\u00edtomn\u00fd okam\u017eikem a ne\u0159e\u0161it to, co j\u00ed bude bolet a tr\u00e1pit v\u00a0budoucnu.<\/p>\n<p style=\"font-weight: 400;\">Jednoho dne se v\u0161ak Audrey a Lucy za ne\u010dekan\u00fdch okolnost\u00ed setkaj\u00ed. Lucy z\u00e1hy pochop\u00ed, \u017ee sv\u011bt, ze kter\u00e9ho Audrey poch\u00e1z\u00ed, je skute\u010dn\u011b vzd\u00e1len 200 let. Jak moc jsou rozd\u00edln\u00e9 tyto dva sv\u011bty? Co maj\u00ed spole\u010dn\u00e9ho a jak moc si mohou b\u00fdt d\u00edvky ze vzd\u00e1len\u00e9 doby bl\u00edzk\u00e9?<\/p>\n<p style=\"font-weight: 400;\">Rachael Lippincottov\u00e1, autorka knihy P\u00fdcha, p\u0159edsudek a Pittsburgh, napsala\u2026 zva\u017euji ta spr\u00e1vn\u00e1 slova a mo\u017en\u00e1 to bude zn\u00edt zvl\u00e1\u0161tn\u011b, ale mil\u00fd rom\u00e1n. P\u0159\u00edjemn\u00e9 \u010dten\u00ed, u kter\u00e9ho se \u010dten\u00e1\u0159 usm\u00edv\u00e1. Romantika, kter\u00e1 pohlad\u00ed u srdce i zaj\u00edmav\u00e9 vypr\u00e1v\u011bn\u00ed z\u00a0doby 19. stolet\u00ed.<\/p>\n<p style=\"font-weight: 400;\">Kdy\u017e je n\u00e1m n\u00e1ct, je mo\u017en\u00e9 asi v\u0161echno. Mo\u017en\u00e1 i cestov\u00e1n\u00ed v\u00a0\u010dase.<\/p>\n<p style=\"font-weight: 400;\">Mo\u017en\u00e1 \u010das v\u00a0p\u0159\u00edtomnosti plyne zkr\u00e1tka jinak.<\/p>\n<p style=\"font-weight: 400;\">\u00a0<\/p>\n<p style=\"font-weight: 400;\">\u00a0<\/p>\n<p style=\"font-weight: 400;\">Eva Mare\u0161ov\u00e1<\/p>\n<p>Autor:\u00a0Eva Mare\u0161ov\u00e1<\/p>\n","protected":false},"excerpt":{"rendered":"<p>P\u00ed\u0161e se rok 2023. Audrey se sna\u017e\u00ed pracovat v\u00a0obchod\u011b sv\u00fdch rodi\u010d\u016f a nejrad\u011bji by v\u016fbec ne\u0159e\u0161ila, co d\u00e1l se sv\u00fdm \u017eivotem. Jak\u00e1 je pravd\u011bpodobnost, \u017ee ji sraz\u00ed autem zrovna tato osoba? A pro\u010d se najednou ocitla v\u00a0roce 1812?<\/p>\n","protected":false},"author":2,"featured_media":324349,"comment_status":"open","ping_status":"open","sticky":false,"template":"","format":"standard","meta":{"_acf_changed":false,"_monsterinsights_skip_tracking":false,"_monsterinsights_sitenote_active":false,"_monsterinsights_sitenote_note":"","_monsterinsights_sitenote_category":0,"_EventAllDay":false,"_EventTimezone":"","_EventStartDate":"","_EventEndDate":"","_EventStartDateUTC":"","_EventEndDateUTC":"","_EventShowMap":false,"_EventShowMapLink":false,"_EventURL":"","_EventCost":"","_EventCostDescription":"","_EventCurrencySymbol":"","_EventCurrencyCode":"","_EventCurrencyPosition":"","_EventDateTimeSeparator":"","_EventTimeRangeSeparator":"","_EventOrganizerID":[],"_EventVenueID":[],"_OrganizerEmail":"","_OrganizerPhone":"","_OrganizerWebsite":"","_VenueAddress":"","_VenueCity":"","_VenueCountry":"","_VenueProvince":"","_VenueState":"","_VenueZip":"","_VenuePhone":"","_VenueURL":"","_VenueStateProvince":"","_VenueLat":"","_VenueLng":"","_VenueShowMap":false,"_VenueShowMapLink":false,"twitterCardType":"","cardImageID":0,"cardImage":"","cardTitle":"","cardDesc":"","cardImageAlt":"","cardPlayer":"","cardPlayerWidth":0,"cardPlayerHeight":0,"cardPlayerStream":"","cardPlayerCodec":"","footnotes":""},"categories":[7],"tags":[21832],"class_list":["post-324348","post","type-post","status-publish","format-standard","has-post-thumbnail","hentry","category-recenze","tag-literarni-kavarna"],"acf":{"related_products":null},"_links":{"self":[{"href":"https:\/\/www.luxor.cz\/blog\/wp-json\/wp\/v2\/posts\/324348","targetHints":{"allow":["GET"]}}],"collection":[{"href":"https:\/\/www.luxor.cz\/blog\/wp-json\/wp\/v2\/posts"}],"about":[{"href":"https:\/\/www.luxor.cz\/blog\/wp-json\/wp\/v2\/types\/post"}],"author":[{"embeddable":true,"href":"https:\/\/www.luxor.cz\/blog\/wp-json\/wp\/v2\/users\/2"}],"replies":[{"embeddable":true,"href":"https:\/\/www.luxor.cz\/blog\/wp-json\/wp\/v2\/comments?post=324348"}],"version-history":[{"count":0,"href":"https:\/\/www.luxor.cz\/blog\/wp-json\/wp\/v2\/posts\/324348\/revisions"}],"wp:featuredmedia":[{"embeddable":true,"href":"https:\/\/www.luxor.cz\/blog\/wp-json\/wp\/v2\/media\/324349"}],"wp:attachment":[{"href":"https:\/\/www.luxor.cz\/blog\/wp-json\/wp\/v2\/media?parent=324348"}],"wp:term":[{"taxonomy":"category","embeddable":true,"href":"https:\/\/www.luxor.cz\/blog\/wp-json\/wp\/v2\/categories?post=324348"},{"taxonomy":"post_tag","embeddable":true,"href":"https:\/\/www.luxor.cz\/blog\/wp-json\/wp\/v2\/tags?post=324348"}],"curies":[{"name":"wp","href":"https:\/\/api.w.org\/{rel}","templated":true}]}}