{"id":324344,"date":"2025-04-20T10:00:35","date_gmt":"2025-04-20T08:00:35","guid":{"rendered":"https:\/\/www.luxor.cz\/blog\/nezarazene\/64287-zeleny-muz-se-zlobi-a-nekdo-za-to-bude-muset-zaplatit\/"},"modified":"2025-04-20T10:00:35","modified_gmt":"2025-04-20T08:00:35","slug":"64287-zeleny-muz-se-zlobi-a-nekdo-za-to-bude-muset-zaplatit","status":"publish","type":"post","link":"https:\/\/www.luxor.cz\/blog\/recenze\/64287-zeleny-muz-se-zlobi-a-nekdo-za-to-bude-muset-zaplatit\/","title":{"rendered":"Zelen\u00fd mu\u017e se zlob\u00ed a n\u011bkdo za to bude muset zaplatit"},"content":{"rendered":"<p style=\"font-weight: 400;\">Nikol je na cest\u011b do rodn\u00e9 hroudy. A nem\u016f\u017ee se do\u010dkat, a\u017e bude zase pry\u010d. V\u017edy\u0165 k \u010demu se vrac\u00ed? K bratrovi na drog\u00e1ch? K sest\u0159e, kterou nesn\u00e1\u0161\u00ed a ona nem\u016f\u017ee vyst\u00e1t ji? K rodinn\u00e9 trag\u00e9dii, p\u0159i kter\u00e9 p\u0159i\u0161li o matku? K otci, co se z toho nikdy nevzpamatoval? Ke h\u0159bitovu p\u0159epln\u011bn\u00e9mu jej\u00edmi p\u0159edky?<\/p>\n<p style=\"font-weight: 400;\">A p\u0159esto\u017ee se zd\u00e1, \u017ee se zdej\u0161\u00ed m\u00edsto v\u016fbec nezm\u011bnilo, od prvn\u00ed minuty m\u00e1 pocit, \u017ee je tu n\u011bco \u0161patn\u011b. Mohou za to jenom jej\u00ed pocuchan\u00e9 nervy? Nebo se v\u00e1\u017en\u011b zv\u00ed\u0159ata chovaj\u00ed divn\u011b? A nebo nejen ona? Pro\u010d m\u00edrumilovn\u00fd posti\u017een\u00fd chlapec z\u010distajasna \u00fato\u010d\u00ed na nevinn\u00e9 ko\u010dky? Co ta d\u011bsiv\u00e1 figurka, kterou na\u0161la vkl\u00edn\u011bnou na rodinn\u00e9m hrob\u011b? Pro\u010d se nem\u016f\u017ee zbavit pocitu, jako by byla \u017eiv\u00e1? Pro\u010d p\u0159itahuje mal\u00e9ry od t\u00e9 doby, co dorazila?<\/p>\n<p style=\"font-weight: 400;\">Spousta ot\u00e1zek, st\u00e1le s\u00edl\u00edc\u00ed \u0161patn\u00fd pocit, ale \u017e\u00e1dn\u00e9 odpov\u011bdi. To ji zavede na cestu ur\u010dovanou pouze instinktem a v\u00edrou. Ot\u00e1zka zn\u00ed: kam ji to p\u00e1tr\u00e1n\u00ed dovede? Ur\u010dit\u011b n\u011bkam, kde by nem\u011bla b\u00fdt\u2026<\/p>\n<p style=\"font-weight: 400;\">M\u016f\u017ee se m\u00edstn\u00ed legenda o Zelen\u00e9m mu\u017ei zakl\u00e1dat na pravd\u011b? To on je t\u00edm zlem, kter\u00e9 v lese c\u00edt\u00ed? To on j\u00ed zp\u016fsobuje ty p\u0159\u00ed\u0161ern\u00e9 bolesti hlavy? Ale pro\u010d? Nebo je pravda daleko slo\u017eit\u011bj\u0161\u00ed a nebezpe\u010d\u00ed hroz\u00ed jej\u00ed rodin\u011b odjinud? Existuje zlo, kter\u00e9ho se tak boj\u00ed, nebo se hon\u00ed za p\u0159eludy? Zat\u00edmco se sama sebe i ostatn\u00ed sna\u017e\u00ed p\u0159esv\u011bd\u010dit, \u017ee nep\u0159ich\u00e1z\u00ed o rozum, mus\u00ed si z\u00e1rove\u0148 ujasnit, komu a \u010demu m\u016f\u017ee v\u011b\u0159it. D\u0159\u00edv ne\u017e bude pozd\u011b.<\/p>\n<p style=\"font-weight: 400;\">Pro pochopen\u00ed a rozpleten\u00ed cel\u00e9ho p\u0159\u00edb\u011bhu, bude nutn\u00e9, aby zap\u00e1trala hluboko ve sv\u00e9 minulosti. Bude muset naj\u00edt to, co u\u017e nem\u011bl nikdy nikdo nal\u00e9zt. A \u010delit sv\u00fdm nejhor\u0161\u00edm no\u010dn\u00edm m\u016fr\u00e1m\u2026 Jen aby bylo n\u011bjak\u00e9 z\u00edtra. Ale co kdy\u017e nebude?<\/p>\n<p style=\"font-weight: 400;\">\u00a0<\/p>\n<p style=\"font-weight: 400;\">\u00a0<\/p>\n<p style=\"font-weight: 400;\">Sacharin<\/p>\n<p>Autor:\u00a0Sacharin<\/p>\n","protected":false},"excerpt":{"rendered":"<p>H\u0159\u00edchy minulosti se vrac\u00ed\u2026 Stane se to znovu\u2026 Tik tak.<\/p>\n","protected":false},"author":2,"featured_media":324345,"comment_status":"open","ping_status":"open","sticky":false,"template":"","format":"standard","meta":{"_acf_changed":false,"_monsterinsights_skip_tracking":false,"_monsterinsights_sitenote_active":false,"_monsterinsights_sitenote_note":"","_monsterinsights_sitenote_category":0,"_EventAllDay":false,"_EventTimezone":"","_EventStartDate":"","_EventEndDate":"","_EventStartDateUTC":"","_EventEndDateUTC":"","_EventShowMap":false,"_EventShowMapLink":false,"_EventURL":"","_EventCost":"","_EventCostDescription":"","_EventCurrencySymbol":"","_EventCurrencyCode":"","_EventCurrencyPosition":"","_EventDateTimeSeparator":"","_EventTimeRangeSeparator":"","_EventOrganizerID":[],"_EventVenueID":[],"_OrganizerEmail":"","_OrganizerPhone":"","_OrganizerWebsite":"","_VenueAddress":"","_VenueCity":"","_VenueCountry":"","_VenueProvince":"","_VenueState":"","_VenueZip":"","_VenuePhone":"","_VenueURL":"","_VenueStateProvince":"","_VenueLat":"","_VenueLng":"","_VenueShowMap":false,"_VenueShowMapLink":false,"twitterCardType":"","cardImageID":0,"cardImage":"","cardTitle":"","cardDesc":"","cardImageAlt":"","cardPlayer":"","cardPlayerWidth":0,"cardPlayerHeight":0,"cardPlayerStream":"","cardPlayerCodec":"","footnotes":""},"categories":[7],"tags":[21832],"class_list":["post-324344","post","type-post","status-publish","format-standard","has-post-thumbnail","hentry","category-recenze","tag-literarni-kavarna"],"acf":{"related_products":null},"_links":{"self":[{"href":"https:\/\/www.luxor.cz\/blog\/wp-json\/wp\/v2\/posts\/324344","targetHints":{"allow":["GET"]}}],"collection":[{"href":"https:\/\/www.luxor.cz\/blog\/wp-json\/wp\/v2\/posts"}],"about":[{"href":"https:\/\/www.luxor.cz\/blog\/wp-json\/wp\/v2\/types\/post"}],"author":[{"embeddable":true,"href":"https:\/\/www.luxor.cz\/blog\/wp-json\/wp\/v2\/users\/2"}],"replies":[{"embeddable":true,"href":"https:\/\/www.luxor.cz\/blog\/wp-json\/wp\/v2\/comments?post=324344"}],"version-history":[{"count":0,"href":"https:\/\/www.luxor.cz\/blog\/wp-json\/wp\/v2\/posts\/324344\/revisions"}],"wp:featuredmedia":[{"embeddable":true,"href":"https:\/\/www.luxor.cz\/blog\/wp-json\/wp\/v2\/media\/324345"}],"wp:attachment":[{"href":"https:\/\/www.luxor.cz\/blog\/wp-json\/wp\/v2\/media?parent=324344"}],"wp:term":[{"taxonomy":"category","embeddable":true,"href":"https:\/\/www.luxor.cz\/blog\/wp-json\/wp\/v2\/categories?post=324344"},{"taxonomy":"post_tag","embeddable":true,"href":"https:\/\/www.luxor.cz\/blog\/wp-json\/wp\/v2\/tags?post=324344"}],"curies":[{"name":"wp","href":"https:\/\/api.w.org\/{rel}","templated":true}]}}