{"id":324338,"date":"2025-05-03T10:00:28","date_gmt":"2025-05-03T08:00:28","guid":{"rendered":"https:\/\/www.luxor.cz\/blog\/nezarazene\/64295-na-ceste-po-great-himalaya-trail\/"},"modified":"2025-05-03T10:00:28","modified_gmt":"2025-05-03T08:00:28","slug":"64295-na-ceste-po-great-himalaya-trail","status":"publish","type":"post","link":"https:\/\/www.luxor.cz\/blog\/recenze\/64295-na-ceste-po-great-himalaya-trail\/","title":{"rendered":"Na cest\u011b po Great Himalaya Trail"},"content":{"rendered":"<p style=\"font-weight: 400;\"><strong>Kdy\u017e cestovat, tak naplno!<\/strong><\/p>\n<p style=\"font-weight: 400;\">Autorka knihy, Pavl\u00edna Adam, pracovala jako vysoce postaven\u00e1 \u00fa\u0159ednice na ministerstvu. Stejn\u011b tak jako cel\u00e9 \u0159ad\u011b lid\u00ed, ovlivnil i jej\u00ed \u017eivot covid. Pr\u00e1v\u011b <strong>b\u011bhem pandemie se toti\u017e rozhodla svou pracovn\u00ed pozici opustit a za\u010d\u00edt cestovat po sv\u011bt\u011b<\/strong>.<\/p>\n<p style=\"font-weight: 400;\">Tahle roda\u010dka z Pardubic dlouho nez\u016fst\u00e1v\u00e1 na jednom m\u00edst\u011b a k \u017e\u00e1dn\u00e9 v\u00fdzv\u011b se neoto\u010d\u00ed z\u00e1dy. Pro\u0161la Bulharsko, africkou Tanzanii a pak zase zam\u00ed\u0159ila do seversk\u00e9ho \u0160v\u00e9dska. Zdolala legend\u00e1rn\u00ed PCT, t\u00e1hnouc\u00ed se od mexick\u00fdch hranic pod\u00e9l z\u00e1padn\u00edho pob\u0159e\u017e\u00ed USA a\u017e do Kanady.<\/p>\n<p style=\"font-weight: 400;\"><strong>GHT absolvovalo dosud jen m\u00e1lo lid\u00ed, a polovina z toho byli Nep\u00e1lci <\/strong><\/p>\n<p style=\"font-weight: 400;\">Ve sv\u00e9 knize Holky nap\u0159\u00ed\u010d Nep\u00e1lem popisuje, jak se svou americkou kamar\u00e1dkou Sarah pro\u0161la GHT (Great Himalaya Trail). Jedn\u00e1 se o trasu o d\u00e9lce 1700 km, kter\u00e1 <strong>je pova\u017eov\u00e1na za tu nejt\u011b\u017e\u0161\u00ed na sv\u011bt\u011b<\/strong>. Pavl\u00edna a Sarah ji nav\u00edc pro\u0161ly v obdob\u00ed monzun\u016f, kdy jim cestu znep\u0159\u00edjem\u0148oval neustupuj\u00edc\u00ed d\u00e9\u0161\u0165. Jako <strong>prvn\u00ed pln\u011b \u017eensk\u00fd t\u00fdm<\/strong> ji ale spole\u010dn\u011b dok\u00e1zaly proj\u00edt, i kdy\u017e to mnohdy nebyla zrovna proch\u00e1zka pra\u017eskou Stromovkou.<\/p>\n<p style=\"font-weight: 400;\">B\u011bhem 101 dn\u00ed pro\u0161ly ze z\u00e1kladn\u00edho t\u00e1bora Kanchenjungy na v\u00fdchod\u011b a\u017e k hranic\u00edm s Tibetem na z\u00e1pad\u011b. Zdol\u00e1valy p\u0159itom p\u011bti a \u0161esti tis\u00edcov\u00e1 sedla, <strong>p\u0159ekon\u00e1valy neskute\u010dn\u00e1 p\u0159ev\u00fd\u0161en\u00ed<\/strong> a popraly se taky se dv\u011bma o\u0161kliv\u00fdmi p\u00e1dy.<\/p>\n<p style=\"font-weight: 400;\"><strong>\u201eKdy\u017e n\u011bco chcete, tak to dostanete.\u201c<\/strong><\/p>\n<p style=\"font-weight: 400;\">Pavl\u00edna Adam se mi u\u017e od prvn\u00edch \u0159\u00e1dek t\u00e9hle knihy jevila jako neskute\u010dn\u00fd \u010dlov\u011bk. Tolik odvahy a odhodl\u00e1n\u00ed dok\u00e1zat to, co si zamanu, v sob\u011b rozhodn\u011b nem\u00e1 ka\u017ed\u00fd. \u017dije a pracuje naplno, doslova ze dne na den se vyd\u00e1v\u00e1 na m\u00edsta, kam obvykle lid\u00e9 pl\u00e1nuj\u00ed cestu m\u011bs\u00edce i roky p\u0159edem. Mnohdy nad jej\u00edmi rozhodnut\u00edmi ostatn\u00ed jen skepticky kroutili hlavami, ale ona to nakonec dok\u00e1zala. \u0158\u00e1dky t\u00e9hle knihy ve mn\u011b probudily skrytou odvahu vrhnout se do n\u011b\u010deho, o \u010dem jsem si dlouho myslela, \u017ee to nezvl\u00e1dnu.<\/p>\n<p style=\"font-weight: 400;\">Cht\u011bla bych moc vyzdvihnout <strong>velk\u00e9 mno\u017estv\u00ed fotek, kter\u00e9 kr\u00e1sn\u011b dokresluj\u00ed cel\u00fd p\u0159\u00edb\u011bh<\/strong>. Nep\u00e1l mus\u00ed b\u00fdt okouzluj\u00edc\u00ed a fotografie z cesty po GHT to jenom potvrzuj\u00ed. Text dopl\u0148uje mimo jin\u00e9 tak\u00e9 seznam vybaven\u00ed, kter\u00e9 s sebou autorka m\u011bla, nebo rozhovor s Radkou Tk\u00e1\u010dikovou, pr\u016fvodkyn\u00ed Ham\u00e1lajem, kter\u00e1 Pavl\u00ednu Adam k cest\u011b po GHT vlastn\u011b inspirovala.<\/p>\n<p style=\"font-weight: 400;\">P\u0159ed v\u00fdkonem Pavl\u00edny a Sarah s obdivem smek\u00e1m. Moc dob\u0159e v\u00edm, \u017ee trasu, kterou spole\u010dn\u011b pro\u0161ly, j\u00e1 nikdy neprojdu, i kdy\u017e bych t\u0159eba r\u00e1da. <strong>Tahle kniha m\u011b do t\u011bch m\u00edst aspo\u0148 na chv\u00edli dok\u00e1zala p\u0159en\u00e9st tak, \u017ee jsem mnohdy m\u011bla pocit, jako kr\u00e1\u010dela po jejich boku<\/strong>. Cestopisy obecn\u011b \u010dtu velice r\u00e1da a tenhle ur\u010dit\u011b \u0159ad\u00edm k t\u011bm nejhez\u010d\u00edm.<\/p>\n<p style=\"font-weight: 400;\">\u00a0<\/p>\n<p style=\"font-weight: 400;\">\u00a0<\/p>\n<p style=\"font-weight: 400;\">Andrea Simoglu<\/p>\n<p>Autor:\u00a0Andrea Simoglu<\/p>\n","protected":false},"excerpt":{"rendered":"<p>L\u00e1kaj\u00ed v\u00e1s m\u00edsta, kam se nevyd\u00e1 jen tak n\u011bkdo a pravd\u011bpodobn\u011b ani vy sami ne? Tahle kniha v\u00e1m uk\u00e1\u017ee, \u017ee nic nen\u00ed nemo\u017en\u00e9, a \u017ee pokud si n\u011bco opravdu p\u0159ejete, spln\u00ed se to.<\/p>\n","protected":false},"author":2,"featured_media":324339,"comment_status":"open","ping_status":"open","sticky":false,"template":"","format":"standard","meta":{"_acf_changed":false,"_monsterinsights_skip_tracking":false,"_monsterinsights_sitenote_active":false,"_monsterinsights_sitenote_note":"","_monsterinsights_sitenote_category":0,"_EventAllDay":false,"_EventTimezone":"","_EventStartDate":"","_EventEndDate":"","_EventStartDateUTC":"","_EventEndDateUTC":"","_EventShowMap":false,"_EventShowMapLink":false,"_EventURL":"","_EventCost":"","_EventCostDescription":"","_EventCurrencySymbol":"","_EventCurrencyCode":"","_EventCurrencyPosition":"","_EventDateTimeSeparator":"","_EventTimeRangeSeparator":"","_EventOrganizerID":[],"_EventVenueID":[],"_OrganizerEmail":"","_OrganizerPhone":"","_OrganizerWebsite":"","_VenueAddress":"","_VenueCity":"","_VenueCountry":"","_VenueProvince":"","_VenueState":"","_VenueZip":"","_VenuePhone":"","_VenueURL":"","_VenueStateProvince":"","_VenueLat":"","_VenueLng":"","_VenueShowMap":false,"_VenueShowMapLink":false,"twitterCardType":"","cardImageID":0,"cardImage":"","cardTitle":"","cardDesc":"","cardImageAlt":"","cardPlayer":"","cardPlayerWidth":0,"cardPlayerHeight":0,"cardPlayerStream":"","cardPlayerCodec":"","footnotes":""},"categories":[7],"tags":[21832],"class_list":["post-324338","post","type-post","status-publish","format-standard","has-post-thumbnail","hentry","category-recenze","tag-literarni-kavarna"],"acf":{"related_products":null},"_links":{"self":[{"href":"https:\/\/www.luxor.cz\/blog\/wp-json\/wp\/v2\/posts\/324338","targetHints":{"allow":["GET"]}}],"collection":[{"href":"https:\/\/www.luxor.cz\/blog\/wp-json\/wp\/v2\/posts"}],"about":[{"href":"https:\/\/www.luxor.cz\/blog\/wp-json\/wp\/v2\/types\/post"}],"author":[{"embeddable":true,"href":"https:\/\/www.luxor.cz\/blog\/wp-json\/wp\/v2\/users\/2"}],"replies":[{"embeddable":true,"href":"https:\/\/www.luxor.cz\/blog\/wp-json\/wp\/v2\/comments?post=324338"}],"version-history":[{"count":0,"href":"https:\/\/www.luxor.cz\/blog\/wp-json\/wp\/v2\/posts\/324338\/revisions"}],"wp:featuredmedia":[{"embeddable":true,"href":"https:\/\/www.luxor.cz\/blog\/wp-json\/wp\/v2\/media\/324339"}],"wp:attachment":[{"href":"https:\/\/www.luxor.cz\/blog\/wp-json\/wp\/v2\/media?parent=324338"}],"wp:term":[{"taxonomy":"category","embeddable":true,"href":"https:\/\/www.luxor.cz\/blog\/wp-json\/wp\/v2\/categories?post=324338"},{"taxonomy":"post_tag","embeddable":true,"href":"https:\/\/www.luxor.cz\/blog\/wp-json\/wp\/v2\/tags?post=324338"}],"curies":[{"name":"wp","href":"https:\/\/api.w.org\/{rel}","templated":true}]}}