{"id":324336,"date":"2025-05-05T10:00:41","date_gmt":"2025-05-05T08:00:41","guid":{"rendered":"https:\/\/www.luxor.cz\/blog\/nezarazene\/64296-naprosto-strhujici-pribeh-z-jine-doby\/"},"modified":"2025-05-05T10:00:41","modified_gmt":"2025-05-05T08:00:41","slug":"64296-naprosto-strhujici-pribeh-z-jine-doby","status":"publish","type":"post","link":"https:\/\/www.luxor.cz\/blog\/recenze\/64296-naprosto-strhujici-pribeh-z-jine-doby\/","title":{"rendered":"Naprosto strhuj\u00edc\u00ed p\u0159\u00edb\u011bh z jin\u00e9 doby"},"content":{"rendered":"<p style=\"font-weight: 400;\">Kniha za\u010d\u00edn\u00e1 velice p\u0159ehledn\u00fdm obsazen\u00edm postav, p\u0159i\u010dem\u017e postavy ozna\u010den\u00e9 hv\u011bzdi\u010dkou jsou ty, kter\u00e9 kdysi opravu \u017eili. A tak se hned na za\u010d\u00e1tku knihy dozv\u00edd\u00e1me, \u017ee hlavn\u00ed hrdinka Nesta ferch Rhys kdysi skute\u010dn\u011b \u017eila.<\/p>\n<p style=\"font-weight: 400;\">P\u0159\u00edb\u011bh se za\u010d\u00edn\u00e1 odehr\u00e1vat v\u00a0dubnu roku 1093 v\u00a0ji\u017en\u00edm Walesu, kdy je zavra\u017ed\u011bn Nestin otec lord Rhys. Nesta byla zvykl\u00e1 na \u017eivot vel\u0161sk\u00e9 princezny. Ka\u017ed\u00fd se k\u00a0n\u00ed tak choval. Milovala sed\u00e1vat sv\u00e9mu otci u nohou a zp\u00edvat mu. Milovala p\u0159\u00edmo\u0159sk\u00fd vzduch, teplo slunce a pe\u0159iny z\u00a0prachov\u00e9ho pe\u0159\u00ed. Den, kdy byla sv\u011bdkem narozen\u00ed nov\u00e9ho \u017eivota, nov\u00e9ho h\u0159\u00edb\u011bte, se stal o chv\u00edli pozd\u011bji jej\u00ed nejhor\u0161\u00ed no\u010dn\u00ed m\u016frou.<\/p>\n<p style=\"font-weight: 400;\">Nem\u011bla na vybranou. Ve snaze ut\u00e9ct nep\u0159\u00edteli, poslala jej\u00ed matka Gwladus sv\u00e9ho mal\u00e9ho teprve \u010dty\u0159let\u00e9ho syna Gruffydda ap Rhys okam\u017eit\u011b do Irska. Ne\u017e by v\u0161ak mohl dostat p\u0159\u00edle\u017eitost pomst\u00edt smrt sv\u00e9ho otce, ub\u011bhlo by je\u0161t\u011b mnoho \u010dasu. Gwladus s\u00a0Nestou, p\u00e1r v\u00e1le\u010dn\u00edky a slu\u017eebnictvem ut\u00edk\u00e1 ze sv\u00e9ho hradu. Jejich pokus o z\u00e1chranu v\u0161ak netrv\u00e1 dlouho. Brzy jsou p\u0159epadeni a zajati.<\/p>\n<p style=\"font-weight: 400;\">Pro\u010d by se m\u011bla Nesta pod\u00edvat do tv\u00e1\u0159e sv\u00e9ho str\u00fdce Rutherka ap Tewdr? Zr\u00e1dce, kter\u00fd prodal vlastn\u00edho bratra. Ani jeho nov\u00fd p\u0159\u00edtel si ho nev\u00e1\u017e\u00ed. Jak by tak\u00e9 mohl. Pokud n\u011bkdo zrad\u00ed vlastn\u00ed krev, ned\u00e1 se mu v\u011b\u0159it.<\/p>\n<p style=\"font-weight: 400;\">Kdy\u017e vid\u011bla Nesta svou matku naposledy, sl\u00edbila j\u00ed, \u017ee je pomst\u00ed. Byla v\u0161ak p\u0159\u00edli\u0161 mlad\u00e1, ne\u017e aby mohla odhadnout, co v\u0161echno ji je\u0161t\u011b \u010dek\u00e1. Byla ale pln\u011b rozhodnuta svou osobn\u00ed v\u00e1lku vyhr\u00e1t. Bude hrd\u00e1 a nenech\u00e1 se zlomit. Ve sv\u011bt\u011b, kde vl\u00e1dnou mu\u017ei, z\u016fstane na\u017eivu a ud\u011bl\u00e1 v\u0161e, co bude pot\u0159eba, aby dos\u00e1hla sv\u00e9ho c\u00edle.<\/p>\n<p style=\"font-weight: 400;\">Nov\u00e1 slu\u017eebn\u00e1 Adele pom\u016f\u017ee sv\u00fdm p\u0159\u00edstupem p\u0159eklenout propast, kter\u00e1 vznikla v\u00a0jej\u00ed du\u0161i, po smrti otce. Vid\u011bla jeho t\u011blo. D\u00edvala se na jeho tv\u00e1\u0159 a tenkr\u00e1t je\u0161t\u011b v\u011b\u0159ila, \u017ee to nen\u00ed skute\u010dn\u00e9, \u017ee se ka\u017ed\u00fdm momentem znovu nadechne a v\u0161echny je zachr\u00e1n\u00ed. Nyn\u00ed ji\u017e v\u00ed, \u017ee se tak nikdy nestane.<\/p>\n<p style=\"font-weight: 400;\">\u201eKdy\u017e bude\u0161 vypadat jako d\u00e1ma, budou se tak k\u00a0tob\u011b chovat,\u201c pravila Adele. Nesta nev\u011bd\u011bla, kdo a pro\u010d j\u00ed chce vid\u011bt, ale byla dostate\u010dn\u011b chytr\u00e1 a bystr\u00e1, aby prokoukla kdejakou lest. Byla cenn\u00fdm zbo\u017e\u00edm. Za\u010dal jej\u00ed vlastn\u00ed boj. Boj o p\u0159e\u017eit\u00ed. P\u0159i \u017eivot\u011b Nestu dr\u017eela jej\u00ed touha po pomst\u011b, bezpe\u010d\u00ed, znovunalezen\u00ed matky a shled\u00e1n\u00ed se s\u00a0jej\u00edm bratrem.<\/p>\n<p style=\"font-weight: 400;\">Po sv\u00e9m zajet\u00ed Nesta netu\u0161ila, \u017ee se bude muset st\u00e1t konkub\u00ednou Jind\u0159icha. Jak se ale Nesta zachov\u00e1 pot\u00e9, co je nab\u00eddnuta jako man\u017eelka ambici\u00f3zn\u00edmu ryt\u00ed\u0159i Geraldu FitzWalterovi?<\/p>\n<p style=\"font-weight: 400;\">Kniha Kr\u00e1l\u016fv klenot je dal\u0161\u00edm \u00fa\u017easn\u00fdm po\u010dinem zn\u00e1m\u00e9 autorky Elizabeth Chadwickov\u00e9, kter\u00e1 m\u00e1 ji\u017e takovou oblibu u \u010dten\u00e1\u0159\u016f, \u017ee z\u00edskala ocen\u011bn\u00ed nejlep\u0161\u00ed sou\u010dasn\u00e9 anglick\u00e9 spisovatelky historick\u00fdch rom\u00e1n\u016f. P\u0159ipomenout si m\u016f\u017eeme nap\u0159. jej\u00ed knihy S\u0148atek lv\u016f nebo P\u0159\u00edchod vlka. Na prvn\u00ed pohled \u010dten\u00e1\u0159e zaujme ji\u017e kr\u00e1sn\u00e1 a opravdu vkusn\u00e1 ob\u00e1lka knihy. \u00a0<\/p>\n<p style=\"font-weight: 400;\">Tak co mysl\u00edte, stanete se i vy nov\u00fdmi fanou\u0161ky Elizabeth Chadwickov\u00e9?<\/p>\n<p style=\"font-weight: 400;\">\u00a0<\/p>\n<p style=\"font-weight: 400;\">\u00a0<\/p>\n<p style=\"font-weight: 400;\">Eva Mare\u0161ov\u00e1<\/p>\n<p>Autor:\u00a0Eva Mare\u0161ov\u00e1<\/p>\n","protected":false},"excerpt":{"rendered":"<p>Autorka knihy Kr\u00e1l\u016fv klenot v\u011brohodn\u011b zachycuje ud\u00e1losti st\u0159edov\u011bk\u00e9 Anglie. Emoce v\u00e1m rozv\u00ed\u0159\u00ed hned od prvn\u00ed strany. Jak moc byla krut\u00e1 doba dobyt\u00ed Anglie Normany? M\u00e1 princezna Nesta v\u016fbec \u0161anci p\u0159e\u017e\u00edt?<\/p>\n","protected":false},"author":2,"featured_media":324337,"comment_status":"open","ping_status":"open","sticky":false,"template":"","format":"standard","meta":{"_acf_changed":false,"_monsterinsights_skip_tracking":false,"_monsterinsights_sitenote_active":false,"_monsterinsights_sitenote_note":"","_monsterinsights_sitenote_category":0,"_EventAllDay":false,"_EventTimezone":"","_EventStartDate":"","_EventEndDate":"","_EventStartDateUTC":"","_EventEndDateUTC":"","_EventShowMap":false,"_EventShowMapLink":false,"_EventURL":"","_EventCost":"","_EventCostDescription":"","_EventCurrencySymbol":"","_EventCurrencyCode":"","_EventCurrencyPosition":"","_EventDateTimeSeparator":"","_EventTimeRangeSeparator":"","_EventOrganizerID":[],"_EventVenueID":[],"_OrganizerEmail":"","_OrganizerPhone":"","_OrganizerWebsite":"","_VenueAddress":"","_VenueCity":"","_VenueCountry":"","_VenueProvince":"","_VenueState":"","_VenueZip":"","_VenuePhone":"","_VenueURL":"","_VenueStateProvince":"","_VenueLat":"","_VenueLng":"","_VenueShowMap":false,"_VenueShowMapLink":false,"twitterCardType":"","cardImageID":0,"cardImage":"","cardTitle":"","cardDesc":"","cardImageAlt":"","cardPlayer":"","cardPlayerWidth":0,"cardPlayerHeight":0,"cardPlayerStream":"","cardPlayerCodec":"","footnotes":""},"categories":[7],"tags":[21832],"class_list":["post-324336","post","type-post","status-publish","format-standard","has-post-thumbnail","hentry","category-recenze","tag-literarni-kavarna"],"acf":{"related_products":null},"_links":{"self":[{"href":"https:\/\/www.luxor.cz\/blog\/wp-json\/wp\/v2\/posts\/324336","targetHints":{"allow":["GET"]}}],"collection":[{"href":"https:\/\/www.luxor.cz\/blog\/wp-json\/wp\/v2\/posts"}],"about":[{"href":"https:\/\/www.luxor.cz\/blog\/wp-json\/wp\/v2\/types\/post"}],"author":[{"embeddable":true,"href":"https:\/\/www.luxor.cz\/blog\/wp-json\/wp\/v2\/users\/2"}],"replies":[{"embeddable":true,"href":"https:\/\/www.luxor.cz\/blog\/wp-json\/wp\/v2\/comments?post=324336"}],"version-history":[{"count":0,"href":"https:\/\/www.luxor.cz\/blog\/wp-json\/wp\/v2\/posts\/324336\/revisions"}],"wp:featuredmedia":[{"embeddable":true,"href":"https:\/\/www.luxor.cz\/blog\/wp-json\/wp\/v2\/media\/324337"}],"wp:attachment":[{"href":"https:\/\/www.luxor.cz\/blog\/wp-json\/wp\/v2\/media?parent=324336"}],"wp:term":[{"taxonomy":"category","embeddable":true,"href":"https:\/\/www.luxor.cz\/blog\/wp-json\/wp\/v2\/categories?post=324336"},{"taxonomy":"post_tag","embeddable":true,"href":"https:\/\/www.luxor.cz\/blog\/wp-json\/wp\/v2\/tags?post=324336"}],"curies":[{"name":"wp","href":"https:\/\/api.w.org\/{rel}","templated":true}]}}