{"id":324330,"date":"2025-05-17T10:00:07","date_gmt":"2025-05-17T08:00:07","guid":{"rendered":"https:\/\/www.luxor.cz\/blog\/nezarazene\/64302-divna-postava-pred-tvym-oknem-mas-strach\/"},"modified":"2025-05-17T10:00:07","modified_gmt":"2025-05-17T08:00:07","slug":"64302-divna-postava-pred-tvym-oknem-mas-strach","status":"publish","type":"post","link":"https:\/\/www.luxor.cz\/blog\/recenze\/64302-divna-postava-pred-tvym-oknem-mas-strach\/","title":{"rendered":"Divn\u00e1 postava p\u0159ed tv\u00fdm oknem. M\u00e1\u0161 strach?"},"content":{"rendered":"<p style=\"font-weight: 400;\">Hlavn\u00ed postava knihy Eda, je d\u016fchodce \u017eij\u00edc\u00ed v mal\u00e9 vesnici u Pardubic. Ned\u00e1vno p\u0159i\u0161el o svou \u017eenu p\u0159i autonehod\u011b, kdy\u017e se vraceli dom\u016f od sv\u00e9 dcery. Ed se s touto tragickou ud\u00e1lost\u00ed st\u00e1le nedok\u00e1\u017ee vyrovnat. V\u0161e si d\u00e1v\u00e1 za vinu, stran\u00ed se lidem, skl\u00e1d\u00e1 melancholick\u00e9 b\u00e1sn\u011b a spole\u010dnost mu doma d\u011bl\u00e1 u\u017e jen jeho pes Akim a ob\u010das kamar\u00e1d Ale\u0161.<\/p>\n<p style=\"font-weight: 400;\">Kdy\u017e se rozhodne nav\u0161t\u00edvit m\u00edstn\u00ed hospodu, aby vid\u011bl po del\u0161\u00ed dob\u011b sv\u00e9 p\u0159\u00e1tele, nikdo nemluv\u00ed o ni\u010dem jin\u00e9m ne\u017e o ud\u00e1losti, kterou te\u010f \u017eije cel\u00e1 vesnice. N\u011bkdo jim zab\u00edj\u00ed psi. V\u0161e za\u010dalo otr\u00e1ven\u00fdmi n\u00e1vnadami, ale nyn\u00ed je cel\u00e1 situace je\u0161t\u011b d\u011bsiv\u011bj\u0161\u00ed. N\u011bkdo zab\u00edj\u00ed psi st\u0159elbou z ku\u0161e. Proboha, komu vad\u00ed psi tak moc, \u017ee je mus\u00ed systematicky vra\u017edit. Po\u010dkat! Systematicky? Nebo n\u00e1hodn\u011b? Podle \u010deho doty\u010dn\u00fd vyb\u00edr\u00e1, kter\u00e9 psi zabije? A pro\u010d v n\u011bkter\u00e9 rodin\u011b za\u00fato\u010dil dokonce dvakr\u00e1t a n\u011bkter\u00e9 psi nechal d\u00e1l \u017e\u00edt? A pro\u010d pou\u017e\u00edv\u00e1 ku\u0161, v\u017edy\u0165 by mu do r\u00e1ny mohlo klidn\u011b vb\u011bhnout d\u00edt\u011b? Spousta ot\u00e1zek bez odpov\u011bd\u00ed\u2026<\/p>\n<p style=\"font-weight: 400;\">Zvl\u00e1\u0161tn\u00edch ud\u00e1lost\u00ed v\u0161ak nen\u00ed konec. Kdo je ten podivn\u00fd t\u00fdpek, kter\u00fd Edu \u0161m\u00edruje? Kouk\u00e1 p\u0159\u00edmo na n\u011bj. Vid\u011bl ho u\u017e i v Pardubic\u00edch a nyn\u00ed stoj\u00ed p\u0159ed jeho domem. Nem\u016f\u017ee se tedy jednat o n\u00e1hodu, nemohl si Edu s nik\u00fdm spl\u00e9st. Nav\u00edc si musel n\u011bjak zjistit jeho adresu. Pro\u010d n\u011bkomu stoj\u00ed za to \u0161m\u00edrovat star\u00e9ho opu\u0161t\u011bn\u00e9ho d\u016fchodce? Co m\u00e1 ten morous za lubem? A nen\u00ed to n\u00e1hodou stejn\u00fd \u010dlov\u011bk, kter\u00fd vra\u017ed\u00ed psi?<\/p>\n<p style=\"font-weight: 400;\">Autorka se v knize zam\u011b\u0159uje na pocit viny, p\u0159ich\u00e1zej\u00edc\u00ed st\u00e1\u0159\u00ed, zoufalstv\u00ed a opu\u0161t\u011bnost. V\u00fdborn\u011b se ujala tak\u00e9 dal\u0161\u00edch velmi znepokojiv\u00fdch \u017eivotn\u00edch t\u00e9mat, kter\u00e9 v\u00e1m ov\u0161em nebudu p\u0159edem prozrazovat. Psychologie hlavn\u00ed postavy je v\u00fdborn\u011b zpracov\u00e1na a dok\u00e1\u017eeme se do n\u00ed a\u017e p\u0159ekvapivou lehkost\u00ed v\u017e\u00edt. Minusem knihy pro m\u011b byly zdlouhav\u011bj\u0161\u00ed hospodsk\u00e9 rozhovory a p\u0159em\u00edt\u00e1n\u00ed o zabij\u00e1kovi ps\u016f. Bohu\u017eel jsem brzy p\u0159i\u0161la i na to, kdo je Ed\u016fv \u0161m\u00edr\u00e1k. Z\u00e1v\u011br knihy v\u0161ak byl opravdu p\u0159ekvapiv\u00fd a neo\u010dek\u00e1van\u00fd a doslov v\u0161e objasnil. Knihu bych rozhodn\u011b doporu\u010dila t\u011bm, kte\u0159\u00ed si r\u00e1di p\u0159e\u010dtou detektivku, ale netou\u017e\u00ed po drsn\u011bj\u0161\u00edch sc\u00e9n\u00e1ch, a naopak ocen\u00ed oby\u010dejn\u011bj\u0161\u00ed t\u00e9ma z ka\u017edodenn\u00edho \u017eivota.<\/p>\n<p style=\"font-weight: 400;\">\u00a0<\/p>\n<p style=\"font-weight: 400;\">\u00a0<\/p>\n<p style=\"font-weight: 400;\">Mark\u00e9ta Posp\u00ed\u0161ilov\u00e1<\/p>\n<p>Autor:\u00a0Mark\u00e9ta Posp\u00ed\u0161ilov\u00e1<\/p>\n","protected":false},"excerpt":{"rendered":"<p>Ka\u017ed\u00fd zn\u00e1 ka\u017ed\u00e9ho, v\u0161ichni dob\u0159e v\u011bd\u00ed o tom, co se kde d\u011bje a \u017e\u00e1dn\u00e9 novinky neprojdou bez pov\u0161imnut\u00ed. To je \u017eivot na vesnici\u2026. Kdy\u017e se ale za\u010dne d\u00edt n\u011bco hodn\u011b divn\u00e9ho, budou si m\u00edstn\u00ed navz\u00e1jem v\u011b\u0159it, nebo za\u010dnou hledat vin\u00edky pr\u00e1v\u011b ve sv\u00fdch vod\u00e1ch?<\/p>\n","protected":false},"author":2,"featured_media":324331,"comment_status":"open","ping_status":"open","sticky":false,"template":"","format":"standard","meta":{"_acf_changed":false,"_monsterinsights_skip_tracking":false,"_monsterinsights_sitenote_active":false,"_monsterinsights_sitenote_note":"","_monsterinsights_sitenote_category":0,"_EventAllDay":false,"_EventTimezone":"","_EventStartDate":"","_EventEndDate":"","_EventStartDateUTC":"","_EventEndDateUTC":"","_EventShowMap":false,"_EventShowMapLink":false,"_EventURL":"","_EventCost":"","_EventCostDescription":"","_EventCurrencySymbol":"","_EventCurrencyCode":"","_EventCurrencyPosition":"","_EventDateTimeSeparator":"","_EventTimeRangeSeparator":"","_EventOrganizerID":[],"_EventVenueID":[],"_OrganizerEmail":"","_OrganizerPhone":"","_OrganizerWebsite":"","_VenueAddress":"","_VenueCity":"","_VenueCountry":"","_VenueProvince":"","_VenueState":"","_VenueZip":"","_VenuePhone":"","_VenueURL":"","_VenueStateProvince":"","_VenueLat":"","_VenueLng":"","_VenueShowMap":false,"_VenueShowMapLink":false,"twitterCardType":"","cardImageID":0,"cardImage":"","cardTitle":"","cardDesc":"","cardImageAlt":"","cardPlayer":"","cardPlayerWidth":0,"cardPlayerHeight":0,"cardPlayerStream":"","cardPlayerCodec":"","footnotes":""},"categories":[7],"tags":[21832],"class_list":["post-324330","post","type-post","status-publish","format-standard","has-post-thumbnail","hentry","category-recenze","tag-literarni-kavarna"],"acf":{"related_products":null},"_links":{"self":[{"href":"https:\/\/www.luxor.cz\/blog\/wp-json\/wp\/v2\/posts\/324330","targetHints":{"allow":["GET"]}}],"collection":[{"href":"https:\/\/www.luxor.cz\/blog\/wp-json\/wp\/v2\/posts"}],"about":[{"href":"https:\/\/www.luxor.cz\/blog\/wp-json\/wp\/v2\/types\/post"}],"author":[{"embeddable":true,"href":"https:\/\/www.luxor.cz\/blog\/wp-json\/wp\/v2\/users\/2"}],"replies":[{"embeddable":true,"href":"https:\/\/www.luxor.cz\/blog\/wp-json\/wp\/v2\/comments?post=324330"}],"version-history":[{"count":0,"href":"https:\/\/www.luxor.cz\/blog\/wp-json\/wp\/v2\/posts\/324330\/revisions"}],"wp:featuredmedia":[{"embeddable":true,"href":"https:\/\/www.luxor.cz\/blog\/wp-json\/wp\/v2\/media\/324331"}],"wp:attachment":[{"href":"https:\/\/www.luxor.cz\/blog\/wp-json\/wp\/v2\/media?parent=324330"}],"wp:term":[{"taxonomy":"category","embeddable":true,"href":"https:\/\/www.luxor.cz\/blog\/wp-json\/wp\/v2\/categories?post=324330"},{"taxonomy":"post_tag","embeddable":true,"href":"https:\/\/www.luxor.cz\/blog\/wp-json\/wp\/v2\/tags?post=324330"}],"curies":[{"name":"wp","href":"https:\/\/api.w.org\/{rel}","templated":true}]}}